{"id":53315,"date":"2014-11-14T09:36:40","date_gmt":"2014-11-14T12:36:40","guid":{"rendered":"http:\/\/www.eltrabajo.cl\/portal\/?p=53315"},"modified":"2014-11-14T09:36:40","modified_gmt":"2014-11-14T12:36:40","slug":"autoridades-e-intendente-inician-obras-de-tramo-de-ruta-60-ch","status":"publish","type":"post","link":"https:\/\/eltrabajo.cl\/portal\/autoridades-e-intendente-inician-obras-de-tramo-de-ruta-60-ch\/","title":{"rendered":"Autoridades e Intendente inician obras de tramo de Ruta 60 CH"},"content":{"rendered":"<figure id=\"attachment_53316\" aria-describedby=\"caption-attachment-53316\" style=\"width: 528px\" class=\"wp-caption alignnone\"><a href=\"https:\/\/i0.wp.com\/www.eltrabajo.cl\/portal\/wp-content\/uploads\/2014\/11\/RutaPanquehue1.jpg\"><img data-recalc-dims=\"1\" loading=\"lazy\" decoding=\"async\" class=\"size-full wp-image-53316\" src=\"https:\/\/i0.wp.com\/www.eltrabajo.cl\/portal\/wp-content\/uploads\/2014\/11\/RutaPanquehue1.jpg?resize=528%2C334\" alt=\"La autoridad comunal valor\u00f3 junto a su par de Panquehue, Luis Pradenas, que se inicien los trabajos de un proyecto anhelado por los aconcag\u00fcinos.\" width=\"528\" height=\"334\" srcset=\"https:\/\/i0.wp.com\/eltrabajo.cl\/portal\/wp-content\/uploads\/2014\/11\/RutaPanquehue1.jpg?w=528&amp;ssl=1 528w, https:\/\/i0.wp.com\/eltrabajo.cl\/portal\/wp-content\/uploads\/2014\/11\/RutaPanquehue1.jpg?resize=200%2C126&amp;ssl=1 200w, https:\/\/i0.wp.com\/eltrabajo.cl\/portal\/wp-content\/uploads\/2014\/11\/RutaPanquehue1.jpg?resize=300%2C189&amp;ssl=1 300w, https:\/\/i0.wp.com\/eltrabajo.cl\/portal\/wp-content\/uploads\/2014\/11\/RutaPanquehue1.jpg?resize=150%2C94&amp;ssl=1 150w, https:\/\/i0.wp.com\/eltrabajo.cl\/portal\/wp-content\/uploads\/2014\/11\/RutaPanquehue1.jpg?resize=400%2C253&amp;ssl=1 400w\" sizes=\"auto, (max-width: 528px) 100vw, 528px\" \/><\/a><figcaption id=\"caption-attachment-53316\" class=\"wp-caption-text\">La autoridad comunal valor\u00f3 junto a su par de Panquehue, Luis Pradenas, que se inicien los trabajos de un proyecto anhelado por los aconcag\u00fcinos.<\/figcaption><\/figure>\n<p>Mientras hace algunos d\u00edas autoridades visitaron la comuna de Panquehue para dar el vamos a la ejecuci\u00f3n del proyecto de construcci\u00f3n del tramo pendiente de la Ruta 60 CH, en el d\u00eda de ayer fue el propio intendente quien acompa\u00f1ado del Gobernador Eduardo Le\u00f3n, los alcaldes Patricio Freire, Luis Pradenas y el Seremi de Obras P\u00fablicas Miguel Saavedra, dieron el vamos a la ejecuci\u00f3n de obras por el lado de la comuna de San Felipe.<br \/>\nSeg\u00fan dijo el intendente Bravo, la ejecuci\u00f3n de obras responde a la disposici\u00f3n del gobierno de la Presidenta Bachelet, de destrabar proyectos pendientes para favorecer el desarrollo y de paso, el empleo en la zona. Explic\u00f3 que en este caso puntual, hay un compromiso que estaba pendiente, en t\u00e9rminos de ejecutar esta iniciativa anhelada por todos y adem\u00e1s, la necesidad de avanzar en lo relativo a este llamado corredor bi-oce\u00e1nico. A\u00f1adi\u00f3 que en este caso, ya no existe ninguna posibilidad de intervenir o modificar lo dispuesto, ya que por ejemplo, el trazado de la ruta est\u00e1 definido y eso no est\u00e1 sujeto a discusi\u00f3n.<br \/>\n\u201cPor eso es tan importante que echemos adelante este proyecto, saquemos las trabas, saquemos los celos y tomemos decisiones con respecto este tipo de obras que hace muchos a\u00f1os estamos esperando\u201d, se\u00f1al\u00f3 el intendente Bravo.<br \/>\nEn tanto Saavedra manifest\u00f3 que la visita del Intendente ratifica los anuncios que se hicieron en su momento, en cuanto a que se desplegar\u00edan los m\u00e1ximos esfuerzos para zanjar un proyecto que por a\u00f1os ha esperado para ser ejecutado, al menos este tramo.<br \/>\nDestac\u00f3 por ejemplo, que ya en los pr\u00f3ximos d\u00edas ser\u00e1 posible apreciar la ejecuci\u00f3n de obras de movimiento tierra, en el tramo correspondiente a los kil\u00f3metros 20 al 25, es decir, entre el Enlace Monasterio hasta el sector Puente Las Tinajas. En paralelo, se\u00f1al\u00f3 que se avanzar\u00e1 en sector Lo Campo.<br \/>\nEn tanto, el alcalde Patricio Freire valor\u00f3 el hecho que se haya iniciado la ejecuci\u00f3n del proyecto en el lado de San Felipe, explicando que contar con una carretera de alto est\u00e1ndar, de car\u00e1cter internacional, es una demanda que todos los aconcag\u00fcinos realizan hace muchos a\u00f1os.<br \/>\n\u201cEs muy importante esta carretera, que es bi-oce\u00e1nica, porque podremos sacar los camiones de alto tonelaje de las v\u00edas interiores de nuestras comunas y eso para nosotros es un gran alivio. Esto va a significar para los vecinos y vecinas del valle de Aconcagua, una conectividad relevante, con tiempos de viaje m\u00e1s cortos, en relaci\u00f3n a lo que ocurre hoy en d\u00eda\u201d, manifest\u00f3 el Alcalde Freire.<\/p>\n","protected":false},"excerpt":{"rendered":"<p>Mientras hace algunos d\u00edas autoridades visitaron la comuna de Panquehue para dar el vamos a la ejecuci\u00f3n del proyecto de construcci\u00f3n del tramo pendiente de la Ruta 60 CH, en el d\u00eda&#8230;<\/p>\n","protected":false},"author":482,"featured_media":53316,"comment_status":"open","ping_status":"closed","sticky":false,"template":"","format":"standard","meta":{"advanced_seo_description":"","jetpack_seo_html_title":"","jetpack_seo_noindex":false,"_jetpack_memberships_contains_paid_content":false,"footnotes":""},"categories":[15],"tags":[],"class_list":["post-53315","post","type-post","status-publish","format-standard","has-post-thumbnail","hentry","category-comunidad"],"jetpack_featured_media_url":"https:\/\/i0.wp.com\/eltrabajo.cl\/portal\/wp-content\/uploads\/2014\/11\/RutaPanquehue1.jpg?fit=528%2C334&ssl=1","jetpack_sharing_enabled":true,"jetpack_likes_enabled":true,"jetpack-related-posts":[],"_links":{"self":[{"href":"https:\/\/eltrabajo.cl\/portal\/wp-json\/wp\/v2\/posts\/53315","targetHints":{"allow":["GET"]}}],"collection":[{"href":"https:\/\/eltrabajo.cl\/portal\/wp-json\/wp\/v2\/posts"}],"about":[{"href":"https:\/\/eltrabajo.cl\/portal\/wp-json\/wp\/v2\/types\/post"}],"author":[{"embeddable":true,"href":"https:\/\/eltrabajo.cl\/portal\/wp-json\/wp\/v2\/users\/482"}],"replies":[{"embeddable":true,"href":"https:\/\/eltrabajo.cl\/portal\/wp-json\/wp\/v2\/comments?post=53315"}],"version-history":[{"count":0,"href":"https:\/\/eltrabajo.cl\/portal\/wp-json\/wp\/v2\/posts\/53315\/revisions"}],"wp:featuredmedia":[{"embeddable":true,"href":"https:\/\/eltrabajo.cl\/portal\/wp-json\/wp\/v2\/media\/53316"}],"wp:attachment":[{"href":"https:\/\/eltrabajo.cl\/portal\/wp-json\/wp\/v2\/media?parent=53315"}],"wp:term":[{"taxonomy":"category","embeddable":true,"href":"https:\/\/eltrabajo.cl\/portal\/wp-json\/wp\/v2\/categories?post=53315"},{"taxonomy":"post_tag","embeddable":true,"href":"https:\/\/eltrabajo.cl\/portal\/wp-json\/wp\/v2\/tags?post=53315"}],"curies":[{"name":"wp","href":"https:\/\/api.w.org\/{rel}","templated":true}]}}