{"id":53331,"date":"2014-11-14T09:49:10","date_gmt":"2014-11-14T12:49:10","guid":{"rendered":"http:\/\/www.eltrabajo.cl\/portal\/?p=53331"},"modified":"2014-11-14T09:49:10","modified_gmt":"2014-11-14T12:49:10","slug":"colombianos-formalizados-por-secuestro-homicidio-frustrado-y-robo-con-intimidacion","status":"publish","type":"post","link":"https:\/\/eltrabajo.cl\/portal\/colombianos-formalizados-por-secuestro-homicidio-frustrado-y-robo-con-intimidacion\/","title":{"rendered":"Colombianos formalizados por Secuestro, Homicidio frustrado y Robo con intimidaci\u00f3n"},"content":{"rendered":"<figure id=\"attachment_53332\" aria-describedby=\"caption-attachment-53332\" style=\"width: 400px\" class=\"wp-caption alignleft\"><a href=\"https:\/\/i0.wp.com\/www.eltrabajo.cl\/portal\/wp-content\/uploads\/2014\/11\/Colombo1.jpg\"><img data-recalc-dims=\"1\" loading=\"lazy\" decoding=\"async\" class=\"wp-image-53332\" src=\"https:\/\/i0.wp.com\/www.eltrabajo.cl\/portal\/wp-content\/uploads\/2014\/11\/Colombo1.jpg?resize=400%2C228\" alt=\"Los detenidos fueron identificados como\u00a0Hamilton Asprilla Hurtado, de 34 a\u00f1os y Jos\u00e9 Juan Cabezas Renter\u00eda, de 33.\" width=\"400\" height=\"228\" srcset=\"https:\/\/i0.wp.com\/eltrabajo.cl\/portal\/wp-content\/uploads\/2014\/11\/Colombo1.jpg?w=529&amp;ssl=1 529w, https:\/\/i0.wp.com\/eltrabajo.cl\/portal\/wp-content\/uploads\/2014\/11\/Colombo1.jpg?resize=200%2C114&amp;ssl=1 200w, https:\/\/i0.wp.com\/eltrabajo.cl\/portal\/wp-content\/uploads\/2014\/11\/Colombo1.jpg?resize=300%2C171&amp;ssl=1 300w, https:\/\/i0.wp.com\/eltrabajo.cl\/portal\/wp-content\/uploads\/2014\/11\/Colombo1.jpg?resize=150%2C85&amp;ssl=1 150w, https:\/\/i0.wp.com\/eltrabajo.cl\/portal\/wp-content\/uploads\/2014\/11\/Colombo1.jpg?resize=400%2C228&amp;ssl=1 400w\" sizes=\"auto, (max-width: 400px) 100vw, 400px\" \/><\/a><figcaption id=\"caption-attachment-53332\" class=\"wp-caption-text\">Los detenidos fueron identificados como\u00a0Hamilton Asprilla Hurtado, de 34 a\u00f1os y Jos\u00e9 Juan Cabezas Renter\u00eda, de 33.<\/figcaption><\/figure>\n<p><strong>LOS ANDES.<\/strong>&#8211; Rencillas anteriores y un eventual silenciamiento para tapar otros delitos, habr\u00edan motivado el secuestro de un taxista a manos de ciudadanos colombianos, quienes incluso trataron de matarlo al dejarlo que se sofocara al interior del portamaletas de su veh\u00edculo. As\u00ed se desprende de los antecedentes que obran en la carpeta investigativa del Ministerio P\u00fablico, cuyo Fiscal Jorge Alfaro formaliz\u00f3 a dos de los cuatro presuntos autores por los delitos de Secuestro, Robo con intimidaci\u00f3n y Homicidio frustrado. Estos fueron identificados como\u00a0Hamilton Asprilla Hurtado, de 34 a\u00f1os y Jos\u00e9 Juan Cabezas Renter\u00eda, de 33.<\/p>\n<figure id=\"attachment_53333\" aria-describedby=\"caption-attachment-53333\" style=\"width: 400px\" class=\"wp-caption alignright\"><a href=\"https:\/\/i0.wp.com\/www.eltrabajo.cl\/portal\/wp-content\/uploads\/2014\/11\/Colombo2.jpg\"><img data-recalc-dims=\"1\" loading=\"lazy\" decoding=\"async\" class=\"wp-image-53333\" src=\"https:\/\/i0.wp.com\/www.eltrabajo.cl\/portal\/wp-content\/uploads\/2014\/11\/Colombo2.jpg?resize=400%2C247\" alt=\"La Magistrado Valeria Crosa consider\u00f3 que con los antecedentes expuestos no estaba acreditada la participaci\u00f3n de los imputados en estos delitos.\" width=\"400\" height=\"247\" srcset=\"https:\/\/i0.wp.com\/eltrabajo.cl\/portal\/wp-content\/uploads\/2014\/11\/Colombo2.jpg?w=529&amp;ssl=1 529w, https:\/\/i0.wp.com\/eltrabajo.cl\/portal\/wp-content\/uploads\/2014\/11\/Colombo2.jpg?resize=200%2C123&amp;ssl=1 200w, https:\/\/i0.wp.com\/eltrabajo.cl\/portal\/wp-content\/uploads\/2014\/11\/Colombo2.jpg?resize=300%2C184&amp;ssl=1 300w, https:\/\/i0.wp.com\/eltrabajo.cl\/portal\/wp-content\/uploads\/2014\/11\/Colombo2.jpg?resize=150%2C92&amp;ssl=1 150w, https:\/\/i0.wp.com\/eltrabajo.cl\/portal\/wp-content\/uploads\/2014\/11\/Colombo2.jpg?resize=400%2C246&amp;ssl=1 400w\" sizes=\"auto, (max-width: 400px) 100vw, 400px\" \/><\/a><figcaption id=\"caption-attachment-53333\" class=\"wp-caption-text\">La Magistrado Valeria Crosa consider\u00f3 que con los antecedentes expuestos no estaba acreditada la participaci\u00f3n de los imputados en estos delitos.<\/figcaption><\/figure>\n<p><strong>EL SECUESTRO<\/strong><br \/>\nSeg\u00fan expuso el persecutor en la Audiencia de Formalizaci\u00f3n efectuada en el Tribunal de Garant\u00eda de Los Andes, entre las 2:30 y 3:00 de la madrugada del mi\u00e9rcoles, el taxista A.B.O.P., de 30 a\u00f1os, se encontraba estacionado con su veh\u00edculo en las afueras de una estaci\u00f3n de servicio de Avenida Santa Teresa a la espera del llamado para un servicio de radiotaxi. En estas circunstancias se le acercaron cuatro sujetos quienes le solicitaron una carrera hasta la comuna de San Esteban.<br \/>\nDurante el trayecto uno de ellos le pidi\u00f3 que se detuviera para poder orinar y cuando par\u00f3 el veh\u00edculo, tres de ellos se abalanzaron sobre \u00e9l golpe\u00e1ndolo, para luego y bajo intimidaci\u00f3n, amarrarle las manos y cubrirle la cabeza con la capucha del poler\u00f3n, adem\u00e1s de taparle la boca y con cinta adhesiva para que muriera asfixiado.<br \/>\nActo seguido, uno de los secuestradores se comunic\u00f3 v\u00eda telef\u00f3nica con otra persona, inform\u00e1ndole que \u2018hab\u00eda ca\u00eddo uno y qu\u00e9 hac\u00edan con \u00e9l\u2019. Fue all\u00ed cuando lo obligaron a ingresar al portamaletas y emprendieron rumbo desconocido. Los maleantes dieron vueltas por varias horas hasta llegar a Callej\u00f3n Las 3 Mar\u00edas en el sector El Pino en Tocornal, donde dejaron abandonado el m\u00f3vil en la ribera de R\u00edo Aconcagua, a fin de que su conductor muriera sofocado.<\/p>\n<p><strong>LOGRA ESCAPAR<\/strong><br \/>\nAntes de retirarse los secuestradores le sustrajeron a la v\u00edctima los tres tel\u00e9fonos celulares que portaba. Sin embargo, a eso de las 12:00 horas el chofer logr\u00f3 cortarse las amarras de las manos con unos fierros de la cajuela y como conoc\u00eda el m\u00f3vil, pudo abrir la cajuela y salir. De all\u00ed se dirigi\u00f3 hasta un camino de tierra, donde pidi\u00f3 auxilio al chofer de una camioneta, quien llam\u00f3 a Carabineros.<br \/>\nEn el intertanto, un hermano de la v\u00edctima hab\u00eda estampado una denuncia por presunta desgracia en la PDI, recayendo el caso en la Brigada de Homicidios.<br \/>\nEl Jefe de esa unidad, Comisario Carlos Alegr\u00eda, indic\u00f3 tras realizar diligencias durante la ma\u00f1ana del mi\u00e9rcoles se pudo establecer que este secuestro se realizaba por ciudadanos de nacionalidad colombiana.<br \/>\nUna vez que fue encontraba la v\u00edctima, \u00e9sta dio luces a la Polic\u00eda respecto de quienes podr\u00edan ser los autores del rapto, resultando ser uno de ellos uno con quien habr\u00eda mantenido rencillas y de quien recibi\u00f3 amenazas v\u00eda mensaje de texto.<br \/>\nEl Comisario Alegr\u00eda precis\u00f3 que est\u00e1n trabajando en la detenci\u00f3n de los otros dos autores de este il\u00edcito, quienes tambi\u00e9n son de nacionalidad colombiana y todos tendr\u00edan domicilio en la ciudad de Los Andes. Por la gravedad de los delitos los ciudadanos colombianos fueron considerados un peligro para la seguridad de la sociedad, solicitando el Fiscal Jorge Alfaro la Prisi\u00f3n Preventiva.<br \/>\nSin embargo, la Magistrado Valeria Crosa consider\u00f3 que con los antecedentes expuestos no estaba acreditada la participaci\u00f3n de los imputados en estos delitos, existiendo dudas razonables y por ello no dio a lugar la privaci\u00f3n de libertad. Ante esto, el Fiscal Alfaro apel\u00f3 verbalmente ante la Corte de Apelaciones, por lo cual los colombianos seguir\u00e1n detenidos hasta que el tribunal de alzada se pronuncie.<br \/>\nAdem\u00e1s, se fij\u00f3 un plazo de cinco meses para el cierre judicial de la investigaci\u00f3n. Cabe consignar que el conductor del radiotaxi hab\u00eda sido formalizado en agosto de este a\u00f1o, luego de golpear a su mujer en la v\u00eda p\u00fablica y fracturarle la nariz.<\/p>\n","protected":false},"excerpt":{"rendered":"<p>LOS ANDES.&#8211; Rencillas anteriores y un eventual silenciamiento para tapar otros delitos, habr\u00edan motivado el secuestro de un taxista a manos de ciudadanos colombianos, quienes incluso trataron de matarlo al dejarlo que&#8230;<\/p>\n","protected":false},"author":482,"featured_media":53332,"comment_status":"open","ping_status":"closed","sticky":false,"template":"","format":"standard","meta":{"advanced_seo_description":"","jetpack_seo_html_title":"","jetpack_seo_noindex":false,"_jetpack_memberships_contains_paid_content":false,"footnotes":""},"categories":[21],"tags":[],"class_list":["post-53331","post","type-post","status-publish","format-standard","has-post-thumbnail","hentry","category-policial"],"jetpack_featured_media_url":"https:\/\/i0.wp.com\/eltrabajo.cl\/portal\/wp-content\/uploads\/2014\/11\/Colombo1.jpg?fit=529%2C302&ssl=1","jetpack_sharing_enabled":true,"jetpack_likes_enabled":true,"jetpack-related-posts":[],"_links":{"self":[{"href":"https:\/\/eltrabajo.cl\/portal\/wp-json\/wp\/v2\/posts\/53331","targetHints":{"allow":["GET"]}}],"collection":[{"href":"https:\/\/eltrabajo.cl\/portal\/wp-json\/wp\/v2\/posts"}],"about":[{"href":"https:\/\/eltrabajo.cl\/portal\/wp-json\/wp\/v2\/types\/post"}],"author":[{"embeddable":true,"href":"https:\/\/eltrabajo.cl\/portal\/wp-json\/wp\/v2\/users\/482"}],"replies":[{"embeddable":true,"href":"https:\/\/eltrabajo.cl\/portal\/wp-json\/wp\/v2\/comments?post=53331"}],"version-history":[{"count":0,"href":"https:\/\/eltrabajo.cl\/portal\/wp-json\/wp\/v2\/posts\/53331\/revisions"}],"wp:featuredmedia":[{"embeddable":true,"href":"https:\/\/eltrabajo.cl\/portal\/wp-json\/wp\/v2\/media\/53332"}],"wp:attachment":[{"href":"https:\/\/eltrabajo.cl\/portal\/wp-json\/wp\/v2\/media?parent=53331"}],"wp:term":[{"taxonomy":"category","embeddable":true,"href":"https:\/\/eltrabajo.cl\/portal\/wp-json\/wp\/v2\/categories?post=53331"},{"taxonomy":"post_tag","embeddable":true,"href":"https:\/\/eltrabajo.cl\/portal\/wp-json\/wp\/v2\/tags?post=53331"}],"curies":[{"name":"wp","href":"https:\/\/api.w.org\/{rel}","templated":true}]}}