{"id":53335,"date":"2014-11-14T09:59:06","date_gmt":"2014-11-14T12:59:06","guid":{"rendered":"http:\/\/www.eltrabajo.cl\/portal\/?p=53335"},"modified":"2014-11-14T10:01:18","modified_gmt":"2014-11-14T13:01:18","slug":"amarrado-a-una-silla-maltratarian-a-nino-de-3-anos-en-colegio-especial","status":"publish","type":"post","link":"https:\/\/eltrabajo.cl\/portal\/amarrado-a-una-silla-maltratarian-a-nino-de-3-anos-en-colegio-especial\/","title":{"rendered":"Amarrado a una silla maltratar\u00edan a ni\u00f1o de 3 a\u00f1os en colegio especial"},"content":{"rendered":"<figure id=\"attachment_53336\" aria-describedby=\"caption-attachment-53336\" style=\"width: 250px\" class=\"wp-caption alignleft\"><a href=\"https:\/\/i0.wp.com\/www.eltrabajo.cl\/portal\/wp-content\/uploads\/2014\/11\/ni%C3%B1o-2.jpg\"><img data-recalc-dims=\"1\" loading=\"lazy\" decoding=\"async\" class=\"wp-image-53336\" src=\"https:\/\/i0.wp.com\/www.eltrabajo.cl\/portal\/wp-content\/uploads\/2014\/11\/ni%C3%B1o-2-170x300.jpg?resize=250%2C439\" alt=\"AMARRADO.- Esta gr\u00e1fica muestra a Sebasti\u00e1n inmovilizado con su cotona hacia la silla.\" width=\"250\" height=\"439\" srcset=\"https:\/\/i0.wp.com\/eltrabajo.cl\/portal\/wp-content\/uploads\/2014\/11\/ni%C3%B1o-2.jpg?resize=170%2C300&amp;ssl=1 170w, https:\/\/i0.wp.com\/eltrabajo.cl\/portal\/wp-content\/uploads\/2014\/11\/ni%C3%B1o-2.jpg?resize=85%2C150&amp;ssl=1 85w, https:\/\/i0.wp.com\/eltrabajo.cl\/portal\/wp-content\/uploads\/2014\/11\/ni%C3%B1o-2.jpg?resize=400%2C702&amp;ssl=1 400w, https:\/\/i0.wp.com\/eltrabajo.cl\/portal\/wp-content\/uploads\/2014\/11\/ni%C3%B1o-2.jpg?w=529&amp;ssl=1 529w\" sizes=\"auto, (max-width: 250px) 100vw, 250px\" \/><\/a><figcaption id=\"caption-attachment-53336\" class=\"wp-caption-text\">AMARRADO.- Esta gr\u00e1fica muestra a Sebasti\u00e1n inmovilizado con su cotona hacia la silla.<\/figcaption><\/figure>\n<p>D\u00e1ndose fuertes golpes al tratar de escapar de las amarras que una parvularia le hace a una silla, gener\u00e1ndole moretones a un peque\u00f1ito de tres a\u00f1os, son los supuestos abusos denunciados por una apoderada a Diario El Trabajo.<br \/>\nUna cr\u00edtica y angustiosa situaci\u00f3n es la que est\u00e1 viviendo Waleska Zegers Olgu\u00edn, joven madre del peque\u00f1o Sebasti\u00e1n de s\u00f3lo tres a\u00f1os, quien fue diagnosticado de S\u00edndrome de West y aparentemente \u00e9l junto a otros ni\u00f1os discapacitados, habr\u00edan sido maltratados f\u00edsica y psicol\u00f3gicamente por una asistente de p\u00e1rvulos en el Colegio Nuevo Horizonte de la comuna de San Felipe.<br \/>\nEstos graves hechos no ser\u00edan un caso aislado, luego que la profesora a cargo del Nivel 4 de un grupo de siete ni\u00f1os, revel\u00f3 que habr\u00edan sido constantemente abusados por una asistente de p\u00e1rvulos a quien se le acusa de haber amarrado a los ni\u00f1os con la cinta de cotona en el respaldo de las sillas para inmovilizarlos, pegar chicles en sus rostros y poner cinta de embalaje en la boca de los peque\u00f1os para silenciarlos.<br \/>\nLas primeras evidencias fueron entregadas por la profesora jefe de este curso directamente a Waleska, quien fue citada en la Plaza de Armas de San Felipe para entregarle un set de fotograf\u00edas donde se ve a Sebasti\u00e1n amarrado a la silla con un chicle en la cabeza.<br \/>\nEn entrevista con la madre de Sebasti\u00e1n, explic\u00f3 a nuestro medio que esta situaci\u00f3n la vendr\u00eda advirtiendo desde hace alg\u00fan tiempo, cuando comenz\u00f3 a descubrir cambios conductuales de su hijo, quien adem\u00e1s presentaba algunos moretones e inflamaciones en su cabeza, de lo cual recib\u00eda como respuesta por las docentes encargadas, que el menor se golpeaba s\u00f3lo por ser demasiado inquieto.<\/p>\n<p><strong>CRUDO RELATO<\/strong><br \/>\n\u201cLa profesora jefe me pidi\u00f3 que nos reuni\u00e9ramos en la plaza para decirme algo muy grave que estaba ocurriendo en el colegio, me cuenta que Sebasti\u00e1n en el curso de \u00e9l y otros ni\u00f1os, es v\u00edctima de maltratos f\u00edsicos y psicol\u00f3gicos, en lo cual a Sebasti\u00e1n le pegaban chicles en la frente, hab\u00edan ni\u00f1os que les pon\u00edan cintas de embalaje en la boca, les pegan cola fr\u00eda en las manos para que no se puedan mover, y la tirita que va detr\u00e1s de la cotona se la colocaron por detr\u00e1s de la silla para que no se pudiera mover\u201d, asegura Waleska.<br \/>\nLa apoderada argumenta que la docente jefe de su hijo le confes\u00f3 que estas situaciones se vendr\u00edan produciendo desde principio de a\u00f1o, y que reci\u00e9n el pasado mi\u00e9rcoles le manifestaron estas crueldades que se estaban produciendo por parte de esta asistente parvularia, quien ser\u00eda denunciada a la Polic\u00eda de Investigaciones luego de reunir pruebas suficientes para respaldar esta grave acusaci\u00f3n.<br \/>\n\u201cSebasti\u00e1n llegaba a la casa con moretones en la cabeza, pero la t\u00eda me explicaba que como era inquieto, \u00e9l se ca\u00eda y se pegaba, pero me enter\u00e9 que era porque mi hijo, donde lo amarraban con la cotona, al tratar de pararse se ca\u00eda y golpeaba. La profesora me asegur\u00f3 que mi hijo estaba siendo maltratado por esta asistente y que ten\u00eda que estar al tanto, porque alzar\u00edan una denuncia ante la Polic\u00eda\u201d, argument\u00f3.<br \/>\nWaleska indic\u00f3 a Diario El Trabajo que existir\u00eda un video y algunos registros de audio para sostener esta denuncia para ser entregada a la Polic\u00eda y los organismos correspondientes, la que ser\u00eda respaldada por un grupo de profesores y otros apoderados, para reunir otras evidencias audiovisuales en que la directora del establecimiento aparentemente estar\u00eda tironeando a ni\u00f1os, adem\u00e1s de registros de audio en donde se revelan algunos tipos de amenazas, donde los docentes ser\u00edan destituidos de sus cargos.<br \/>\nLa afectada se entrevist\u00f3 el d\u00eda de ayer jueves con la Directora del Colegio Nuevo Horizonte, Yamil\u00e9 Ru\u00edz, para obtener una respuesta a esta acusaci\u00f3n y si se iniciar\u00eda una investigaci\u00f3n al respecto. \u201cMe reun\u00ed con la directora, la cual me dijo que esto no era un maltrato y que yo deber\u00eda haber hablado con ella pero sin la prensa. Para m\u00ed fue terrible ver la foto, fue llorar y sentirme culpable por haber dejado a mi hijo en ese colegio, reprocharme porque mi hijo no quer\u00eda ir al colegio, porque me hac\u00eda pataletas. Ahora no lo mandar\u00e9 m\u00e1s a ese colegio\u201d, dijo Waleska.<br \/>\nEl pr\u00f3ximo martes estaremos publicando la versi\u00f3n del Colegio Horizontes, si logramos que su directora nos hable para confirmar o desmentir las acusaciones de esta apoderada.<br \/>\nPablo Salinas Sald\u00edas<\/p>\n<div class=\"tiled-gallery type-rectangular tiled-gallery-unresized\" data-original-width=\"640\" data-carousel-extra='null' itemscope itemtype=\"http:\/\/schema.org\/ImageGallery\" > <div class=\"gallery-row\" style=\"width: 640px; height: 447px;\" data-original-width=\"640\" data-original-height=\"447\" > <div class=\"gallery-group images-1\" style=\"width: 302px; height: 447px;\" data-original-width=\"302\" data-original-height=\"447\" > <div class=\"tiled-gallery-item tiled-gallery-item-large\" itemprop=\"associatedMedia\" itemscope itemtype=\"http:\/\/schema.org\/ImageObject\"> <a href=\"https:\/\/eltrabajo.cl\/portal\/amarrado-a-una-silla-maltratarian-a-nino-de-3-anos-en-colegio-especial\/nino-1-3\/\" border=\"0\" itemprop=\"url\"> <meta itemprop=\"width\" content=\"298\"> <meta itemprop=\"height\" content=\"443\"> <img decoding=\"async\" class=\"\" data-attachment-id=\"53346\" data-orig-file=\"https:\/\/eltrabajo.cl\/portal\/wp-content\/uploads\/2014\/11\/nino-1.jpg\" data-orig-size=\"529,788\" data-comments-opened=\"1\" data-image-meta=\"{&quot;aperture&quot;:&quot;0&quot;,&quot;credit&quot;:&quot;&quot;,&quot;camera&quot;:&quot;&quot;,&quot;caption&quot;:&quot;&quot;,&quot;created_timestamp&quot;:&quot;0&quot;,&quot;copyright&quot;:&quot;&quot;,&quot;focal_length&quot;:&quot;0&quot;,&quot;iso&quot;:&quot;0&quot;,&quot;shutter_speed&quot;:&quot;0&quot;,&quot;title&quot;:&quot;&quot;,&quot;orientation&quot;:&quot;0&quot;}\" data-image-title=\"nino 1\" data-image-description=\"&lt;p&gt;\u00bfQU\u00c9 ES ESTO?.- Estas fotograf\u00edas fueron tomadas por la profesora jefe de Sebasti\u00e1n, donde se refleja un chicle pegado en la cabeza de Sebasti\u00e1n, diagnosticado con S\u00edndrome de West que aparentemente habr\u00eda sido de manos de la asistente de p\u00e1rvulos.&lt;\/p&gt; \" data-medium-file=\"https:\/\/i0.wp.com\/eltrabajo.cl\/portal\/wp-content\/uploads\/2014\/11\/nino-1.jpg?fit=201%2C300&#038;ssl=1\" data-large-file=\"https:\/\/i0.wp.com\/eltrabajo.cl\/portal\/wp-content\/uploads\/2014\/11\/nino-1.jpg?fit=529%2C788&#038;ssl=1\" src=\"https:\/\/i0.wp.com\/eltrabajo.cl\/portal\/wp-content\/uploads\/2014\/11\/nino-1.jpg?w=298&#038;h=443&#038;ssl=1\" srcset=\"https:\/\/i0.wp.com\/eltrabajo.cl\/portal\/wp-content\/uploads\/2014\/11\/nino-1.jpg?w=529&amp;ssl=1 529w, https:\/\/i0.wp.com\/eltrabajo.cl\/portal\/wp-content\/uploads\/2014\/11\/nino-1.jpg?resize=100%2C150&amp;ssl=1 100w, https:\/\/i0.wp.com\/eltrabajo.cl\/portal\/wp-content\/uploads\/2014\/11\/nino-1.jpg?resize=201%2C300&amp;ssl=1 201w, https:\/\/i0.wp.com\/eltrabajo.cl\/portal\/wp-content\/uploads\/2014\/11\/nino-1.jpg?resize=400%2C595&amp;ssl=1 400w\" width=\"298\" height=\"443\" loading=\"lazy\" data-original-width=\"298\" data-original-height=\"443\" itemprop=\"http:\/\/schema.org\/image\" title=\"nino 1\" alt=\"\u00bfQU\u00c9 ES ESTO?.- Estas fotograf\u00edas fueron tomadas por la profesora jefe de Sebasti\u00e1n, donde se refleja un chicle pegado en la cabeza de Sebasti\u00e1n, diagnosticado con S\u00edndrome de West que aparentemente habr\u00eda sido de manos de la asistente de p\u00e1rvulos.\" style=\"width: 298px; height: 443px;\" \/> <\/a> <div class=\"tiled-gallery-caption\" itemprop=\"caption description\"> \u00bfQU\u00c9 ES ESTO?.- Estas fotograf\u00edas fueron tomadas por la profesora jefe de Sebasti\u00e1n, donde se refleja un chicle pegado en la cabeza de Sebasti\u00e1n, diagnosticado con S\u00edndrome de West que aparentemente habr\u00eda sido de manos de la asistente de p\u00e1rvulos. <\/div> <\/div> <\/div> <!-- close group --> <div class=\"gallery-group images-1\" style=\"width: 338px; height: 447px;\" data-original-width=\"338\" data-original-height=\"447\" > <div class=\"tiled-gallery-item tiled-gallery-item-large\" itemprop=\"associatedMedia\" itemscope itemtype=\"http:\/\/schema.org\/ImageObject\"> <a href=\"https:\/\/eltrabajo.cl\/portal\/amarrado-a-una-silla-maltratarian-a-nino-de-3-anos-en-colegio-especial\/waleska-zegers\/\" border=\"0\" itemprop=\"url\"> <meta itemprop=\"width\" content=\"334\"> <meta itemprop=\"height\" content=\"443\"> <img decoding=\"async\" class=\"\" data-attachment-id=\"53340\" data-orig-file=\"https:\/\/eltrabajo.cl\/portal\/wp-content\/uploads\/2014\/11\/Waleska-Zegers.jpg\" data-orig-size=\"529,701\" data-comments-opened=\"1\" data-image-meta=\"{&quot;aperture&quot;:&quot;0&quot;,&quot;credit&quot;:&quot;&quot;,&quot;camera&quot;:&quot;&quot;,&quot;caption&quot;:&quot;&quot;,&quot;created_timestamp&quot;:&quot;0&quot;,&quot;copyright&quot;:&quot;&quot;,&quot;focal_length&quot;:&quot;0&quot;,&quot;iso&quot;:&quot;0&quot;,&quot;shutter_speed&quot;:&quot;0&quot;,&quot;title&quot;:&quot;&quot;,&quot;orientation&quot;:&quot;0&quot;}\" data-image-title=\"Waleska Zegers\" data-image-description=\"&lt;p&gt;LA DENUNCIANTE.- Waleska Zegers Olgu\u00edn denunci\u00f3 que su hijo estaba siendo maltratado por una asistente de p\u00e1rvulos en el Colegio Nuevo Horizonte de San Felipe.&lt;\/p&gt; \" data-medium-file=\"https:\/\/i0.wp.com\/eltrabajo.cl\/portal\/wp-content\/uploads\/2014\/11\/Waleska-Zegers.jpg?fit=226%2C300&#038;ssl=1\" data-large-file=\"https:\/\/i0.wp.com\/eltrabajo.cl\/portal\/wp-content\/uploads\/2014\/11\/Waleska-Zegers.jpg?fit=529%2C701&#038;ssl=1\" src=\"https:\/\/i0.wp.com\/eltrabajo.cl\/portal\/wp-content\/uploads\/2014\/11\/Waleska-Zegers.jpg?w=334&#038;h=443&#038;ssl=1\" srcset=\"https:\/\/i0.wp.com\/eltrabajo.cl\/portal\/wp-content\/uploads\/2014\/11\/Waleska-Zegers.jpg?w=529&amp;ssl=1 529w, https:\/\/i0.wp.com\/eltrabajo.cl\/portal\/wp-content\/uploads\/2014\/11\/Waleska-Zegers.jpg?resize=113%2C150&amp;ssl=1 113w, https:\/\/i0.wp.com\/eltrabajo.cl\/portal\/wp-content\/uploads\/2014\/11\/Waleska-Zegers.jpg?resize=226%2C300&amp;ssl=1 226w, https:\/\/i0.wp.com\/eltrabajo.cl\/portal\/wp-content\/uploads\/2014\/11\/Waleska-Zegers.jpg?resize=400%2C530&amp;ssl=1 400w\" width=\"334\" height=\"443\" loading=\"lazy\" data-original-width=\"334\" data-original-height=\"443\" itemprop=\"http:\/\/schema.org\/image\" title=\"Waleska Zegers\" alt=\"LA DENUNCIANTE.- Waleska Zegers Olgu\u00edn denunci\u00f3 que su hijo estaba siendo maltratado por una asistente de p\u00e1rvulos en el Colegio Nuevo Horizonte de San Felipe.\" style=\"width: 334px; height: 443px;\" \/> <\/a> <div class=\"tiled-gallery-caption\" itemprop=\"caption description\"> LA DENUNCIANTE.- Waleska Zegers Olgu\u00edn denunci\u00f3 que su hijo estaba siendo maltratado por una asistente de p\u00e1rvulos en el Colegio Nuevo Horizonte de San Felipe. <\/div> <\/div> <\/div> <!-- close group --> <\/div> <!-- close row --> <\/div>\n<p>&nbsp;<\/p>\n","protected":false},"excerpt":{"rendered":"<p>D\u00e1ndose fuertes golpes al tratar de escapar de las amarras que una parvularia le hace a una silla, gener\u00e1ndole moretones a un peque\u00f1ito de tres a\u00f1os, son los supuestos abusos denunciados por&#8230;<\/p>\n","protected":false},"author":482,"featured_media":53336,"comment_status":"open","ping_status":"closed","sticky":false,"template":"","format":"standard","meta":{"advanced_seo_description":"","jetpack_seo_html_title":"","jetpack_seo_noindex":false,"_jetpack_memberships_contains_paid_content":false,"footnotes":""},"categories":[21],"tags":[],"class_list":["post-53335","post","type-post","status-publish","format-standard","has-post-thumbnail","hentry","category-policial"],"jetpack_featured_media_url":"https:\/\/i0.wp.com\/eltrabajo.cl\/portal\/wp-content\/uploads\/2014\/11\/ni%C3%B1o-2.jpg?fit=529%2C929&ssl=1","jetpack_sharing_enabled":true,"jetpack_likes_enabled":true,"jetpack-related-posts":[],"_links":{"self":[{"href":"https:\/\/eltrabajo.cl\/portal\/wp-json\/wp\/v2\/posts\/53335","targetHints":{"allow":["GET"]}}],"collection":[{"href":"https:\/\/eltrabajo.cl\/portal\/wp-json\/wp\/v2\/posts"}],"about":[{"href":"https:\/\/eltrabajo.cl\/portal\/wp-json\/wp\/v2\/types\/post"}],"author":[{"embeddable":true,"href":"https:\/\/eltrabajo.cl\/portal\/wp-json\/wp\/v2\/users\/482"}],"replies":[{"embeddable":true,"href":"https:\/\/eltrabajo.cl\/portal\/wp-json\/wp\/v2\/comments?post=53335"}],"version-history":[{"count":0,"href":"https:\/\/eltrabajo.cl\/portal\/wp-json\/wp\/v2\/posts\/53335\/revisions"}],"wp:featuredmedia":[{"embeddable":true,"href":"https:\/\/eltrabajo.cl\/portal\/wp-json\/wp\/v2\/media\/53336"}],"wp:attachment":[{"href":"https:\/\/eltrabajo.cl\/portal\/wp-json\/wp\/v2\/media?parent=53335"}],"wp:term":[{"taxonomy":"category","embeddable":true,"href":"https:\/\/eltrabajo.cl\/portal\/wp-json\/wp\/v2\/categories?post=53335"},{"taxonomy":"post_tag","embeddable":true,"href":"https:\/\/eltrabajo.cl\/portal\/wp-json\/wp\/v2\/tags?post=53335"}],"curies":[{"name":"wp","href":"https:\/\/api.w.org\/{rel}","templated":true}]}}