{"id":53353,"date":"2014-11-17T09:09:30","date_gmt":"2014-11-17T12:09:30","guid":{"rendered":"http:\/\/www.eltrabajo.cl\/portal\/?p=53353"},"modified":"2014-11-17T09:09:30","modified_gmt":"2014-11-17T12:09:30","slug":"municipio-de-san-felipe-recibe-moderna-retroexcavadora","status":"publish","type":"post","link":"https:\/\/eltrabajo.cl\/portal\/municipio-de-san-felipe-recibe-moderna-retroexcavadora\/","title":{"rendered":"Municipio de San Felipe recibe moderna retroexcavadora"},"content":{"rendered":"<figure id=\"attachment_53354\" aria-describedby=\"caption-attachment-53354\" style=\"width: 528px\" class=\"wp-caption alignnone\"><a href=\"https:\/\/i0.wp.com\/www.eltrabajo.cl\/portal\/wp-content\/uploads\/2014\/11\/Retro1.jpg\"><img data-recalc-dims=\"1\" loading=\"lazy\" decoding=\"async\" class=\"size-full wp-image-53354\" src=\"https:\/\/i0.wp.com\/www.eltrabajo.cl\/portal\/wp-content\/uploads\/2014\/11\/Retro1.jpg?resize=528%2C360\" alt=\"El proyecto fue financiado a trav\u00e9s de la Circular 33, signific\u00f3 una inversi\u00f3n superior a los $64 millones y fue entregado por el Gobierno Regional este jueves.\" width=\"528\" height=\"360\" srcset=\"https:\/\/i0.wp.com\/eltrabajo.cl\/portal\/wp-content\/uploads\/2014\/11\/Retro1.jpg?w=528&amp;ssl=1 528w, https:\/\/i0.wp.com\/eltrabajo.cl\/portal\/wp-content\/uploads\/2014\/11\/Retro1.jpg?resize=200%2C136&amp;ssl=1 200w, https:\/\/i0.wp.com\/eltrabajo.cl\/portal\/wp-content\/uploads\/2014\/11\/Retro1.jpg?resize=300%2C204&amp;ssl=1 300w, https:\/\/i0.wp.com\/eltrabajo.cl\/portal\/wp-content\/uploads\/2014\/11\/Retro1.jpg?resize=150%2C102&amp;ssl=1 150w, https:\/\/i0.wp.com\/eltrabajo.cl\/portal\/wp-content\/uploads\/2014\/11\/Retro1.jpg?resize=400%2C272&amp;ssl=1 400w\" sizes=\"auto, (max-width: 528px) 100vw, 528px\" \/><\/a><figcaption id=\"caption-attachment-53354\" class=\"wp-caption-text\">El proyecto fue financiado a trav\u00e9s de la Circular 33, signific\u00f3 una inversi\u00f3n superior a los $64 millones y fue entregado por el Gobierno Regional este jueves.<\/figcaption><\/figure>\n<p>Este jueves la Municipalidad de San Felipe recibi\u00f3 la retroexcavadora, en una ceremonia que se realiz\u00f3 en la Plaza de Armas y que cont\u00f3 con la presencia del Intendente Ricardo Bravo; el Gobernador Eduardo Le\u00f3n; del Alcalde Patricio Freire; el Consejero Regional Mario Sottolichio y concejales de San Felipe.<br \/>\nLa maquinaria es parte de un proyecto presentado por Secretar\u00eda de Planificaci\u00f3n de la Municipalidad de San Felipe durante este a\u00f1o y consisti\u00f3 en la adquisici\u00f3n de una retroexcavadora con martillo para las labores en terreno que debe realizar el municipio en caso de emergencia, canales tapados, escombros o derrumbes, entre otras situaciones.<br \/>\nEl proyecto fue financiado a trav\u00e9s de la Circular 33, signific\u00f3 una inversi\u00f3n superior a los $64 millones y fue entregado por el Gobierno Regional este jueves, en una ceremonia que encabez\u00f3 el Intendente Ricardo Bravo.<br \/>\nEl Alcalde Patricio Freire destac\u00f3 la llegada de esta retroexcavadora, ya que permitir\u00e1 desarrollar con mayores facilidades las distintas acciones que realiza el municipio en terreno.<br \/>\n\u201cEsto es parte de la gesti\u00f3n que estamos haciendo como municipio para tener una ciudad linda y ser\u00e1 de gran ayuda para la comunidad y en los pr\u00f3ximos d\u00edas ya la tendremos operativo en los casos que sea necesario\u201d, dijo el jefe comunal.<\/p>\n","protected":false},"excerpt":{"rendered":"<p>Este jueves la Municipalidad de San Felipe recibi\u00f3 la retroexcavadora, en una ceremonia que se realiz\u00f3 en la Plaza de Armas y que cont\u00f3 con la presencia del Intendente Ricardo Bravo; el&#8230;<\/p>\n","protected":false},"author":482,"featured_media":53354,"comment_status":"open","ping_status":"closed","sticky":false,"template":"","format":"standard","meta":{"advanced_seo_description":"","jetpack_seo_html_title":"","jetpack_seo_noindex":false,"_jetpack_memberships_contains_paid_content":false,"footnotes":""},"categories":[15],"tags":[],"class_list":["post-53353","post","type-post","status-publish","format-standard","has-post-thumbnail","hentry","category-comunidad"],"jetpack_featured_media_url":"https:\/\/i0.wp.com\/eltrabajo.cl\/portal\/wp-content\/uploads\/2014\/11\/Retro1.jpg?fit=528%2C360&ssl=1","jetpack_sharing_enabled":true,"jetpack_likes_enabled":true,"jetpack-related-posts":[],"_links":{"self":[{"href":"https:\/\/eltrabajo.cl\/portal\/wp-json\/wp\/v2\/posts\/53353","targetHints":{"allow":["GET"]}}],"collection":[{"href":"https:\/\/eltrabajo.cl\/portal\/wp-json\/wp\/v2\/posts"}],"about":[{"href":"https:\/\/eltrabajo.cl\/portal\/wp-json\/wp\/v2\/types\/post"}],"author":[{"embeddable":true,"href":"https:\/\/eltrabajo.cl\/portal\/wp-json\/wp\/v2\/users\/482"}],"replies":[{"embeddable":true,"href":"https:\/\/eltrabajo.cl\/portal\/wp-json\/wp\/v2\/comments?post=53353"}],"version-history":[{"count":0,"href":"https:\/\/eltrabajo.cl\/portal\/wp-json\/wp\/v2\/posts\/53353\/revisions"}],"wp:featuredmedia":[{"embeddable":true,"href":"https:\/\/eltrabajo.cl\/portal\/wp-json\/wp\/v2\/media\/53354"}],"wp:attachment":[{"href":"https:\/\/eltrabajo.cl\/portal\/wp-json\/wp\/v2\/media?parent=53353"}],"wp:term":[{"taxonomy":"category","embeddable":true,"href":"https:\/\/eltrabajo.cl\/portal\/wp-json\/wp\/v2\/categories?post=53353"},{"taxonomy":"post_tag","embeddable":true,"href":"https:\/\/eltrabajo.cl\/portal\/wp-json\/wp\/v2\/tags?post=53353"}],"curies":[{"name":"wp","href":"https:\/\/api.w.org\/{rel}","templated":true}]}}