{"id":53384,"date":"2014-11-17T09:36:30","date_gmt":"2014-11-17T12:36:30","guid":{"rendered":"http:\/\/www.eltrabajo.cl\/portal\/?p=53384"},"modified":"2014-11-17T09:36:30","modified_gmt":"2014-11-17T12:36:30","slug":"rescatados-cuatro-condores-en-las-cercanias-de-tabolango","status":"publish","type":"post","link":"https:\/\/eltrabajo.cl\/portal\/rescatados-cuatro-condores-en-las-cercanias-de-tabolango\/","title":{"rendered":"Rescatados cuatro c\u00f3ndores en las cercan\u00edas de Tabolango"},"content":{"rendered":"<figure id=\"attachment_53385\" aria-describedby=\"caption-attachment-53385\" style=\"width: 529px\" class=\"wp-caption alignnone\"><a href=\"https:\/\/i0.wp.com\/www.eltrabajo.cl\/portal\/wp-content\/uploads\/2014\/11\/Condor1.jpg\"><img data-recalc-dims=\"1\" loading=\"lazy\" decoding=\"async\" class=\"size-full wp-image-53385\" src=\"https:\/\/i0.wp.com\/www.eltrabajo.cl\/portal\/wp-content\/uploads\/2014\/11\/Condor1.jpg?resize=529%2C358\" alt=\"Cuatro c\u00f3ndores fueron rescatados por j\u00f3venes que los encontraron con serios problemas para volar en los cerros cercanos al sector Tabolango en Rinconada de Silva. \" width=\"529\" height=\"358\" srcset=\"https:\/\/i0.wp.com\/eltrabajo.cl\/portal\/wp-content\/uploads\/2014\/11\/Condor1.jpg?w=529&amp;ssl=1 529w, https:\/\/i0.wp.com\/eltrabajo.cl\/portal\/wp-content\/uploads\/2014\/11\/Condor1.jpg?resize=200%2C135&amp;ssl=1 200w, https:\/\/i0.wp.com\/eltrabajo.cl\/portal\/wp-content\/uploads\/2014\/11\/Condor1.jpg?resize=300%2C203&amp;ssl=1 300w, https:\/\/i0.wp.com\/eltrabajo.cl\/portal\/wp-content\/uploads\/2014\/11\/Condor1.jpg?resize=150%2C101&amp;ssl=1 150w, https:\/\/i0.wp.com\/eltrabajo.cl\/portal\/wp-content\/uploads\/2014\/11\/Condor1.jpg?resize=400%2C270&amp;ssl=1 400w\" sizes=\"auto, (max-width: 529px) 100vw, 529px\" \/><\/a><figcaption id=\"caption-attachment-53385\" class=\"wp-caption-text\">Cuatro c\u00f3ndores fueron rescatados por j\u00f3venes que los encontraron con serios problemas para volar en los cerros cercanos al sector Tabolango en Rinconada de Silva.<\/figcaption><\/figure>\n<p><strong>PUTAENDO<\/strong>.- Cuatro c\u00f3ndores fueron rescatados por j\u00f3venes que los encontraron con serios problemas para volar en los cerros cercanos al sector Tabolango en Rinconada de Silva.<br \/>\nA eso de las 13:00 horas de este s\u00e1bado, Mat\u00edas Arancibia y sus hermanos se encontraban recorriendo el sector conocido como El Llano en Tabolango, cuando se percataron que tres c\u00f3ndores volaban a muy baja altura y ca\u00edan al suelo, aparentemente desorientados, intentando volar nuevamente y ca\u00edan al suelo, hasta que las tres aves definitivamente no pudieron emprender el vuelo y quedaron botadas en los faldeos, por lo que r\u00e1pidamente los tomaron y los metieron a un saco para luego trasladarlos a la vivienda de sus abuelos ubicada las cercan\u00edas del sector.<br \/>\nCarabineros fue informado de esta situaci\u00f3n y se constituy\u00f3 en el lugar, adem\u00e1s se hicieron las gestiones para contactar al personal del Servicio Agr\u00edcola y Ganadero, pero se determin\u00f3 trasladar a los tres ejemplares hasta la Cl\u00ednica Veterinaria Alc\u00e1ntara de San Felipe, donde el m\u00e9dico veterinario Luis Vergara y su equipo debieron atender al ejemplar que estaba en peor estado y que presentaba problemas respiratorios, por lo que el Dr. Vergara indic\u00f3 que no se descarta una intoxicaci\u00f3n por algo que los c\u00f3ndores pudieron haber comido en el sector y que uno de ellos presentaba un problema respiratorio importante, por lo que se procedi\u00f3 a realizar una oxigenoterapia y una fluido-terapia, descartando heridas de perdigones u otra arma.<br \/>\nPor instrucci\u00f3n del SAG y seg\u00fan se\u00f1al\u00f3 Gustavo Fuentes Morales, Encargado de Vida Silvestre del SAG San Felipe, los tres c\u00f3ndores fueron trasladados hasta la Cl\u00ednica Veterinaria de la Universidad Santo Tom\u00e1s de Vi\u00f1a del Mar. Cuando personal del SAG se aprestaba a trasladarse hasta Vi\u00f1a del Mar, vecinos de Tabolango encontraron un cuarto ejemplar en similares circunstancias y condiciones de las otras tres aves, por lo que el SAG activar\u00eda un plan de emergencia ante la eventualidad que otros c\u00f3ndores puedan haber sufrido el mismo inconveniente, del cual hasta el momento se desconoce su origen.<br \/>\nPatricio Gallardo M.<\/p>\n<div class=\"tiled-gallery type-rectangular tiled-gallery-unresized\" data-original-width=\"640\" data-carousel-extra='null' itemscope itemtype=\"http:\/\/schema.org\/ImageGallery\" > <div class=\"gallery-row\" style=\"width: 640px; height: 218px;\" data-original-width=\"640\" data-original-height=\"218\" > <div class=\"gallery-group images-1\" style=\"width: 320px; height: 218px;\" data-original-width=\"320\" data-original-height=\"218\" > <div class=\"tiled-gallery-item tiled-gallery-item-large\" itemprop=\"associatedMedia\" itemscope itemtype=\"http:\/\/schema.org\/ImageObject\"> <a href=\"https:\/\/eltrabajo.cl\/portal\/rescatados-cuatro-condores-en-las-cercanias-de-tabolango\/condor3\/\" border=\"0\" itemprop=\"url\"> <meta itemprop=\"width\" content=\"316\"> <meta itemprop=\"height\" content=\"214\"> <img decoding=\"async\" class=\"\" data-attachment-id=\"53387\" data-orig-file=\"https:\/\/eltrabajo.cl\/portal\/wp-content\/uploads\/2014\/11\/Condor3.jpg\" data-orig-size=\"529,358\" data-comments-opened=\"1\" data-image-meta=\"{&quot;aperture&quot;:&quot;0&quot;,&quot;credit&quot;:&quot;&quot;,&quot;camera&quot;:&quot;&quot;,&quot;caption&quot;:&quot;&quot;,&quot;created_timestamp&quot;:&quot;0&quot;,&quot;copyright&quot;:&quot;[wopmind]&quot;,&quot;focal_length&quot;:&quot;0&quot;,&quot;iso&quot;:&quot;0&quot;,&quot;shutter_speed&quot;:&quot;0&quot;,&quot;title&quot;:&quot;&quot;,&quot;orientation&quot;:&quot;0&quot;}\" data-image-title=\"Condor3\" data-image-description=\"&lt;p&gt;El SAG activar\u00eda un plan de emergencia ante la eventualidad que otros c\u00f3ndores puedan haber sufrido el mismo inconveniente.&lt;\/p&gt; \" data-medium-file=\"https:\/\/i0.wp.com\/eltrabajo.cl\/portal\/wp-content\/uploads\/2014\/11\/Condor3.jpg?fit=300%2C203&#038;ssl=1\" data-large-file=\"https:\/\/i0.wp.com\/eltrabajo.cl\/portal\/wp-content\/uploads\/2014\/11\/Condor3.jpg?fit=529%2C358&#038;ssl=1\" src=\"https:\/\/i0.wp.com\/eltrabajo.cl\/portal\/wp-content\/uploads\/2014\/11\/Condor3.jpg?w=316&#038;h=214&#038;ssl=1\" srcset=\"https:\/\/i0.wp.com\/eltrabajo.cl\/portal\/wp-content\/uploads\/2014\/11\/Condor3.jpg?w=529&amp;ssl=1 529w, https:\/\/i0.wp.com\/eltrabajo.cl\/portal\/wp-content\/uploads\/2014\/11\/Condor3.jpg?resize=200%2C135&amp;ssl=1 200w, https:\/\/i0.wp.com\/eltrabajo.cl\/portal\/wp-content\/uploads\/2014\/11\/Condor3.jpg?resize=300%2C203&amp;ssl=1 300w, https:\/\/i0.wp.com\/eltrabajo.cl\/portal\/wp-content\/uploads\/2014\/11\/Condor3.jpg?resize=150%2C101&amp;ssl=1 150w, https:\/\/i0.wp.com\/eltrabajo.cl\/portal\/wp-content\/uploads\/2014\/11\/Condor3.jpg?resize=400%2C270&amp;ssl=1 400w\" width=\"316\" height=\"214\" loading=\"lazy\" data-original-width=\"316\" data-original-height=\"214\" itemprop=\"http:\/\/schema.org\/image\" title=\"Condor3\" alt=\"El SAG activar\u00eda un plan de emergencia ante la eventualidad que otros c\u00f3ndores puedan haber sufrido el mismo inconveniente.\" style=\"width: 316px; height: 214px;\" \/> <\/a> <div class=\"tiled-gallery-caption\" itemprop=\"caption description\"> El SAG activar\u00eda un plan de emergencia ante la eventualidad que otros c\u00f3ndores puedan haber sufrido el mismo inconveniente. <\/div> <\/div> <\/div> <!-- close group --> <div class=\"gallery-group images-1\" style=\"width: 320px; height: 218px;\" data-original-width=\"320\" data-original-height=\"218\" > <div class=\"tiled-gallery-item tiled-gallery-item-large\" itemprop=\"associatedMedia\" itemscope itemtype=\"http:\/\/schema.org\/ImageObject\"> <a href=\"https:\/\/eltrabajo.cl\/portal\/rescatados-cuatro-condores-en-las-cercanias-de-tabolango\/condor2\/\" border=\"0\" itemprop=\"url\"> <meta itemprop=\"width\" content=\"316\"> <meta itemprop=\"height\" content=\"214\"> <img decoding=\"async\" class=\"\" data-attachment-id=\"53386\" data-orig-file=\"https:\/\/eltrabajo.cl\/portal\/wp-content\/uploads\/2014\/11\/Condor2.jpg\" data-orig-size=\"529,358\" data-comments-opened=\"1\" data-image-meta=\"{&quot;aperture&quot;:&quot;0&quot;,&quot;credit&quot;:&quot;&quot;,&quot;camera&quot;:&quot;&quot;,&quot;caption&quot;:&quot;&quot;,&quot;created_timestamp&quot;:&quot;0&quot;,&quot;copyright&quot;:&quot;[wopmind]&quot;,&quot;focal_length&quot;:&quot;0&quot;,&quot;iso&quot;:&quot;0&quot;,&quot;shutter_speed&quot;:&quot;0&quot;,&quot;title&quot;:&quot;&quot;,&quot;orientation&quot;:&quot;0&quot;}\" data-image-title=\"Condor2\" data-image-description=\"&lt;p&gt;A eso de las 13:00 horas de este s\u00e1bado, Mat\u00edas Arancibia y sus hermanos se encontraban recorriendo el sector conocido como El Llano en Tabolango.&lt;\/p&gt; \" data-medium-file=\"https:\/\/i0.wp.com\/eltrabajo.cl\/portal\/wp-content\/uploads\/2014\/11\/Condor2.jpg?fit=300%2C203&#038;ssl=1\" data-large-file=\"https:\/\/i0.wp.com\/eltrabajo.cl\/portal\/wp-content\/uploads\/2014\/11\/Condor2.jpg?fit=529%2C358&#038;ssl=1\" src=\"https:\/\/i0.wp.com\/eltrabajo.cl\/portal\/wp-content\/uploads\/2014\/11\/Condor2.jpg?w=316&#038;h=214&#038;ssl=1\" srcset=\"https:\/\/i0.wp.com\/eltrabajo.cl\/portal\/wp-content\/uploads\/2014\/11\/Condor2.jpg?w=529&amp;ssl=1 529w, https:\/\/i0.wp.com\/eltrabajo.cl\/portal\/wp-content\/uploads\/2014\/11\/Condor2.jpg?resize=200%2C135&amp;ssl=1 200w, https:\/\/i0.wp.com\/eltrabajo.cl\/portal\/wp-content\/uploads\/2014\/11\/Condor2.jpg?resize=300%2C203&amp;ssl=1 300w, https:\/\/i0.wp.com\/eltrabajo.cl\/portal\/wp-content\/uploads\/2014\/11\/Condor2.jpg?resize=150%2C101&amp;ssl=1 150w, https:\/\/i0.wp.com\/eltrabajo.cl\/portal\/wp-content\/uploads\/2014\/11\/Condor2.jpg?resize=400%2C270&amp;ssl=1 400w\" width=\"316\" height=\"214\" loading=\"lazy\" data-original-width=\"316\" data-original-height=\"214\" itemprop=\"http:\/\/schema.org\/image\" title=\"Condor2\" alt=\"A eso de las 13:00 horas de este s\u00e1bado, Mat\u00edas Arancibia y sus hermanos se encontraban recorriendo el sector conocido como El Llano en Tabolango.\" style=\"width: 316px; height: 214px;\" \/> <\/a> <div class=\"tiled-gallery-caption\" itemprop=\"caption description\"> A eso de las 13:00 horas de este s\u00e1bado, Mat\u00edas Arancibia y sus hermanos se encontraban recorriendo el sector conocido como El Llano en Tabolango. <\/div> <\/div> <\/div> <!-- close group --> <\/div> <!-- close row --> <\/div>\n","protected":false},"excerpt":{"rendered":"<p>PUTAENDO.- Cuatro c\u00f3ndores fueron rescatados por j\u00f3venes que los encontraron con serios problemas para volar en los cerros cercanos al sector Tabolango en Rinconada de Silva. A eso de las 13:00 horas&#8230;<\/p>\n","protected":false},"author":482,"featured_media":53385,"comment_status":"open","ping_status":"closed","sticky":false,"template":"","format":"standard","meta":{"advanced_seo_description":"","jetpack_seo_html_title":"","jetpack_seo_noindex":false,"_jetpack_memberships_contains_paid_content":false,"footnotes":""},"categories":[15],"tags":[],"class_list":["post-53384","post","type-post","status-publish","format-standard","has-post-thumbnail","hentry","category-comunidad"],"jetpack_featured_media_url":"https:\/\/i0.wp.com\/eltrabajo.cl\/portal\/wp-content\/uploads\/2014\/11\/Condor1.jpg?fit=529%2C358&ssl=1","jetpack_sharing_enabled":true,"jetpack_likes_enabled":true,"jetpack-related-posts":[],"_links":{"self":[{"href":"https:\/\/eltrabajo.cl\/portal\/wp-json\/wp\/v2\/posts\/53384","targetHints":{"allow":["GET"]}}],"collection":[{"href":"https:\/\/eltrabajo.cl\/portal\/wp-json\/wp\/v2\/posts"}],"about":[{"href":"https:\/\/eltrabajo.cl\/portal\/wp-json\/wp\/v2\/types\/post"}],"author":[{"embeddable":true,"href":"https:\/\/eltrabajo.cl\/portal\/wp-json\/wp\/v2\/users\/482"}],"replies":[{"embeddable":true,"href":"https:\/\/eltrabajo.cl\/portal\/wp-json\/wp\/v2\/comments?post=53384"}],"version-history":[{"count":0,"href":"https:\/\/eltrabajo.cl\/portal\/wp-json\/wp\/v2\/posts\/53384\/revisions"}],"wp:featuredmedia":[{"embeddable":true,"href":"https:\/\/eltrabajo.cl\/portal\/wp-json\/wp\/v2\/media\/53385"}],"wp:attachment":[{"href":"https:\/\/eltrabajo.cl\/portal\/wp-json\/wp\/v2\/media?parent=53384"}],"wp:term":[{"taxonomy":"category","embeddable":true,"href":"https:\/\/eltrabajo.cl\/portal\/wp-json\/wp\/v2\/categories?post=53384"},{"taxonomy":"post_tag","embeddable":true,"href":"https:\/\/eltrabajo.cl\/portal\/wp-json\/wp\/v2\/tags?post=53384"}],"curies":[{"name":"wp","href":"https:\/\/api.w.org\/{rel}","templated":true}]}}