{"id":53393,"date":"2014-11-17T09:50:16","date_gmt":"2014-11-17T12:50:16","guid":{"rendered":"http:\/\/www.eltrabajo.cl\/portal\/?p=53393"},"modified":"2014-11-17T09:50:16","modified_gmt":"2014-11-17T12:50:16","slug":"por-maltrato-fisico-y-abuso-sexual-acusan-ahora-a-asistente-de-parvulos","status":"publish","type":"post","link":"https:\/\/eltrabajo.cl\/portal\/por-maltrato-fisico-y-abuso-sexual-acusan-ahora-a-asistente-de-parvulos\/","title":{"rendered":"Por Maltrato F\u00edsico y Abuso Sexual acusan ahora a asistente de p\u00e1rvulos"},"content":{"rendered":"<figure id=\"attachment_53394\" aria-describedby=\"caption-attachment-53394\" style=\"width: 200px\" class=\"wp-caption alignleft\"><a href=\"https:\/\/i0.wp.com\/www.eltrabajo.cl\/portal\/wp-content\/uploads\/2014\/11\/ni%C3%B1o-21.jpg\"><img data-recalc-dims=\"1\" loading=\"lazy\" decoding=\"async\" class=\"wp-image-53394\" src=\"https:\/\/i0.wp.com\/www.eltrabajo.cl\/portal\/wp-content\/uploads\/2014\/11\/ni%C3%B1o-21-170x300.jpg?resize=200%2C351\" alt=\"Hasta el momento, dos ser\u00edan los casos de maltrato f\u00edsico y aparente abuso sexual contra dos menores, quienes asist\u00edan al Colegio Nuevo Horizonte de San Felipe.\" width=\"200\" height=\"351\" srcset=\"https:\/\/i0.wp.com\/eltrabajo.cl\/portal\/wp-content\/uploads\/2014\/11\/ni%C3%B1o-21.jpg?resize=85%2C150&amp;ssl=1 85w, https:\/\/i0.wp.com\/eltrabajo.cl\/portal\/wp-content\/uploads\/2014\/11\/ni%C3%B1o-21.jpg?resize=400%2C702&amp;ssl=1 400w, https:\/\/i0.wp.com\/eltrabajo.cl\/portal\/wp-content\/uploads\/2014\/11\/ni%C3%B1o-21.jpg?w=529&amp;ssl=1 529w\" sizes=\"auto, (max-width: 200px) 100vw, 200px\" \/><\/a><figcaption id=\"caption-attachment-53394\" class=\"wp-caption-text\">Hasta el momento, dos ser\u00edan los casos de maltrato f\u00edsico y aparente abuso sexual contra dos menores, quienes asist\u00edan al Colegio Nuevo Horizonte de San Felipe.<\/figcaption><\/figure>\n<p>Ante los efectivos de la Polic\u00eda de Investigaciones, dos madres de peque\u00f1os discapacitados interpusieron oficialmente la denuncia por Maltrato F\u00edsico y Abuso Sexual en contra de una asistente de p\u00e1rvulos del Colegio Nuevo Horizonte de San Felipe, luego que se diera a conocer ante la opini\u00f3n p\u00fablica estos hechos, mismos que se vendr\u00edan cometiendo por parte de la denunciada a cargo de siete menores con capacidades diferentes en ese centro educacional.<br \/>\nTal como lo informara Diario El Trabajo en nuestra edici\u00f3n del pasado viernes 14 de noviembre, el caso de Sebasti\u00e1n, un peque\u00f1o que sufre el S\u00edndrome de West que afecta su sistema neurol\u00f3gico, qued\u00f3 al descubierto con las fotograf\u00edas proporcionadas por la profesora jefe a la madre del menor, registros que demuestran que el ni\u00f1o de tres a\u00f1os presentaba un chicle pegado en su frente y en otro retrato, inmovilizado con la cinta de su cotona en el respaldo de la silla, para que no pudiera pararse de su lugar.<\/p>\n<p><strong>ABUSO SEXUAL<\/strong><br \/>\nAnte estas graves acusaciones se sum\u00f3 un segundo caso del menor M. de tan s\u00f3lo cuatro a\u00f1os, afectado de S\u00edndrome de Down, quien habr\u00eda sido abusado sexualmente por esta misma asistente de p\u00e1rvulos, seg\u00fan antecedentes proporcionados por la profesora jefe a cargo del nivel 4 de ese colegio especial.<\/p>\n<figure id=\"attachment_53396\" aria-describedby=\"caption-attachment-53396\" style=\"width: 300px\" class=\"wp-caption alignright\"><a href=\"https:\/\/i0.wp.com\/www.eltrabajo.cl\/portal\/wp-content\/uploads\/2014\/11\/beso1.jpg\"><img data-recalc-dims=\"1\" loading=\"lazy\" decoding=\"async\" class=\"wp-image-53396 size-medium\" src=\"https:\/\/i0.wp.com\/www.eltrabajo.cl\/portal\/wp-content\/uploads\/2014\/11\/beso1-300x183.jpg?resize=300%2C183\" alt=\"Besos en la boca con una supuesta connotaci\u00f3n sexual, es lo que la PDI deber\u00e1 investigar si es lo que recibi\u00f3 un peque\u00f1ito de cuatro a\u00f1os por parte de una parvularia del Colegio Horizonte de San Felipe. (Foto referencial)\" width=\"300\" height=\"183\" srcset=\"https:\/\/i0.wp.com\/eltrabajo.cl\/portal\/wp-content\/uploads\/2014\/11\/beso1.jpg?resize=300%2C183&amp;ssl=1 300w, https:\/\/i0.wp.com\/eltrabajo.cl\/portal\/wp-content\/uploads\/2014\/11\/beso1.jpg?resize=200%2C122&amp;ssl=1 200w, https:\/\/i0.wp.com\/eltrabajo.cl\/portal\/wp-content\/uploads\/2014\/11\/beso1.jpg?resize=150%2C91&amp;ssl=1 150w, https:\/\/i0.wp.com\/eltrabajo.cl\/portal\/wp-content\/uploads\/2014\/11\/beso1.jpg?resize=400%2C244&amp;ssl=1 400w, https:\/\/i0.wp.com\/eltrabajo.cl\/portal\/wp-content\/uploads\/2014\/11\/beso1.jpg?w=529&amp;ssl=1 529w\" sizes=\"auto, (max-width: 300px) 100vw, 300px\" \/><\/a><figcaption id=\"caption-attachment-53396\" class=\"wp-caption-text\">Besos en la boca con una supuesta connotaci\u00f3n sexual, es lo que la PDI deber\u00e1 investigar si es lo que recibi\u00f3 un peque\u00f1ito de cuatro a\u00f1os por parte de una parvularia del Colegio Horizonte de San Felipe. (Foto referencial)<\/figcaption><\/figure>\n<p>Este segundo caso qued\u00f3 al descubierto cuando la madre, Victoria, se enter\u00f3 a trav\u00e9s de la prensa de los supuestos maltratos en el Colegio Nuevo Horizonte, por lo que se entrevist\u00f3 con Waleska Zegers, madre del primer menor afectado, S., para indicarle que la directora del establecimiento la hab\u00eda obligado hace dos semanas a retirar a su pupilo del establecimiento, cuya explicaci\u00f3n ser\u00eda que el menor estar\u00eda besando en la boca a sus compa\u00f1eros.<br \/>\nLa curiosa determinaci\u00f3n oblig\u00f3 a que M., a pesar de ser un ni\u00f1o con Down, debiera abandonar el colegio. Situaci\u00f3n que habr\u00eda dado un rev\u00e9s cuando se enter\u00f3 de estos maltratos por la asistente de p\u00e1rvulos acusada por la profesora jefe de besar en la boca al peque\u00f1o con caracter\u00edsticas sexuales expl\u00edcitas.<br \/>\nEn este sentido, las dos madres junto a la profesora jefe y otros profesionales involucrados en este caso, se dirigieron hasta la Polic\u00eda de Investigaciones de San Felipe para cursar oficialmente la denuncia por Maltrato F\u00edsico, Psicol\u00f3gico y Abuso Sexual en contra de la asistente educacional.<br \/>\n\u00abSe interpuso una denuncia ante la PDI por Abuso Sexual contra un ni\u00f1ito con S\u00edndrome Down y Maltrato F\u00edsico y psicol\u00f3gico por mi hijo y otros ni\u00f1os. El lunes (hoy) tenemos que estar en la oficina de la OPD para hablar con el Abogado Hugo L\u00f3pez y con los apoderados y profesores involucrados. El d\u00eda martes nos van a citar de la fiscal\u00eda, nos dijeron que es un proceso largo pero tenemos que seguir, ah\u00ed podremos entregar toda la documentaci\u00f3n y las pruebas que estamos reuniendo\u00bb, indic\u00f3 la madre de S., Waleska Zegers.<br \/>\nPor su parte Victoria Mart\u00ednez, a\u00fan en estado de shock, argument\u00f3 que llegar\u00e1 hasta las \u00faltimas instancias para que se haga justicia en contra de esta persona a cargo de los menores: \u00abLa profesora jefe me dijo que la asistente de p\u00e1rvulos varias veces le daba besos en la boca a mi hijo, es un ni\u00f1o inocente. Ella hizo un abuso sexual con mi hijo, yo voy a hacer todo lo posible para que se haga justicia, porque si le pas\u00f3 a mi hijo le pudo pasar a otro ni\u00f1o m\u00e1s, hay tantas cosas ocultas que tienen que salir al aire, entonces paremos esto\u00bb, dijo a nuestro medio Victoria.<br \/>\nEsta madre como otras, quienes se estar\u00edan sumando a esta demanda, a\u00fan no entienden el porqu\u00e9 estos hechos se fueron ocultando de tal forma que la profesora jefe debi\u00f3 reunir pruebas para poder reci\u00e9n entregar los antecedentes a los padres de los menores, para acreditar la verdad de lo ocurrido.<br \/>\n\u00abMi hijo se aferraba a m\u00ed, no quer\u00eda ir al colegio, le notaba un cambio brusco diferente, como \u00e9l no habla y tiene S\u00edndrome de Down, tiene cuatro a\u00f1os yo no le entend\u00eda lo que me quer\u00eda decir, porque \u00e9l habla con puras se\u00f1ales. No entiendo por qu\u00e9 esta mujer hizo todo esto, porque uno manda a los hijos al colegio con confianza absoluta\u00bb, lamenta Victoria.<\/p>\n<p><strong>URGEN RESPUESTAS<\/strong><br \/>\nDiario El Trabajo intent\u00f3 obtener una respuesta oficial por parte de la Directora del Colegio, Yamil\u00e9 Ruiz, la que no se pudo concretar por la visita de la Superintendencia de Educaci\u00f3n que estaba investigando el caso tras varias horas a puertas cerradas.<br \/>\nExtraoficialmente se pudo conocer que la profesora jefe denunciante, luego de prestar declaraciones ante la Polic\u00eda de Investigaciones, elev\u00f3 una licencia m\u00e9dica por estr\u00e9s laboral, mientras que la asistente de p\u00e1rvulos acusada habr\u00eda sido aislada de sus funciones hasta esclarecer la verdad de los hechos que se le imputan.<br \/>\nAsimismo se inform\u00f3 que hoy a las 17:00 horas la direcci\u00f3n del colegio sostendr\u00eda una reuni\u00f3n con todos los apoderados del establecimiento para entregar una versi\u00f3n oficial de lo sucedido.<br \/>\nPablo Salinas Sald\u00edas<\/p>\n","protected":false},"excerpt":{"rendered":"<p>Ante los efectivos de la Polic\u00eda de Investigaciones, dos madres de peque\u00f1os discapacitados interpusieron oficialmente la denuncia por Maltrato F\u00edsico y Abuso Sexual en contra de una asistente de p\u00e1rvulos del Colegio&#8230;<\/p>\n","protected":false},"author":482,"featured_media":53394,"comment_status":"open","ping_status":"closed","sticky":false,"template":"","format":"standard","meta":{"advanced_seo_description":"","jetpack_seo_html_title":"","jetpack_seo_noindex":false,"_jetpack_memberships_contains_paid_content":false,"footnotes":""},"categories":[21],"tags":[],"class_list":["post-53393","post","type-post","status-publish","format-standard","has-post-thumbnail","hentry","category-policial"],"jetpack_featured_media_url":"https:\/\/i0.wp.com\/eltrabajo.cl\/portal\/wp-content\/uploads\/2014\/11\/ni%C3%B1o-21.jpg?fit=529%2C929&ssl=1","jetpack_sharing_enabled":true,"jetpack_likes_enabled":true,"jetpack-related-posts":[],"_links":{"self":[{"href":"https:\/\/eltrabajo.cl\/portal\/wp-json\/wp\/v2\/posts\/53393","targetHints":{"allow":["GET"]}}],"collection":[{"href":"https:\/\/eltrabajo.cl\/portal\/wp-json\/wp\/v2\/posts"}],"about":[{"href":"https:\/\/eltrabajo.cl\/portal\/wp-json\/wp\/v2\/types\/post"}],"author":[{"embeddable":true,"href":"https:\/\/eltrabajo.cl\/portal\/wp-json\/wp\/v2\/users\/482"}],"replies":[{"embeddable":true,"href":"https:\/\/eltrabajo.cl\/portal\/wp-json\/wp\/v2\/comments?post=53393"}],"version-history":[{"count":0,"href":"https:\/\/eltrabajo.cl\/portal\/wp-json\/wp\/v2\/posts\/53393\/revisions"}],"wp:featuredmedia":[{"embeddable":true,"href":"https:\/\/eltrabajo.cl\/portal\/wp-json\/wp\/v2\/media\/53394"}],"wp:attachment":[{"href":"https:\/\/eltrabajo.cl\/portal\/wp-json\/wp\/v2\/media?parent=53393"}],"wp:term":[{"taxonomy":"category","embeddable":true,"href":"https:\/\/eltrabajo.cl\/portal\/wp-json\/wp\/v2\/categories?post=53393"},{"taxonomy":"post_tag","embeddable":true,"href":"https:\/\/eltrabajo.cl\/portal\/wp-json\/wp\/v2\/tags?post=53393"}],"curies":[{"name":"wp","href":"https:\/\/api.w.org\/{rel}","templated":true}]}}