{"id":53402,"date":"2014-11-18T10:07:42","date_gmt":"2014-11-18T13:07:42","guid":{"rendered":"http:\/\/www.eltrabajo.cl\/portal\/?p=53402"},"modified":"2014-11-18T10:07:42","modified_gmt":"2014-11-18T13:07:42","slug":"llaman-a-vecinos-a-limpiar-entorno-de-sus-casas-para-evitar-siniestros","status":"publish","type":"post","link":"https:\/\/eltrabajo.cl\/portal\/llaman-a-vecinos-a-limpiar-entorno-de-sus-casas-para-evitar-siniestros\/","title":{"rendered":"Llaman a vecinos a limpiar entorno de sus casas para evitar siniestros"},"content":{"rendered":"<figure id=\"attachment_53403\" aria-describedby=\"caption-attachment-53403\" style=\"width: 529px\" class=\"wp-caption alignnone\"><a href=\"https:\/\/i0.wp.com\/www.eltrabajo.cl\/portal\/wp-content\/uploads\/2014\/11\/Pastizales1.jpg\"><img data-recalc-dims=\"1\" loading=\"lazy\" decoding=\"async\" class=\"size-full wp-image-53403\" src=\"https:\/\/i0.wp.com\/www.eltrabajo.cl\/portal\/wp-content\/uploads\/2014\/11\/Pastizales1.jpg?resize=529%2C401\" alt=\"La Unidad de Emergencias de la Municipalidad de Los Andes hizo un llamado a los vecinos a mantener desmalezado el entorno de sus viviendas.\" width=\"529\" height=\"401\" srcset=\"https:\/\/i0.wp.com\/eltrabajo.cl\/portal\/wp-content\/uploads\/2014\/11\/Pastizales1.jpg?w=529&amp;ssl=1 529w, https:\/\/i0.wp.com\/eltrabajo.cl\/portal\/wp-content\/uploads\/2014\/11\/Pastizales1.jpg?resize=197%2C150&amp;ssl=1 197w, https:\/\/i0.wp.com\/eltrabajo.cl\/portal\/wp-content\/uploads\/2014\/11\/Pastizales1.jpg?resize=300%2C227&amp;ssl=1 300w, https:\/\/i0.wp.com\/eltrabajo.cl\/portal\/wp-content\/uploads\/2014\/11\/Pastizales1.jpg?resize=150%2C113&amp;ssl=1 150w, https:\/\/i0.wp.com\/eltrabajo.cl\/portal\/wp-content\/uploads\/2014\/11\/Pastizales1.jpg?resize=400%2C303&amp;ssl=1 400w\" sizes=\"auto, (max-width: 529px) 100vw, 529px\" \/><\/a><figcaption id=\"caption-attachment-53403\" class=\"wp-caption-text\">La Unidad de Emergencias de la Municipalidad de Los Andes hizo un llamado a los vecinos a mantener desmalezado el entorno de sus viviendas.<\/figcaption><\/figure>\n<p><strong>LOS ANDES<\/strong>.- Llegan las altas temperaturas y de inmediato el riesgo de la ocurrencia de incendio de pastizales, algunas de los que al tornarse descontrolados podr\u00edan afectar sectores poblados. Es por ello que el encargado de la Unidad de Emergencias de la Municipalidad de Los Andes, Marcelo \u00d3rdenes, hizo un llamado a los vecinos a mantener desmalezado el entorno de sus viviendas, sobre todo si se est\u00e1 en sectores rurales, a fin de evitar que ante un siniestro de pastizales su casa pueda verse afectado.<br \/>\nEl profesional record\u00f3 que son muchos los casos ocurridos tanto en la zona como a nivel nacional respecto a que este tipo de incendios han derivado en emergencias estructurales, con la consiguiente p\u00e9rdida material e incluso de vidas humanas.<br \/>\n\u00d3rdenes afirm\u00f3 que es importante que la comunidad desarrolle conductas de prevenci\u00f3n frente a este tipo de incendios y colabore con el trabajo preventivo que llevan adelante los organismos de emergencia. En tal sentido, record\u00f3 que el comit\u00e9 comunal de emergencias cuenta con un protocolo para este tipo de situaciones donde se tiene un conteo de los recursos con que se dispone, adem\u00e1s de existir una coordinaci\u00f3n con bomberos.<br \/>\n\u201cPor ejemplo en el siniestro que se produjo el viernes pasado en el sector del Terrapl\u00e9n en El Sauce, cuando vimos que la cantidad de pasto quemado estaba cercano a un bosque estuvimos en contacto con Conaf, pero afortunadamente la situaci\u00f3n fue controlada con Bomberos y Carabineros, pero si las coordinaciones estaban hechas\u201d, expres\u00f3.<br \/>\nEl encargado de emergencias coment\u00f3 que cuentan con un cami\u00f3n aljibe y las respectivas motobombas para poner a disposici\u00f3n de bomberos en caso de ser necesario. Asimismo, remarc\u00f3 que a nivel de la comuna de Los Andes las quemas agr\u00edcolas, de ramas y hojas no se encuentran autorizadas, por lo que si una persona es sorprendida realizando estas quemas ser\u00e1 citado al juzgado de polic\u00eda local por la unidad de fiscalizaci\u00f3n.<\/p>\n","protected":false},"excerpt":{"rendered":"<p>LOS ANDES.- Llegan las altas temperaturas y de inmediato el riesgo de la ocurrencia de incendio de pastizales, algunas de los que al tornarse descontrolados podr\u00edan afectar sectores poblados. Es por ello&#8230;<\/p>\n","protected":false},"author":482,"featured_media":53403,"comment_status":"open","ping_status":"closed","sticky":false,"template":"","format":"standard","meta":{"advanced_seo_description":"","jetpack_seo_html_title":"","jetpack_seo_noindex":false,"_jetpack_memberships_contains_paid_content":false,"footnotes":""},"categories":[15],"tags":[],"class_list":["post-53402","post","type-post","status-publish","format-standard","has-post-thumbnail","hentry","category-comunidad"],"jetpack_featured_media_url":"https:\/\/i0.wp.com\/eltrabajo.cl\/portal\/wp-content\/uploads\/2014\/11\/Pastizales1.jpg?fit=529%2C401&ssl=1","jetpack_sharing_enabled":true,"jetpack_likes_enabled":true,"jetpack-related-posts":[],"_links":{"self":[{"href":"https:\/\/eltrabajo.cl\/portal\/wp-json\/wp\/v2\/posts\/53402","targetHints":{"allow":["GET"]}}],"collection":[{"href":"https:\/\/eltrabajo.cl\/portal\/wp-json\/wp\/v2\/posts"}],"about":[{"href":"https:\/\/eltrabajo.cl\/portal\/wp-json\/wp\/v2\/types\/post"}],"author":[{"embeddable":true,"href":"https:\/\/eltrabajo.cl\/portal\/wp-json\/wp\/v2\/users\/482"}],"replies":[{"embeddable":true,"href":"https:\/\/eltrabajo.cl\/portal\/wp-json\/wp\/v2\/comments?post=53402"}],"version-history":[{"count":0,"href":"https:\/\/eltrabajo.cl\/portal\/wp-json\/wp\/v2\/posts\/53402\/revisions"}],"wp:featuredmedia":[{"embeddable":true,"href":"https:\/\/eltrabajo.cl\/portal\/wp-json\/wp\/v2\/media\/53403"}],"wp:attachment":[{"href":"https:\/\/eltrabajo.cl\/portal\/wp-json\/wp\/v2\/media?parent=53402"}],"wp:term":[{"taxonomy":"category","embeddable":true,"href":"https:\/\/eltrabajo.cl\/portal\/wp-json\/wp\/v2\/categories?post=53402"},{"taxonomy":"post_tag","embeddable":true,"href":"https:\/\/eltrabajo.cl\/portal\/wp-json\/wp\/v2\/tags?post=53402"}],"curies":[{"name":"wp","href":"https:\/\/api.w.org\/{rel}","templated":true}]}}