{"id":53405,"date":"2014-11-18T10:08:48","date_gmt":"2014-11-18T13:08:48","guid":{"rendered":"http:\/\/www.eltrabajo.cl\/portal\/?p=53405"},"modified":"2014-11-18T10:08:48","modified_gmt":"2014-11-18T13:08:48","slug":"abuelos-se-dieron-cuatro-gustos-en-muestra-de-platos-tipicos","status":"publish","type":"post","link":"https:\/\/eltrabajo.cl\/portal\/abuelos-se-dieron-cuatro-gustos-en-muestra-de-platos-tipicos\/","title":{"rendered":"Abuelos se dieron cuatro gustos en muestra de platos t\u00edpicos"},"content":{"rendered":"<figure id=\"attachment_53406\" aria-describedby=\"caption-attachment-53406\" style=\"width: 529px\" class=\"wp-caption alignnone\"><a href=\"https:\/\/i0.wp.com\/www.eltrabajo.cl\/portal\/wp-content\/uploads\/2014\/11\/Platos1.jpg\"><img data-recalc-dims=\"1\" loading=\"lazy\" decoding=\"async\" class=\"size-full wp-image-53406\" src=\"https:\/\/i0.wp.com\/www.eltrabajo.cl\/portal\/wp-content\/uploads\/2014\/11\/Platos1.jpg?resize=529%2C360\" alt=\"Exquisitas preparaciones otorgaron los adultos mayores a la comunidad de Catemu, en la XVI versi\u00f3n de Platos t\u00edpicos saludables 2014.\" width=\"529\" height=\"360\" srcset=\"https:\/\/i0.wp.com\/eltrabajo.cl\/portal\/wp-content\/uploads\/2014\/11\/Platos1.jpg?w=529&amp;ssl=1 529w, https:\/\/i0.wp.com\/eltrabajo.cl\/portal\/wp-content\/uploads\/2014\/11\/Platos1.jpg?resize=200%2C136&amp;ssl=1 200w, https:\/\/i0.wp.com\/eltrabajo.cl\/portal\/wp-content\/uploads\/2014\/11\/Platos1.jpg?resize=300%2C204&amp;ssl=1 300w, https:\/\/i0.wp.com\/eltrabajo.cl\/portal\/wp-content\/uploads\/2014\/11\/Platos1.jpg?resize=150%2C102&amp;ssl=1 150w, https:\/\/i0.wp.com\/eltrabajo.cl\/portal\/wp-content\/uploads\/2014\/11\/Platos1.jpg?resize=400%2C272&amp;ssl=1 400w\" sizes=\"auto, (max-width: 529px) 100vw, 529px\" \/><\/a><figcaption id=\"caption-attachment-53406\" class=\"wp-caption-text\">Exquisitas preparaciones otorgaron los adultos mayores a la comunidad de Catemu, en la XVI versi\u00f3n de Platos t\u00edpicos saludables 2014.<\/figcaption><\/figure>\n<p><strong>CATEMU<\/strong>.- Exquisitas preparaciones otorgaron los adultos mayores a la comunidad de Catemu, en la XVI versi\u00f3n de Platos t\u00edpicos saludables 2014, organizada por el Centro de Salud Familiar de la comuna, realizado en la plaza de la comuna. Variadas y sabrosas recetas de anta\u00f1o en dedicadas presentaciones disfrutaron los asistentes a esta muestra. Cazuela; bud\u00edn de cochayuyo; porotos pelados; lentejas; charquic\u00e1n de cochayuyo y colegiales entre otras delicias, deleitaron a quienes participaron de este evento.<\/p>\n","protected":false},"excerpt":{"rendered":"<p>CATEMU.- Exquisitas preparaciones otorgaron los adultos mayores a la comunidad de Catemu, en la XVI versi\u00f3n de Platos t\u00edpicos saludables 2014, organizada por el Centro de Salud Familiar de la comuna, realizado&#8230;<\/p>\n","protected":false},"author":482,"featured_media":53406,"comment_status":"open","ping_status":"closed","sticky":false,"template":"","format":"standard","meta":{"advanced_seo_description":"","jetpack_seo_html_title":"","jetpack_seo_noindex":false,"_jetpack_memberships_contains_paid_content":false,"footnotes":""},"categories":[15],"tags":[],"class_list":["post-53405","post","type-post","status-publish","format-standard","has-post-thumbnail","hentry","category-comunidad"],"jetpack_featured_media_url":"https:\/\/i0.wp.com\/eltrabajo.cl\/portal\/wp-content\/uploads\/2014\/11\/Platos1.jpg?fit=529%2C360&ssl=1","jetpack_sharing_enabled":true,"jetpack_likes_enabled":true,"jetpack-related-posts":[],"_links":{"self":[{"href":"https:\/\/eltrabajo.cl\/portal\/wp-json\/wp\/v2\/posts\/53405","targetHints":{"allow":["GET"]}}],"collection":[{"href":"https:\/\/eltrabajo.cl\/portal\/wp-json\/wp\/v2\/posts"}],"about":[{"href":"https:\/\/eltrabajo.cl\/portal\/wp-json\/wp\/v2\/types\/post"}],"author":[{"embeddable":true,"href":"https:\/\/eltrabajo.cl\/portal\/wp-json\/wp\/v2\/users\/482"}],"replies":[{"embeddable":true,"href":"https:\/\/eltrabajo.cl\/portal\/wp-json\/wp\/v2\/comments?post=53405"}],"version-history":[{"count":0,"href":"https:\/\/eltrabajo.cl\/portal\/wp-json\/wp\/v2\/posts\/53405\/revisions"}],"wp:featuredmedia":[{"embeddable":true,"href":"https:\/\/eltrabajo.cl\/portal\/wp-json\/wp\/v2\/media\/53406"}],"wp:attachment":[{"href":"https:\/\/eltrabajo.cl\/portal\/wp-json\/wp\/v2\/media?parent=53405"}],"wp:term":[{"taxonomy":"category","embeddable":true,"href":"https:\/\/eltrabajo.cl\/portal\/wp-json\/wp\/v2\/categories?post=53405"},{"taxonomy":"post_tag","embeddable":true,"href":"https:\/\/eltrabajo.cl\/portal\/wp-json\/wp\/v2\/tags?post=53405"}],"curies":[{"name":"wp","href":"https:\/\/api.w.org\/{rel}","templated":true}]}}