{"id":53414,"date":"2014-11-18T10:12:18","date_gmt":"2014-11-18T13:12:18","guid":{"rendered":"http:\/\/www.eltrabajo.cl\/portal\/?p=53414"},"modified":"2014-11-18T10:12:18","modified_gmt":"2014-11-18T13:12:18","slug":"aconcagua-su-gente-y-cultura-se-realizara-en-valparaiso","status":"publish","type":"post","link":"https:\/\/eltrabajo.cl\/portal\/aconcagua-su-gente-y-cultura-se-realizara-en-valparaiso\/","title":{"rendered":"\u2018Aconcagua, su gente y cultura\u2019 se realizar\u00e1 en Valpara\u00edso"},"content":{"rendered":"<figure id=\"attachment_53415\" aria-describedby=\"caption-attachment-53415\" style=\"width: 528px\" class=\"wp-caption alignnone\"><a href=\"https:\/\/i0.wp.com\/www.eltrabajo.cl\/portal\/wp-content\/uploads\/2014\/11\/Aconca1.jpg\"><img data-recalc-dims=\"1\" loading=\"lazy\" decoding=\"async\" class=\"size-full wp-image-53415\" src=\"https:\/\/i0.wp.com\/www.eltrabajo.cl\/portal\/wp-content\/uploads\/2014\/11\/Aconca1.jpg?resize=528%2C360\" alt=\"\u2018Aconcagua, su gente y cultura\u2019 se realizar\u00e1 en Valpara\u00edso\" width=\"528\" height=\"360\" srcset=\"https:\/\/i0.wp.com\/eltrabajo.cl\/portal\/wp-content\/uploads\/2014\/11\/Aconca1.jpg?w=528&amp;ssl=1 528w, https:\/\/i0.wp.com\/eltrabajo.cl\/portal\/wp-content\/uploads\/2014\/11\/Aconca1.jpg?resize=200%2C136&amp;ssl=1 200w, https:\/\/i0.wp.com\/eltrabajo.cl\/portal\/wp-content\/uploads\/2014\/11\/Aconca1.jpg?resize=300%2C204&amp;ssl=1 300w, https:\/\/i0.wp.com\/eltrabajo.cl\/portal\/wp-content\/uploads\/2014\/11\/Aconca1.jpg?resize=150%2C102&amp;ssl=1 150w, https:\/\/i0.wp.com\/eltrabajo.cl\/portal\/wp-content\/uploads\/2014\/11\/Aconca1.jpg?resize=400%2C272&amp;ssl=1 400w\" sizes=\"auto, (max-width: 528px) 100vw, 528px\" \/><\/a><figcaption id=\"caption-attachment-53415\" class=\"wp-caption-text\">\u2018Aconcagua, su gente y cultura\u2019 se realizar\u00e1 en Valpara\u00edso<\/figcaption><\/figure>\n<p>El pr\u00f3ximo viernes 21 de noviembre se realizar\u00e1 en Valpara\u00edso, la actividad \u2018Aconcagua su gente y cultura\u2019, una iniciativa que tiene como objetivo descentralizar la oferta cultural a los distintos rincones de la Quinta Regi\u00f3n y mostrar las distintas expresiones culturales que existen en el valle, por ello los artistas de Aconcagua se trasladar\u00e1n hasta la Plaza Sotomayor para darlas a conocer.<br \/>\nLa actividad contar\u00e1 con una gran feria de artesan\u00eda y productos del Valle Aconcagua, a lo que se suma la realizaci\u00f3n de una muestra art\u00edstica, donde participar\u00e1n representantes de las distintas comunas invitadas, entre los que se cuentan el Ballet Folcl\u00f3rico de San Felipe, Campo Lindo, Alejandro Alfaro y P.A.P.A., por nombrar algunos.<br \/>\n\u201cDentro de todas las actividades que se est\u00e1n realizando que apuntan a mejorar el desarrollo cultural de ambas provincias, est\u00e1 la idea de poder dar a conocer qu\u00e9 es el Valle de Aconcagua, qu\u00e9 es lo que nos identifica, como personas en Aconcagua y de esa manera entendemos que nuestros artistas son los principales embajadores de lo que es la actividad cultural y de lo que somos en materia identitaria los habitantes de Aconcagua\u201d, se\u00f1al\u00f3 N\u00e9lida Pozo, Seremi de Cultura.<br \/>\nLa iniciativa, que se enmarca en el Programa Chile celebra, nace de un trabajo micro-zonal donde se agrupan los municipios del Valle Aconcagua junto al Consejo de la Cultura y las Artes, con el objetivo de visibilizar el trabajo art\u00edstico y cultura que se desarrolla en esta zona.<br \/>\nEl Alcalde (S) Patricio Gonz\u00e1lez, valor\u00f3 la realizaci\u00f3n de esta actividad, ya que permite dar a conocer nuestra oferta cultural al resto de la regi\u00f3n y del pa\u00eds.<br \/>\n\u201cComo municipio nos complace participar de esta actividad y es muy importante porque se visibiliza lo que somos nosotros, nuestra cultura, nuestra gente y nuestros artistas y en particular nuestro Ballet Folcl\u00f3rico que va a participar de esta actividad y tambi\u00e9n algo que hay que resaltar a prop\u00f3sito de la Asociaci\u00f3n de Municipios, de que en esta actividad se va a realizar la constituci\u00f3n de la micro-zona, donde participan los siete municipios del valle y por lo tanto eso da continuidad a lo queremos realizar que es dar a conocer nuestros valores y nuestros artistas y artesanos y productos de Aconcagua, que nos representan en el resto de Chile\u201d, sostuvo la autoridad.<\/p>\n","protected":false},"excerpt":{"rendered":"<p>El pr\u00f3ximo viernes 21 de noviembre se realizar\u00e1 en Valpara\u00edso, la actividad \u2018Aconcagua su gente y cultura\u2019, una iniciativa que tiene como objetivo descentralizar la oferta cultural a los distintos rincones de&#8230;<\/p>\n","protected":false},"author":482,"featured_media":53415,"comment_status":"open","ping_status":"closed","sticky":false,"template":"","format":"standard","meta":{"advanced_seo_description":"","jetpack_seo_html_title":"","jetpack_seo_noindex":false,"_jetpack_memberships_contains_paid_content":false,"footnotes":""},"categories":[15],"tags":[],"class_list":["post-53414","post","type-post","status-publish","format-standard","has-post-thumbnail","hentry","category-comunidad"],"jetpack_featured_media_url":"https:\/\/i0.wp.com\/eltrabajo.cl\/portal\/wp-content\/uploads\/2014\/11\/Aconca1.jpg?fit=528%2C360&ssl=1","jetpack_sharing_enabled":true,"jetpack_likes_enabled":true,"jetpack-related-posts":[],"_links":{"self":[{"href":"https:\/\/eltrabajo.cl\/portal\/wp-json\/wp\/v2\/posts\/53414","targetHints":{"allow":["GET"]}}],"collection":[{"href":"https:\/\/eltrabajo.cl\/portal\/wp-json\/wp\/v2\/posts"}],"about":[{"href":"https:\/\/eltrabajo.cl\/portal\/wp-json\/wp\/v2\/types\/post"}],"author":[{"embeddable":true,"href":"https:\/\/eltrabajo.cl\/portal\/wp-json\/wp\/v2\/users\/482"}],"replies":[{"embeddable":true,"href":"https:\/\/eltrabajo.cl\/portal\/wp-json\/wp\/v2\/comments?post=53414"}],"version-history":[{"count":0,"href":"https:\/\/eltrabajo.cl\/portal\/wp-json\/wp\/v2\/posts\/53414\/revisions"}],"wp:featuredmedia":[{"embeddable":true,"href":"https:\/\/eltrabajo.cl\/portal\/wp-json\/wp\/v2\/media\/53415"}],"wp:attachment":[{"href":"https:\/\/eltrabajo.cl\/portal\/wp-json\/wp\/v2\/media?parent=53414"}],"wp:term":[{"taxonomy":"category","embeddable":true,"href":"https:\/\/eltrabajo.cl\/portal\/wp-json\/wp\/v2\/categories?post=53414"},{"taxonomy":"post_tag","embeddable":true,"href":"https:\/\/eltrabajo.cl\/portal\/wp-json\/wp\/v2\/tags?post=53414"}],"curies":[{"name":"wp","href":"https:\/\/api.w.org\/{rel}","templated":true}]}}