{"id":53417,"date":"2014-11-18T10:15:04","date_gmt":"2014-11-18T13:15:04","guid":{"rendered":"http:\/\/www.eltrabajo.cl\/portal\/?p=53417"},"modified":"2014-11-18T10:15:04","modified_gmt":"2014-11-18T13:15:04","slug":"clasico-provincial-de-ajedrez-con-nota-7-en-san-felipe","status":"publish","type":"post","link":"https:\/\/eltrabajo.cl\/portal\/clasico-provincial-de-ajedrez-con-nota-7-en-san-felipe\/","title":{"rendered":"Cl\u00e1sico provincial de ajedrez con Nota 7 en San Felipe"},"content":{"rendered":"<figure id=\"attachment_53418\" aria-describedby=\"caption-attachment-53418\" style=\"width: 529px\" class=\"wp-caption alignnone\"><a href=\"https:\/\/i0.wp.com\/www.eltrabajo.cl\/portal\/wp-content\/uploads\/2014\/11\/Ajedrez11.jpg\"><img data-recalc-dims=\"1\" loading=\"lazy\" decoding=\"async\" class=\"size-full wp-image-53418\" src=\"https:\/\/i0.wp.com\/www.eltrabajo.cl\/portal\/wp-content\/uploads\/2014\/11\/Ajedrez11.jpg?resize=529%2C359\" alt=\"CL\u00c1SICO PROVINCIAL.- A la actividad asistieron 60 ni\u00f1os de las escuelas Buen Pastor, Jos\u00e9 de San Mart\u00edn, Liceo Roberto Humeres, Mixto, Vedruna, Pumanque y Alem\u00e1n.\" width=\"529\" height=\"359\" srcset=\"https:\/\/i0.wp.com\/eltrabajo.cl\/portal\/wp-content\/uploads\/2014\/11\/Ajedrez11.jpg?w=529&amp;ssl=1 529w, https:\/\/i0.wp.com\/eltrabajo.cl\/portal\/wp-content\/uploads\/2014\/11\/Ajedrez11.jpg?resize=200%2C135&amp;ssl=1 200w, https:\/\/i0.wp.com\/eltrabajo.cl\/portal\/wp-content\/uploads\/2014\/11\/Ajedrez11.jpg?resize=300%2C203&amp;ssl=1 300w, https:\/\/i0.wp.com\/eltrabajo.cl\/portal\/wp-content\/uploads\/2014\/11\/Ajedrez11.jpg?resize=150%2C101&amp;ssl=1 150w, https:\/\/i0.wp.com\/eltrabajo.cl\/portal\/wp-content\/uploads\/2014\/11\/Ajedrez11.jpg?resize=400%2C271&amp;ssl=1 400w\" sizes=\"auto, (max-width: 529px) 100vw, 529px\" \/><\/a><figcaption id=\"caption-attachment-53418\" class=\"wp-caption-text\">CL\u00c1SICO PROVINCIAL.- A la actividad asistieron 60 ni\u00f1os de las escuelas Buen Pastor, Jos\u00e9 de San Mart\u00edn, Liceo Roberto Humeres, Mixto, Vedruna, Pumanque y Alem\u00e1n.<\/figcaption><\/figure>\n<p>A pesar del calor reinante durante el pasado fin de semana, el viernes 14 de noviembre se realiz\u00f3 el torneo de ajedrez en el gimnasio del Colegio Pumanque, mismo que convoc\u00f3 a colegios de toda la comuna de San Felipe. A la actividad asistieron 60 ni\u00f1os de las escuelas Buen Pastor, Jos\u00e9 de San Mart\u00edn, Liceo Roberto Humeres, Mixto, Vedruna, Pumanque y Alem\u00e1n, los que divididos en tres categor\u00edas de seis a nueve a\u00f1os; de diez a catorce a\u00f1os y de 15 a 17 a\u00f1os, participaron en tres partidas con sus rivales.<\/p>\n<figure id=\"attachment_53419\" aria-describedby=\"caption-attachment-53419\" style=\"width: 400px\" class=\"wp-caption alignright\"><a href=\"https:\/\/i0.wp.com\/www.eltrabajo.cl\/portal\/wp-content\/uploads\/2014\/11\/Ajedrez2.jpg\"><img data-recalc-dims=\"1\" loading=\"lazy\" decoding=\"async\" class=\"wp-image-53419\" src=\"https:\/\/i0.wp.com\/www.eltrabajo.cl\/portal\/wp-content\/uploads\/2014\/11\/Ajedrez2.jpg?resize=400%2C216\" alt=\"ALEGR\u00cdA DEL TRIUNFO.- En la ceremonia final de entrega de premios, junto con los participantes destacados, se entregaron medallas para todos los participantes, evidenciando que la pr\u00e1ctica de esta disciplina apunta al crecimiento integral de ni\u00f1os.\" width=\"400\" height=\"216\" srcset=\"https:\/\/i0.wp.com\/eltrabajo.cl\/portal\/wp-content\/uploads\/2014\/11\/Ajedrez2.jpg?w=529&amp;ssl=1 529w, https:\/\/i0.wp.com\/eltrabajo.cl\/portal\/wp-content\/uploads\/2014\/11\/Ajedrez2.jpg?resize=200%2C108&amp;ssl=1 200w, https:\/\/i0.wp.com\/eltrabajo.cl\/portal\/wp-content\/uploads\/2014\/11\/Ajedrez2.jpg?resize=300%2C162&amp;ssl=1 300w, https:\/\/i0.wp.com\/eltrabajo.cl\/portal\/wp-content\/uploads\/2014\/11\/Ajedrez2.jpg?resize=150%2C81&amp;ssl=1 150w, https:\/\/i0.wp.com\/eltrabajo.cl\/portal\/wp-content\/uploads\/2014\/11\/Ajedrez2.jpg?resize=400%2C216&amp;ssl=1 400w\" sizes=\"auto, (max-width: 400px) 100vw, 400px\" \/><\/a><figcaption id=\"caption-attachment-53419\" class=\"wp-caption-text\">ALEGR\u00cdA DEL TRIUNFO.- En la ceremonia final de entrega de premios, junto con los participantes destacados, se entregaron medallas para todos los participantes, evidenciando que la pr\u00e1ctica de esta disciplina apunta al crecimiento integral de ni\u00f1os.<\/figcaption><\/figure>\n<p>En la ceremonia final de entrega de premios, junto con los participantes destacados, se entregaron medallas para todos los participantes, evidenciando que la pr\u00e1ctica de esta disciplina apunta al crecimiento integral de ni\u00f1os. Las bases de la competencia indicaban que se premiaba en cada categor\u00eda a los tres primeros lugares, con una copa al ganador y medallas para el segundo y tercer lugar.<\/p>\n<p><strong>AJEDRECISTAS PREMIADOS<\/strong><\/p>\n<p><strong>Categor\u00eda de seis a nueve a\u00f1os<\/strong><br \/>\n1.- Primer lugar: Benjam\u00edn Mart\u00ednez Colegio Buen Pastor<br \/>\n2. -Segundo lugar: Vicente Toledo Colegio Alem\u00e1n<br \/>\n3. -Tercer lugar: Benjam\u00edn Narro Colegio Vedruna<br \/>\n<strong>Categor\u00eda de diez a doce a\u00f1os<\/strong><br \/>\n1. -Primer lugar: Magdiel Godoy Colegio Jos\u00e9 de San Mart\u00edn<br \/>\n2.- Segundo lugar: Daniel Mar\u00edn Colegio Pumanque<br \/>\n3.- Tercer lugar: Lisbeth Raymonsson Colegio Jos\u00e9 de San Mart\u00edn<br \/>\n<strong>Categor\u00eda de trece a 18 a\u00f1os<\/strong><br \/>\n1.- Primer lugar: Delier Raymonsson Liceo Industrial<br \/>\n2.- Segundo lugar: Cristi\u00e1n Leiva Colegio Pumanque<br \/>\n3.- Tercer lugar: Andr\u00e9s Tapia Liceo Roberto Humeres<br \/>\n<strong>Premios especiales<\/strong><br \/>\n1.- Daniela Trivi\u00f1o Colegio Pumanque<br \/>\n2.- Emilia Gonz\u00e1lez Colegio Pumanque<br \/>\n3.- Felipe Correa Colegio Pumanque<br \/>\n4.- Ignacio Ahumada Colegio Pumanque<br \/>\n5.- Mart\u00edn Leiva Colegio Pumanque<br \/>\n6.- Elisa Cabrera Colegio Pumanque<br \/>\n7.- Renato Ram\u00edrez Colegio Pumanque<br \/>\n8.- Ra\u00fal P\u00e9rez Colegio Pumanque<br \/>\n9.- Corina Cabrera Colegio Pumanque<br \/>\n10.- Camilo Valdivia Colegio Pumanque<br \/>\n11.- Diego Ram\u00edrez Colegio Pumanque<br \/>\n12.- Martina Gonz\u00e1lez Colegio Pumanque<br \/>\n13.- Mart\u00edn Rocuant Colegio Pumanque<br \/>\n14.- Eduardo Contreras Colegio Pumanque.<br \/>\n15.- Johann Lillo Colegio Buen Pastor<br \/>\n16.- Crist\u00f3bal Baumann Colegio Alem\u00e1n<\/p>\n","protected":false},"excerpt":{"rendered":"<p>A pesar del calor reinante durante el pasado fin de semana, el viernes 14 de noviembre se realiz\u00f3 el torneo de ajedrez en el gimnasio del Colegio Pumanque, mismo que convoc\u00f3 a&#8230;<\/p>\n","protected":false},"author":482,"featured_media":53418,"comment_status":"open","ping_status":"closed","sticky":false,"template":"","format":"standard","meta":{"advanced_seo_description":"","jetpack_seo_html_title":"","jetpack_seo_noindex":false,"_jetpack_memberships_contains_paid_content":false,"footnotes":""},"categories":[15],"tags":[],"class_list":["post-53417","post","type-post","status-publish","format-standard","has-post-thumbnail","hentry","category-comunidad"],"jetpack_featured_media_url":"https:\/\/i0.wp.com\/eltrabajo.cl\/portal\/wp-content\/uploads\/2014\/11\/Ajedrez11.jpg?fit=529%2C359&ssl=1","jetpack_sharing_enabled":true,"jetpack_likes_enabled":true,"jetpack-related-posts":[],"_links":{"self":[{"href":"https:\/\/eltrabajo.cl\/portal\/wp-json\/wp\/v2\/posts\/53417","targetHints":{"allow":["GET"]}}],"collection":[{"href":"https:\/\/eltrabajo.cl\/portal\/wp-json\/wp\/v2\/posts"}],"about":[{"href":"https:\/\/eltrabajo.cl\/portal\/wp-json\/wp\/v2\/types\/post"}],"author":[{"embeddable":true,"href":"https:\/\/eltrabajo.cl\/portal\/wp-json\/wp\/v2\/users\/482"}],"replies":[{"embeddable":true,"href":"https:\/\/eltrabajo.cl\/portal\/wp-json\/wp\/v2\/comments?post=53417"}],"version-history":[{"count":0,"href":"https:\/\/eltrabajo.cl\/portal\/wp-json\/wp\/v2\/posts\/53417\/revisions"}],"wp:featuredmedia":[{"embeddable":true,"href":"https:\/\/eltrabajo.cl\/portal\/wp-json\/wp\/v2\/media\/53418"}],"wp:attachment":[{"href":"https:\/\/eltrabajo.cl\/portal\/wp-json\/wp\/v2\/media?parent=53417"}],"wp:term":[{"taxonomy":"category","embeddable":true,"href":"https:\/\/eltrabajo.cl\/portal\/wp-json\/wp\/v2\/categories?post=53417"},{"taxonomy":"post_tag","embeddable":true,"href":"https:\/\/eltrabajo.cl\/portal\/wp-json\/wp\/v2\/tags?post=53417"}],"curies":[{"name":"wp","href":"https:\/\/api.w.org\/{rel}","templated":true}]}}