{"id":53428,"date":"2014-11-18T10:19:49","date_gmt":"2014-11-18T13:19:49","guid":{"rendered":"http:\/\/www.eltrabajo.cl\/portal\/?p=53428"},"modified":"2014-11-18T10:19:49","modified_gmt":"2014-11-18T13:19:49","slug":"grupo-san-pedro-nolasco-hara-campana-para-colectar-juguetes","status":"publish","type":"post","link":"https:\/\/eltrabajo.cl\/portal\/grupo-san-pedro-nolasco-hara-campana-para-colectar-juguetes\/","title":{"rendered":"Grupo San Pedro Nolasco har\u00e1 campa\u00f1a para colectar juguetes"},"content":{"rendered":"<figure id=\"attachment_53429\" aria-describedby=\"caption-attachment-53429\" style=\"width: 529px\" class=\"wp-caption alignnone\"><a href=\"https:\/\/i0.wp.com\/www.eltrabajo.cl\/portal\/wp-content\/uploads\/2014\/11\/Scouts1.jpg\"><img data-recalc-dims=\"1\" loading=\"lazy\" decoding=\"async\" class=\"size-full wp-image-53429\" src=\"https:\/\/i0.wp.com\/www.eltrabajo.cl\/portal\/wp-content\/uploads\/2014\/11\/Scouts1.jpg?resize=529%2C348\" alt=\"Ellos son parte de los j\u00f3venes que durante este pr\u00f3ximo s\u00e1bado pasar\u00e1n por su casa a pedir juguetes. Los interesados pueden llamar al 500 203 25.\" width=\"529\" height=\"348\" srcset=\"https:\/\/i0.wp.com\/eltrabajo.cl\/portal\/wp-content\/uploads\/2014\/11\/Scouts1.jpg?w=529&amp;ssl=1 529w, https:\/\/i0.wp.com\/eltrabajo.cl\/portal\/wp-content\/uploads\/2014\/11\/Scouts1.jpg?resize=200%2C131&amp;ssl=1 200w, https:\/\/i0.wp.com\/eltrabajo.cl\/portal\/wp-content\/uploads\/2014\/11\/Scouts1.jpg?resize=300%2C197&amp;ssl=1 300w, https:\/\/i0.wp.com\/eltrabajo.cl\/portal\/wp-content\/uploads\/2014\/11\/Scouts1.jpg?resize=150%2C98&amp;ssl=1 150w, https:\/\/i0.wp.com\/eltrabajo.cl\/portal\/wp-content\/uploads\/2014\/11\/Scouts1.jpg?resize=400%2C263&amp;ssl=1 400w\" sizes=\"auto, (max-width: 529px) 100vw, 529px\" \/><\/a><figcaption id=\"caption-attachment-53429\" class=\"wp-caption-text\">Ellos son parte de los j\u00f3venes que durante este pr\u00f3ximo s\u00e1bado pasar\u00e1n por su casa a pedir juguetes. Los interesados pueden llamar al 500 203 25.<\/figcaption><\/figure>\n<p>Este s\u00e1bado 22 de noviembre miembros de Grupo San Pedro Nolasco de los Gu\u00edas Scouts de San Felipe, estar\u00e1 realizando una colecta de juguetes en buen estado, esto para poder financiar los premios que se entregar\u00e1n el pr\u00f3ximo s\u00e1bado 29 en otra actividad. Diario El Trabajo habl\u00f3 con Alonso Becerra, representante del grupo, mismo que se compone por m\u00e1s de 35 j\u00f3venes, quien coment\u00f3 que \u00abestaremos pasando puerta a puerta por poblaciones como villas San Camilo, Parque Alameda, Poblaci\u00f3n Bernardo Cruz, Villa Juan Mart\u00ednez de Rosa, Portal Aconcagua y otras cercanas, para solicitar cuanto juguete nos quieran donar, pueden ser libros para colorear, pinturitas, mu\u00f1ecas etc. etc.\u00bb.<\/p>\n<figure id=\"attachment_53430\" aria-describedby=\"caption-attachment-53430\" style=\"width: 300px\" class=\"wp-caption alignright\"><a href=\"https:\/\/i0.wp.com\/www.eltrabajo.cl\/portal\/wp-content\/uploads\/2014\/11\/Alonso-Becerra.jpg\"><img data-recalc-dims=\"1\" loading=\"lazy\" decoding=\"async\" class=\"wp-image-53430 size-medium\" src=\"https:\/\/i0.wp.com\/www.eltrabajo.cl\/portal\/wp-content\/uploads\/2014\/11\/Alonso-Becerra-300x263.jpg?resize=300%2C263\" alt=\"Alonso Becerra, representante de Grupo San Pedro Nolasco de los Gu\u00edas Scouts de San Felipe.\" width=\"300\" height=\"263\" srcset=\"https:\/\/i0.wp.com\/eltrabajo.cl\/portal\/wp-content\/uploads\/2014\/11\/Alonso-Becerra.jpg?resize=300%2C263&amp;ssl=1 300w, https:\/\/i0.wp.com\/eltrabajo.cl\/portal\/wp-content\/uploads\/2014\/11\/Alonso-Becerra.jpg?resize=170%2C150&amp;ssl=1 170w, https:\/\/i0.wp.com\/eltrabajo.cl\/portal\/wp-content\/uploads\/2014\/11\/Alonso-Becerra.jpg?resize=150%2C131&amp;ssl=1 150w, https:\/\/i0.wp.com\/eltrabajo.cl\/portal\/wp-content\/uploads\/2014\/11\/Alonso-Becerra.jpg?resize=400%2C351&amp;ssl=1 400w, https:\/\/i0.wp.com\/eltrabajo.cl\/portal\/wp-content\/uploads\/2014\/11\/Alonso-Becerra.jpg?w=529&amp;ssl=1 529w\" sizes=\"auto, (max-width: 300px) 100vw, 300px\" \/><\/a><figcaption id=\"caption-attachment-53430\" class=\"wp-caption-text\">Alonso Becerra, representante de Grupo San Pedro Nolasco de los Gu\u00edas Scouts de San Felipe.<\/figcaption><\/figure>\n<p>El s\u00e1bado 20 se estar\u00e1 realizando en Alameda Chacabuco, propiamente entre Toro Mazote y Portus, una actividad de juegos interactivos con los presentes, a fin de apoyar as\u00ed a la Telet\u00f3n 2014, dando premios, esos mismos regalos de la colecta, a quienes participen en los juegos. Esta jornada ser\u00e1 desde las 10:00 a las 20:00 horas.<br \/>\nRoberto Gonz\u00e1lez Short<\/p>\n","protected":false},"excerpt":{"rendered":"<p>Este s\u00e1bado 22 de noviembre miembros de Grupo San Pedro Nolasco de los Gu\u00edas Scouts de San Felipe, estar\u00e1 realizando una colecta de juguetes en buen estado, esto para poder financiar los&#8230;<\/p>\n","protected":false},"author":482,"featured_media":53429,"comment_status":"open","ping_status":"closed","sticky":false,"template":"","format":"standard","meta":{"advanced_seo_description":"","jetpack_seo_html_title":"","jetpack_seo_noindex":false,"_jetpack_memberships_contains_paid_content":false,"footnotes":""},"categories":[15],"tags":[],"class_list":["post-53428","post","type-post","status-publish","format-standard","has-post-thumbnail","hentry","category-comunidad"],"jetpack_featured_media_url":"https:\/\/i0.wp.com\/eltrabajo.cl\/portal\/wp-content\/uploads\/2014\/11\/Scouts1.jpg?fit=529%2C348&ssl=1","jetpack_sharing_enabled":true,"jetpack_likes_enabled":true,"jetpack-related-posts":[],"_links":{"self":[{"href":"https:\/\/eltrabajo.cl\/portal\/wp-json\/wp\/v2\/posts\/53428","targetHints":{"allow":["GET"]}}],"collection":[{"href":"https:\/\/eltrabajo.cl\/portal\/wp-json\/wp\/v2\/posts"}],"about":[{"href":"https:\/\/eltrabajo.cl\/portal\/wp-json\/wp\/v2\/types\/post"}],"author":[{"embeddable":true,"href":"https:\/\/eltrabajo.cl\/portal\/wp-json\/wp\/v2\/users\/482"}],"replies":[{"embeddable":true,"href":"https:\/\/eltrabajo.cl\/portal\/wp-json\/wp\/v2\/comments?post=53428"}],"version-history":[{"count":0,"href":"https:\/\/eltrabajo.cl\/portal\/wp-json\/wp\/v2\/posts\/53428\/revisions"}],"wp:featuredmedia":[{"embeddable":true,"href":"https:\/\/eltrabajo.cl\/portal\/wp-json\/wp\/v2\/media\/53429"}],"wp:attachment":[{"href":"https:\/\/eltrabajo.cl\/portal\/wp-json\/wp\/v2\/media?parent=53428"}],"wp:term":[{"taxonomy":"category","embeddable":true,"href":"https:\/\/eltrabajo.cl\/portal\/wp-json\/wp\/v2\/categories?post=53428"},{"taxonomy":"post_tag","embeddable":true,"href":"https:\/\/eltrabajo.cl\/portal\/wp-json\/wp\/v2\/tags?post=53428"}],"curies":[{"name":"wp","href":"https:\/\/api.w.org\/{rel}","templated":true}]}}