{"id":53434,"date":"2014-11-18T10:25:25","date_gmt":"2014-11-18T13:25:25","guid":{"rendered":"http:\/\/www.eltrabajo.cl\/portal\/?p=53434"},"modified":"2014-11-18T10:25:25","modified_gmt":"2014-11-18T13:25:25","slug":"incendio-redujo-a-escombros-una-vivienda-en-lo-calvo","status":"publish","type":"post","link":"https:\/\/eltrabajo.cl\/portal\/incendio-redujo-a-escombros-una-vivienda-en-lo-calvo\/","title":{"rendered":"Incendio redujo a escombros una vivienda en Lo Calvo"},"content":{"rendered":"<figure id=\"attachment_53435\" aria-describedby=\"caption-attachment-53435\" style=\"width: 400px\" class=\"wp-caption alignleft\"><a href=\"https:\/\/i0.wp.com\/www.eltrabajo.cl\/portal\/wp-content\/uploads\/2014\/11\/Fuego1.jpg\"><img data-recalc-dims=\"1\" loading=\"lazy\" decoding=\"async\" class=\"wp-image-53435\" src=\"https:\/\/i0.wp.com\/www.eltrabajo.cl\/portal\/wp-content\/uploads\/2014\/11\/Fuego1.jpg?resize=400%2C303\" alt=\"El inmueble era habitado por una persona que al momento el inicio del fuego no se encontraba en el lugar, por lo que del departamento t\u00e9cnico deber\u00e1 determinar el origen del siniestro.\" width=\"400\" height=\"303\" srcset=\"https:\/\/i0.wp.com\/eltrabajo.cl\/portal\/wp-content\/uploads\/2014\/11\/Fuego1.jpg?w=528&amp;ssl=1 528w, https:\/\/i0.wp.com\/eltrabajo.cl\/portal\/wp-content\/uploads\/2014\/11\/Fuego1.jpg?resize=198%2C150&amp;ssl=1 198w, https:\/\/i0.wp.com\/eltrabajo.cl\/portal\/wp-content\/uploads\/2014\/11\/Fuego1.jpg?resize=300%2C227&amp;ssl=1 300w, https:\/\/i0.wp.com\/eltrabajo.cl\/portal\/wp-content\/uploads\/2014\/11\/Fuego1.jpg?resize=150%2C113&amp;ssl=1 150w, https:\/\/i0.wp.com\/eltrabajo.cl\/portal\/wp-content\/uploads\/2014\/11\/Fuego1.jpg?resize=400%2C303&amp;ssl=1 400w\" sizes=\"auto, (max-width: 400px) 100vw, 400px\" \/><\/a><figcaption id=\"caption-attachment-53435\" class=\"wp-caption-text\">El inmueble era habitado por una persona que al momento el inicio del fuego no se encontraba en el lugar, por lo que del departamento t\u00e9cnico deber\u00e1 determinar el origen del siniestro.<\/figcaption><\/figure>\n<p><strong>SAN ESTEBAN<\/strong>.- Completamente destruida result\u00f3 una vivienda de material ligero, a causa de un incendio declarado en horas de la madrugada de este viernes en la comuna de San Esteban. Seg\u00fan inform\u00f3 el Segundo Comandante del Cuerpo de Bomberos de San Esteban, Sebasti\u00e1n Arancibia, a eso de las 00:15 horas recibieron el llamado de vecinos alertando que en Calle La l\u00ednea del sector de Lo Calvo se estaba incendiando.<br \/>\nEl oficial indic\u00f3 que tras la llegada de la primera unidad se comprob\u00f3 que el inmueble se encontraba completamente envuelto en llamas, por lo cual se hizo necesaria la presencia de todos los carros de agua con que disponen. Tras casi 40 minutos de trabajo lograron controlar las llamas y evitar que estas se propagaran a casas contiguas.<\/p>\n","protected":false},"excerpt":{"rendered":"<p>SAN ESTEBAN.- Completamente destruida result\u00f3 una vivienda de material ligero, a causa de un incendio declarado en horas de la madrugada de este viernes en la comuna de San Esteban. Seg\u00fan inform\u00f3&#8230;<\/p>\n","protected":false},"author":482,"featured_media":53435,"comment_status":"open","ping_status":"closed","sticky":false,"template":"","format":"standard","meta":{"advanced_seo_description":"","jetpack_seo_html_title":"","jetpack_seo_noindex":false,"_jetpack_memberships_contains_paid_content":false,"footnotes":""},"categories":[21],"tags":[],"class_list":["post-53434","post","type-post","status-publish","format-standard","has-post-thumbnail","hentry","category-policial"],"jetpack_featured_media_url":"https:\/\/i0.wp.com\/eltrabajo.cl\/portal\/wp-content\/uploads\/2014\/11\/Fuego1.jpg?fit=528%2C400&ssl=1","jetpack_sharing_enabled":true,"jetpack_likes_enabled":true,"jetpack-related-posts":[],"_links":{"self":[{"href":"https:\/\/eltrabajo.cl\/portal\/wp-json\/wp\/v2\/posts\/53434","targetHints":{"allow":["GET"]}}],"collection":[{"href":"https:\/\/eltrabajo.cl\/portal\/wp-json\/wp\/v2\/posts"}],"about":[{"href":"https:\/\/eltrabajo.cl\/portal\/wp-json\/wp\/v2\/types\/post"}],"author":[{"embeddable":true,"href":"https:\/\/eltrabajo.cl\/portal\/wp-json\/wp\/v2\/users\/482"}],"replies":[{"embeddable":true,"href":"https:\/\/eltrabajo.cl\/portal\/wp-json\/wp\/v2\/comments?post=53434"}],"version-history":[{"count":0,"href":"https:\/\/eltrabajo.cl\/portal\/wp-json\/wp\/v2\/posts\/53434\/revisions"}],"wp:featuredmedia":[{"embeddable":true,"href":"https:\/\/eltrabajo.cl\/portal\/wp-json\/wp\/v2\/media\/53435"}],"wp:attachment":[{"href":"https:\/\/eltrabajo.cl\/portal\/wp-json\/wp\/v2\/media?parent=53434"}],"wp:term":[{"taxonomy":"category","embeddable":true,"href":"https:\/\/eltrabajo.cl\/portal\/wp-json\/wp\/v2\/categories?post=53434"},{"taxonomy":"post_tag","embeddable":true,"href":"https:\/\/eltrabajo.cl\/portal\/wp-json\/wp\/v2\/tags?post=53434"}],"curies":[{"name":"wp","href":"https:\/\/api.w.org\/{rel}","templated":true}]}}