{"id":53452,"date":"2014-11-21T09:26:15","date_gmt":"2014-11-21T12:26:15","guid":{"rendered":"http:\/\/www.eltrabajo.cl\/portal\/?p=53452"},"modified":"2014-11-21T09:26:15","modified_gmt":"2014-11-21T12:26:15","slug":"grupo-los-girasoles-sigue-brillando-con-sus-presentaciones","status":"publish","type":"post","link":"https:\/\/eltrabajo.cl\/portal\/grupo-los-girasoles-sigue-brillando-con-sus-presentaciones\/","title":{"rendered":"Grupo Los Girasoles sigue brillando con sus presentaciones"},"content":{"rendered":"<figure id=\"attachment_53453\" aria-describedby=\"caption-attachment-53453\" style=\"width: 529px\" class=\"wp-caption alignnone\"><a href=\"https:\/\/i0.wp.com\/www.eltrabajo.cl\/portal\/wp-content\/uploads\/2014\/11\/Grupo1.jpg\"><img data-recalc-dims=\"1\" loading=\"lazy\" decoding=\"async\" class=\"size-full wp-image-53453\" src=\"https:\/\/i0.wp.com\/www.eltrabajo.cl\/portal\/wp-content\/uploads\/2014\/11\/Grupo1.jpg?resize=529%2C358\" alt=\"Estos ni\u00f1os que se esfuerzan d\u00eda a d\u00eda en mantener sus buenas notas, dedican los fines de semana a los ensayos, siempre con la consigna de seguir mejorando para mostrarles su arte a la comunidad.\" width=\"529\" height=\"358\" srcset=\"https:\/\/i0.wp.com\/eltrabajo.cl\/portal\/wp-content\/uploads\/2014\/11\/Grupo1.jpg?w=529&amp;ssl=1 529w, https:\/\/i0.wp.com\/eltrabajo.cl\/portal\/wp-content\/uploads\/2014\/11\/Grupo1.jpg?resize=200%2C135&amp;ssl=1 200w, https:\/\/i0.wp.com\/eltrabajo.cl\/portal\/wp-content\/uploads\/2014\/11\/Grupo1.jpg?resize=300%2C203&amp;ssl=1 300w, https:\/\/i0.wp.com\/eltrabajo.cl\/portal\/wp-content\/uploads\/2014\/11\/Grupo1.jpg?resize=150%2C101&amp;ssl=1 150w, https:\/\/i0.wp.com\/eltrabajo.cl\/portal\/wp-content\/uploads\/2014\/11\/Grupo1.jpg?resize=400%2C270&amp;ssl=1 400w\" sizes=\"auto, (max-width: 529px) 100vw, 529px\" \/><\/a><figcaption id=\"caption-attachment-53453\" class=\"wp-caption-text\">Estos ni\u00f1os que se esfuerzan d\u00eda a d\u00eda en mantener sus buenas notas, dedican los fines de semana a los ensayos, siempre con la consigna de seguir mejorando para mostrarles su arte a la comunidad.<\/figcaption><\/figure>\n<p><strong>LOS ANDES.<\/strong>&#8211; Desde hace alrededor de cinco a\u00f1os que un grupo de ni\u00f1os de Poblaci\u00f3n Gabriela Mistral, gracias a un matrimonio del sector, formaron la agrupaci\u00f3n folcl\u00f3rica Los Girasoles de Gabriela Mistral, la cual exige a los integrantes tener buenas notas en sus colegios y a la vez ocupar los fines de semana en los ensayos para las distintas presentaciones que hacen.<br \/>\nEste grupo ha llegado a tener cerca de 40 participantes, todos del sector, los cuales se comprometen a esforzarse por entregar una buena presentaci\u00f3n y mantener sus rendimientos acad\u00e9micos. Adem\u00e1s que tambi\u00e9n muchos de ellos se destacan en otras actividades deportivas en sus distintos colegios.<br \/>\nSeg\u00fan comenta, Emiliana V\u00e1squez, presidente de Los Girasoles de Gabriela Mistral, \u00abestos son ni\u00f1os de esfuerzo que entregan sus d\u00edas de esparcimiento por ensayar folclor y preparar las presentaciones, por lo cual es bastante destacable su labor\u00bb.<br \/>\nSi bien actualmente son cerca de 25 ni\u00f1os los integrantes de esta agrupaci\u00f3n, la idea es siempre mantener un elenco estable para las presentaciones, ya que cuando van saliendo del colegio, normalmente dejan de participar. Esta agrupaci\u00f3n adem\u00e1s a trav\u00e9s de la postulaci\u00f3n a proyectos y con esfuerzos, ha logrado obtener la indumentaria necesaria para las presentaciones y as\u00ed brindar un bonito espect\u00e1culo.<br \/>\nLa particularidad de estos ni\u00f1os es que ellos prefieren estar participando de esta agrupaci\u00f3n folcl\u00f3rica y mantener sus notas acad\u00e9micas, en vez de verse envueltos en un entorno social que muchas veces no da buenos ejemplos a la juventud. Adem\u00e1s, incluso los fines de semana se est\u00e1n presentando y promoviendo el folclor en las ferias libres y tambi\u00e9n en la feria de las pulgas, que se instala en el parque urbano. Actualmente estos ni\u00f1os son invitados a una serie de presentaciones, donde en cada una de ellas se lucen con sus bailes y dejan muy satisfecha a quienes presencian su arte.<\/p>\n","protected":false},"excerpt":{"rendered":"<p>LOS ANDES.&#8211; Desde hace alrededor de cinco a\u00f1os que un grupo de ni\u00f1os de Poblaci\u00f3n Gabriela Mistral, gracias a un matrimonio del sector, formaron la agrupaci\u00f3n folcl\u00f3rica Los Girasoles de Gabriela Mistral,&#8230;<\/p>\n","protected":false},"author":482,"featured_media":53453,"comment_status":"open","ping_status":"closed","sticky":false,"template":"","format":"standard","meta":{"advanced_seo_description":"","jetpack_seo_html_title":"","jetpack_seo_noindex":false,"_jetpack_memberships_contains_paid_content":false,"footnotes":""},"categories":[15],"tags":[],"class_list":["post-53452","post","type-post","status-publish","format-standard","has-post-thumbnail","hentry","category-comunidad"],"jetpack_featured_media_url":"https:\/\/i0.wp.com\/eltrabajo.cl\/portal\/wp-content\/uploads\/2014\/11\/Grupo1.jpg?fit=529%2C358&ssl=1","jetpack_sharing_enabled":true,"jetpack_likes_enabled":true,"jetpack-related-posts":[],"_links":{"self":[{"href":"https:\/\/eltrabajo.cl\/portal\/wp-json\/wp\/v2\/posts\/53452","targetHints":{"allow":["GET"]}}],"collection":[{"href":"https:\/\/eltrabajo.cl\/portal\/wp-json\/wp\/v2\/posts"}],"about":[{"href":"https:\/\/eltrabajo.cl\/portal\/wp-json\/wp\/v2\/types\/post"}],"author":[{"embeddable":true,"href":"https:\/\/eltrabajo.cl\/portal\/wp-json\/wp\/v2\/users\/482"}],"replies":[{"embeddable":true,"href":"https:\/\/eltrabajo.cl\/portal\/wp-json\/wp\/v2\/comments?post=53452"}],"version-history":[{"count":0,"href":"https:\/\/eltrabajo.cl\/portal\/wp-json\/wp\/v2\/posts\/53452\/revisions"}],"wp:featuredmedia":[{"embeddable":true,"href":"https:\/\/eltrabajo.cl\/portal\/wp-json\/wp\/v2\/media\/53453"}],"wp:attachment":[{"href":"https:\/\/eltrabajo.cl\/portal\/wp-json\/wp\/v2\/media?parent=53452"}],"wp:term":[{"taxonomy":"category","embeddable":true,"href":"https:\/\/eltrabajo.cl\/portal\/wp-json\/wp\/v2\/categories?post=53452"},{"taxonomy":"post_tag","embeddable":true,"href":"https:\/\/eltrabajo.cl\/portal\/wp-json\/wp\/v2\/tags?post=53452"}],"curies":[{"name":"wp","href":"https:\/\/api.w.org\/{rel}","templated":true}]}}