{"id":53458,"date":"2014-11-21T09:28:15","date_gmt":"2014-11-21T12:28:15","guid":{"rendered":"http:\/\/www.eltrabajo.cl\/portal\/?p=53458"},"modified":"2014-11-21T09:28:15","modified_gmt":"2014-11-21T12:28:15","slug":"variadas-expresiones-artisticas-se-presentaran-en-la-teleton-en-san-felipe","status":"publish","type":"post","link":"https:\/\/eltrabajo.cl\/portal\/variadas-expresiones-artisticas-se-presentaran-en-la-teleton-en-san-felipe\/","title":{"rendered":"Variadas expresiones art\u00edsticas se presentar\u00e1n en la Telet\u00f3n en San Felipe"},"content":{"rendered":"<figure id=\"attachment_53459\" aria-describedby=\"caption-attachment-53459\" style=\"width: 400px\" class=\"wp-caption alignleft\"><a href=\"https:\/\/i0.wp.com\/www.eltrabajo.cl\/portal\/wp-content\/uploads\/2014\/11\/Teleton1.jpg\"><img data-recalc-dims=\"1\" loading=\"lazy\" decoding=\"async\" class=\"wp-image-53459\" src=\"https:\/\/i0.wp.com\/www.eltrabajo.cl\/portal\/wp-content\/uploads\/2014\/11\/Teleton1.jpg?resize=400%2C243\" alt=\"La actividad comenzar\u00e1 el viernes 28 de noviembre, a las 20:00 horas con la presentaci\u00f3n de bandas de rock.\" width=\"400\" height=\"243\" srcset=\"https:\/\/i0.wp.com\/eltrabajo.cl\/portal\/wp-content\/uploads\/2014\/11\/Teleton1.jpg?w=529&amp;ssl=1 529w, https:\/\/i0.wp.com\/eltrabajo.cl\/portal\/wp-content\/uploads\/2014\/11\/Teleton1.jpg?resize=200%2C121&amp;ssl=1 200w, https:\/\/i0.wp.com\/eltrabajo.cl\/portal\/wp-content\/uploads\/2014\/11\/Teleton1.jpg?resize=300%2C182&amp;ssl=1 300w, https:\/\/i0.wp.com\/eltrabajo.cl\/portal\/wp-content\/uploads\/2014\/11\/Teleton1.jpg?resize=150%2C91&amp;ssl=1 150w, https:\/\/i0.wp.com\/eltrabajo.cl\/portal\/wp-content\/uploads\/2014\/11\/Teleton1.jpg?resize=400%2C242&amp;ssl=1 400w\" sizes=\"auto, (max-width: 400px) 100vw, 400px\" \/><\/a><figcaption id=\"caption-attachment-53459\" class=\"wp-caption-text\">La actividad comenzar\u00e1 el viernes 28 de noviembre, a las 20:00 horas con la presentaci\u00f3n de bandas de rock.<\/figcaption><\/figure>\n<p>Un entretenido programa tiene organizado el municipio de San Felipe para el pr\u00f3ximo viernes 28 y s\u00e1bado 29 de noviembre, d\u00edas que se realizar\u00e1 la Telet\u00f3n 2014. As\u00ed lo dio a conocer Patricio Gonz\u00e1lez, Alcalde (S) de San Felipe, quien se\u00f1al\u00f3 que \u201cesperamos contar con la presencia de todos los vecinos y no solo cumplir la meta sino superarla y agradecer a las personas el gesto de solidaridad que significa para San Felipe poder contribuir a esta cruzada tan importante para todos los chilenos\u201d.<br \/>\nLa actividad comenzar\u00e1 el viernes 28 de noviembre, a las 20:00 horas con la presentaci\u00f3n de bandas de rock, reggaet\u00f3n y orquestas rancheras y tropicales, entre las que destacan Paula Portal, Los Charros del Valle, Joaqu\u00edn Lobos el grupo Innovaci\u00f3n Barrera y muchos otros, quienes har\u00e1n bailar y pasar un entretenido momento a quienes lleguen al sector c\u00e9ntrico de San Felipe.<br \/>\nLa ma\u00f1ana del s\u00e1bado estar\u00e1 destinada a los m\u00e1s peque\u00f1os, con un show especialmente pensado en ellos, ya que ese d\u00eda se presentar\u00e1 un espect\u00e1culo circense, adem\u00e1s de la presentaci\u00f3n de n\u00fameros de danza y la banda de rock del Liceo Cordillera, entre otras actividades.<br \/>\nAdem\u00e1s en ese horario varias familias de la Escuela Sagrado Coraz\u00f3n dar\u00e1n a conocer su experiencia al interior del instituto de rehabilitaci\u00f3n.<br \/>\n\u201cHemos invitado a algunas de nuestras familias a dar un testimonio de lo que ellos viven en Telet\u00f3n, un gran n\u00famero de alumnos asiste a Telet\u00f3n que es una red de apoyo y consideramos que su testimonio es muy importante y permitir\u00e1 motivar a las personas para que se acerquen al banco\u201d, dijo la directora del establecimiento, Beatriz Gallardo.<br \/>\nEl show continuar\u00e1 a las 17:00horas con la presentaci\u00f3n de los talleres del Departamento de Cultura, que contar\u00e1 con la actuaci\u00f3n de Talento San Felipe y danza \u00e1rabe. Y entre las 19:30 y las 20:30 horas la zumba se tomar\u00e1 el sector c\u00e9ntrico de la comuna y la invitaci\u00f3n es a todos los vecinos a participar de una gran zumbat\u00f3n.<br \/>\nEn tanto entre las 20:30 y las 00:00 horas, nuevamente la m\u00fasica estar\u00e1 presente en el escenario central, con la presentaci\u00f3n de varias bandas locales.<br \/>\nAdem\u00e1s en el sector de Curim\u00f3n tambi\u00e9n los vecinos est\u00e1n organizados para cooperar con esta cruzada nacional y este a\u00f1o han sumado m\u00e1s actividades a las que tradicionalmente realizan, y en esos d\u00edas se contar\u00e1 con un carro m\u00f3vil, que presentar\u00e1 un entretenido show art\u00edstico y la caja buz\u00f3n del Banco de Chile que recorrer\u00e1 varios sectores. A eso se suma la realizaci\u00f3n, el s\u00e1bado 29 en la cancha de Bucalemu, de un evento tuning que contar\u00e1 con la presencia de exponentes a nivel nacional.<\/p>\n","protected":false},"excerpt":{"rendered":"<p>Un entretenido programa tiene organizado el municipio de San Felipe para el pr\u00f3ximo viernes 28 y s\u00e1bado 29 de noviembre, d\u00edas que se realizar\u00e1 la Telet\u00f3n 2014. As\u00ed lo dio a conocer&#8230;<\/p>\n","protected":false},"author":482,"featured_media":53459,"comment_status":"open","ping_status":"closed","sticky":false,"template":"","format":"standard","meta":{"advanced_seo_description":"","jetpack_seo_html_title":"","jetpack_seo_noindex":false,"_jetpack_memberships_contains_paid_content":false,"footnotes":""},"categories":[15],"tags":[],"class_list":["post-53458","post","type-post","status-publish","format-standard","has-post-thumbnail","hentry","category-comunidad"],"jetpack_featured_media_url":"https:\/\/i0.wp.com\/eltrabajo.cl\/portal\/wp-content\/uploads\/2014\/11\/Teleton1.jpg?fit=529%2C321&ssl=1","jetpack_sharing_enabled":true,"jetpack_likes_enabled":true,"jetpack-related-posts":[],"_links":{"self":[{"href":"https:\/\/eltrabajo.cl\/portal\/wp-json\/wp\/v2\/posts\/53458","targetHints":{"allow":["GET"]}}],"collection":[{"href":"https:\/\/eltrabajo.cl\/portal\/wp-json\/wp\/v2\/posts"}],"about":[{"href":"https:\/\/eltrabajo.cl\/portal\/wp-json\/wp\/v2\/types\/post"}],"author":[{"embeddable":true,"href":"https:\/\/eltrabajo.cl\/portal\/wp-json\/wp\/v2\/users\/482"}],"replies":[{"embeddable":true,"href":"https:\/\/eltrabajo.cl\/portal\/wp-json\/wp\/v2\/comments?post=53458"}],"version-history":[{"count":0,"href":"https:\/\/eltrabajo.cl\/portal\/wp-json\/wp\/v2\/posts\/53458\/revisions"}],"wp:featuredmedia":[{"embeddable":true,"href":"https:\/\/eltrabajo.cl\/portal\/wp-json\/wp\/v2\/media\/53459"}],"wp:attachment":[{"href":"https:\/\/eltrabajo.cl\/portal\/wp-json\/wp\/v2\/media?parent=53458"}],"wp:term":[{"taxonomy":"category","embeddable":true,"href":"https:\/\/eltrabajo.cl\/portal\/wp-json\/wp\/v2\/categories?post=53458"},{"taxonomy":"post_tag","embeddable":true,"href":"https:\/\/eltrabajo.cl\/portal\/wp-json\/wp\/v2\/tags?post=53458"}],"curies":[{"name":"wp","href":"https:\/\/api.w.org\/{rel}","templated":true}]}}