{"id":53461,"date":"2014-11-21T09:29:26","date_gmt":"2014-11-21T12:29:26","guid":{"rendered":"http:\/\/www.eltrabajo.cl\/portal\/?p=53461"},"modified":"2014-11-21T09:29:26","modified_gmt":"2014-11-21T12:29:26","slug":"pdi-tras-los-pasos-de-banda-que-duerme-a-personas-mayores-para-robarles","status":"publish","type":"post","link":"https:\/\/eltrabajo.cl\/portal\/pdi-tras-los-pasos-de-banda-que-duerme-a-personas-mayores-para-robarles\/","title":{"rendered":"PDI tras los pasos de banda que \u2018duerme\u2019 a personas mayores para robarles"},"content":{"rendered":"<figure id=\"attachment_53462\" aria-describedby=\"caption-attachment-53462\" style=\"width: 300px\" class=\"wp-caption alignleft\"><a href=\"https:\/\/i0.wp.com\/www.eltrabajo.cl\/portal\/wp-content\/uploads\/2014\/11\/Belmar1.jpg\"><img data-recalc-dims=\"1\" loading=\"lazy\" decoding=\"async\" class=\"wp-image-53462 size-medium\" src=\"https:\/\/i0.wp.com\/www.eltrabajo.cl\/portal\/wp-content\/uploads\/2014\/11\/Belmar1-300x203.jpg?resize=300%2C203\" alt=\"Subjefe de la Brigada Antinarc\u00f3ticos de Los Andes, Subcomisario Luis Belmar.\" width=\"300\" height=\"203\" srcset=\"https:\/\/i0.wp.com\/eltrabajo.cl\/portal\/wp-content\/uploads\/2014\/11\/Belmar1.jpg?resize=300%2C203&amp;ssl=1 300w, https:\/\/i0.wp.com\/eltrabajo.cl\/portal\/wp-content\/uploads\/2014\/11\/Belmar1.jpg?resize=200%2C135&amp;ssl=1 200w, https:\/\/i0.wp.com\/eltrabajo.cl\/portal\/wp-content\/uploads\/2014\/11\/Belmar1.jpg?resize=150%2C101&amp;ssl=1 150w, https:\/\/i0.wp.com\/eltrabajo.cl\/portal\/wp-content\/uploads\/2014\/11\/Belmar1.jpg?resize=400%2C270&amp;ssl=1 400w, https:\/\/i0.wp.com\/eltrabajo.cl\/portal\/wp-content\/uploads\/2014\/11\/Belmar1.jpg?w=529&amp;ssl=1 529w\" sizes=\"auto, (max-width: 300px) 100vw, 300px\" \/><\/a><figcaption id=\"caption-attachment-53462\" class=\"wp-caption-text\">Subjefe de la Brigada Antinarc\u00f3ticos de Los Andes, Subcomisario Luis Belmar.<\/figcaption><\/figure>\n<p><strong>LOS ANDES<\/strong>.- La Fiscal\u00eda de Los Andes y la Brigada Antinarc\u00f3ticos de la PDI, iniciaron una investigaci\u00f3n a fin de detectar a una banda que estar\u00eda sedando o drogando adultos mayores con la finalidad de robarles suspensiones. Estos comenzaron a ser alertados en la comuna de San Felipe, donde cinco personas de la tercera edad fueron sedadas con somn\u00edferos en la v\u00eda p\u00fablica despu\u00e9s de haber cobrado sus jubilaciones.<br \/>\nEn el caso de Los Andes, existe una denuncia respecto de un Adulto Mayor, por lo que se presume que ser\u00eda la misma banda que est\u00e1 actuando en ambas comunas. El Subjefe de la Brigada Antinarc\u00f3ticos de Los Andes, Subcomisario Luis Belmar, indic\u00f3 que est\u00e1n llevando adelante las coordinaciones con el Ministerio P\u00fablico a fin de tramitar una orden de investigar este caso y su relaci\u00f3n con los ocurridos en la vecina ciudad.<br \/>\n\u00abSeg\u00fan antecedentes que hemos obtenido a trav\u00e9s de fuentes de inteligencia est\u00e1 operando una banda en la provincia dedic\u00e1ndose a abordar adultos mayores que van a cobrar sus pensiones a las cajas de pago a quienes estar\u00edan drogando para poder sustraerles su dinero\u00bb, asever\u00f3.<br \/>\nEspecific\u00f3 que los casos concretos que manejan dicen relaci\u00f3n a que se tratar\u00eda de dos a tres personas que ubican a los jubilados antes de ingresar a los centros de pago y utilizar\u00edan una droga vol\u00e1til con alg\u00fan papel o pa\u00f1uelo, \u00abdici\u00e9ndoles que necesitan ayuda y hacen que tomen este papel o pa\u00f1uelo, y posteriormente la v\u00edctima sufre un retardo en su consciencia para as\u00ed poder acompa\u00f1arlos a cobrar simulando ser parientes y amigos, procediendo posteriormente a robarles su dinero\u00bb.<br \/>\nEl Subcomisario Belmar dijo que estos sujetos invitar\u00edan a los ancianos a tomar alg\u00fan l\u00edquido o bebida, mezcl\u00e1ndola con esta sustancia que los aletarga y retarda su consciencia para as\u00ed acompa\u00f1arlos hasta el centro de pagos.<br \/>\nAgreg\u00f3 que est\u00e1n preocupados por el tema y por la sustancia que esta banda estar\u00eda usando para sedar a los adultos mayores, \u00aba\u00fan cuando sabemos que la escabulina es la sustancia que provoca este efecto, al ser mezclada con benzodiacepina y alcohol podr\u00eda provocar a la persona un sue\u00f1o por dos tres d\u00edas, generando adem\u00e1s que relaje tanto su sistema respiratorio que podr\u00eda provocarle un paro cardiaco\u00bb.<br \/>\nPlante\u00f3 que muchas personas de la tercera edad est\u00e1n bajo medicaci\u00f3n y al inhalar o ingerir esta sustancia podr\u00eda correr riesgo para su vida o secuelas importantes en su salud. Por ello dijo que trabajar\u00e1n arduamente como Brigada Antinarc\u00f3ticos para poder ubicar esta banda.<\/p>\n","protected":false},"excerpt":{"rendered":"<p>LOS ANDES.- La Fiscal\u00eda de Los Andes y la Brigada Antinarc\u00f3ticos de la PDI, iniciaron una investigaci\u00f3n a fin de detectar a una banda que estar\u00eda sedando o drogando adultos mayores con&#8230;<\/p>\n","protected":false},"author":482,"featured_media":53462,"comment_status":"open","ping_status":"closed","sticky":false,"template":"","format":"standard","meta":{"advanced_seo_description":"","jetpack_seo_html_title":"","jetpack_seo_noindex":false,"_jetpack_memberships_contains_paid_content":false,"footnotes":""},"categories":[21],"tags":[],"class_list":["post-53461","post","type-post","status-publish","format-standard","has-post-thumbnail","hentry","category-policial"],"jetpack_featured_media_url":"https:\/\/i0.wp.com\/eltrabajo.cl\/portal\/wp-content\/uploads\/2014\/11\/Belmar1.jpg?fit=529%2C358&ssl=1","jetpack_sharing_enabled":true,"jetpack_likes_enabled":true,"jetpack-related-posts":[],"_links":{"self":[{"href":"https:\/\/eltrabajo.cl\/portal\/wp-json\/wp\/v2\/posts\/53461","targetHints":{"allow":["GET"]}}],"collection":[{"href":"https:\/\/eltrabajo.cl\/portal\/wp-json\/wp\/v2\/posts"}],"about":[{"href":"https:\/\/eltrabajo.cl\/portal\/wp-json\/wp\/v2\/types\/post"}],"author":[{"embeddable":true,"href":"https:\/\/eltrabajo.cl\/portal\/wp-json\/wp\/v2\/users\/482"}],"replies":[{"embeddable":true,"href":"https:\/\/eltrabajo.cl\/portal\/wp-json\/wp\/v2\/comments?post=53461"}],"version-history":[{"count":0,"href":"https:\/\/eltrabajo.cl\/portal\/wp-json\/wp\/v2\/posts\/53461\/revisions"}],"wp:featuredmedia":[{"embeddable":true,"href":"https:\/\/eltrabajo.cl\/portal\/wp-json\/wp\/v2\/media\/53462"}],"wp:attachment":[{"href":"https:\/\/eltrabajo.cl\/portal\/wp-json\/wp\/v2\/media?parent=53461"}],"wp:term":[{"taxonomy":"category","embeddable":true,"href":"https:\/\/eltrabajo.cl\/portal\/wp-json\/wp\/v2\/categories?post=53461"},{"taxonomy":"post_tag","embeddable":true,"href":"https:\/\/eltrabajo.cl\/portal\/wp-json\/wp\/v2\/tags?post=53461"}],"curies":[{"name":"wp","href":"https:\/\/api.w.org\/{rel}","templated":true}]}}