{"id":53464,"date":"2014-11-21T09:32:35","date_gmt":"2014-11-21T12:32:35","guid":{"rendered":"http:\/\/www.eltrabajo.cl\/portal\/?p=53464"},"modified":"2014-11-21T09:32:35","modified_gmt":"2014-11-21T12:32:35","slug":"al-ritmo-de-thriller-profesores-disidentes-se-toman-la-calle-para-protestar","status":"publish","type":"post","link":"https:\/\/eltrabajo.cl\/portal\/al-ritmo-de-thriller-profesores-disidentes-se-toman-la-calle-para-protestar\/","title":{"rendered":"Al ritmo de \u2018Thriller\u2019 profesores disidentes se toman la calle para protestar"},"content":{"rendered":"<figure id=\"attachment_53465\" aria-describedby=\"caption-attachment-53465\" style=\"width: 528px\" class=\"wp-caption alignnone\"><a href=\"https:\/\/i0.wp.com\/www.eltrabajo.cl\/portal\/wp-content\/uploads\/2014\/11\/protesta-profesores.jpg\"><img data-recalc-dims=\"1\" loading=\"lazy\" decoding=\"async\" class=\"size-full wp-image-53465\" src=\"https:\/\/i0.wp.com\/www.eltrabajo.cl\/portal\/wp-content\/uploads\/2014\/11\/protesta-profesores.jpg?resize=528%2C314\" alt=\"Un grupo de profesoras disidentes bailaron al m\u00e1s puro estilo de Michael Jackson realizando una intervenci\u00f3n urbana en Calle Salinas de San Felipe.\" width=\"528\" height=\"314\" srcset=\"https:\/\/i0.wp.com\/eltrabajo.cl\/portal\/wp-content\/uploads\/2014\/11\/protesta-profesores.jpg?w=528&amp;ssl=1 528w, https:\/\/i0.wp.com\/eltrabajo.cl\/portal\/wp-content\/uploads\/2014\/11\/protesta-profesores.jpg?resize=200%2C118&amp;ssl=1 200w, https:\/\/i0.wp.com\/eltrabajo.cl\/portal\/wp-content\/uploads\/2014\/11\/protesta-profesores.jpg?resize=300%2C178&amp;ssl=1 300w, https:\/\/i0.wp.com\/eltrabajo.cl\/portal\/wp-content\/uploads\/2014\/11\/protesta-profesores.jpg?resize=150%2C89&amp;ssl=1 150w, https:\/\/i0.wp.com\/eltrabajo.cl\/portal\/wp-content\/uploads\/2014\/11\/protesta-profesores.jpg?resize=400%2C237&amp;ssl=1 400w\" sizes=\"auto, (max-width: 528px) 100vw, 528px\" \/><\/a><figcaption id=\"caption-attachment-53465\" class=\"wp-caption-text\">Un grupo de profesoras disidentes bailaron al m\u00e1s puro estilo de Michael Jackson realizando una intervenci\u00f3n urbana en Calle Salinas de San Felipe.<\/figcaption><\/figure>\n<p>Un grupo de profesores disidentes se tomaron literalmente calle Salinas frente al municipio sanfelipe\u00f1o, para realizar una intervenci\u00f3n urbana al m\u00e1s puro estilo de la popular canci\u00f3n \u2018Thriller\u2019 de Michael Jackson, utilizando sus reconocidas coreograf\u00edas que hicieron furor desde su estreno en el a\u00f1o 1983, traspasando m\u00e1s de tres generaciones.<\/p>\n<figure id=\"attachment_53466\" aria-describedby=\"caption-attachment-53466\" style=\"width: 400px\" class=\"wp-caption alignright\"><a href=\"https:\/\/i0.wp.com\/www.eltrabajo.cl\/portal\/wp-content\/uploads\/2014\/11\/protesta-bailando.jpg\"><img data-recalc-dims=\"1\" loading=\"lazy\" decoding=\"async\" class=\"wp-image-53466\" src=\"https:\/\/i0.wp.com\/www.eltrabajo.cl\/portal\/wp-content\/uploads\/2014\/11\/protesta-bailando.jpg?resize=400%2C312\" alt=\"En plena calle, frente a la Municipalidad, fue el lugar elegido por los docentes para la performance.\" width=\"400\" height=\"312\" srcset=\"https:\/\/i0.wp.com\/eltrabajo.cl\/portal\/wp-content\/uploads\/2014\/11\/protesta-bailando.jpg?w=529&amp;ssl=1 529w, https:\/\/i0.wp.com\/eltrabajo.cl\/portal\/wp-content\/uploads\/2014\/11\/protesta-bailando.jpg?resize=192%2C150&amp;ssl=1 192w, https:\/\/i0.wp.com\/eltrabajo.cl\/portal\/wp-content\/uploads\/2014\/11\/protesta-bailando.jpg?resize=300%2C233&amp;ssl=1 300w, https:\/\/i0.wp.com\/eltrabajo.cl\/portal\/wp-content\/uploads\/2014\/11\/protesta-bailando.jpg?resize=150%2C116&amp;ssl=1 150w, https:\/\/i0.wp.com\/eltrabajo.cl\/portal\/wp-content\/uploads\/2014\/11\/protesta-bailando.jpg?resize=400%2C311&amp;ssl=1 400w\" sizes=\"auto, (max-width: 400px) 100vw, 400px\" \/><\/a><figcaption id=\"caption-attachment-53466\" class=\"wp-caption-text\">En plena calle, frente a la Municipalidad, fue el lugar elegido por los docentes para la performance.<\/figcaption><\/figure>\n<p>La idea de estos profesionales de la educaci\u00f3n fue practicar esta coreograf\u00eda en la v\u00eda p\u00fablica, como forma de manifestaci\u00f3n pac\u00edfica tras sus demandas en lo que se refiere a los cambios en la calidad de la formaci\u00f3n de los alumnos, cuyos petitorios establecen entre las bases la exigencia de la titularidad de los profesores a contrata, un bono incentivo voluntario al retiro, descongelamiento del ingreso m\u00ednimo docente, poner fin al agobio laboral que sufren los profesores y buscar una soluci\u00f3n a la deuda hist\u00f3rica.<br \/>\nTras la performance visualizada por los transe\u00fantes que se desplazaban por el principal paseo p\u00fablico de la comuna de San Felipe, las profesoras reflejaron el descontento que existe en lo que es la calidad de la educaci\u00f3n en las distintas escuelas de la provincia, destacando que los atributos del cambio deben partir desde las mismas aulas.<br \/>\n\u201cTenemos muy claro que los alumnos est\u00e1n siendo afectados, pero estamos conscientes que debemos luchar desde las bases, que en la calidad en las salas debe ser lo que se merecen los alumnos y que el gobierno establezca condiciones reales para que esto sea. Entendemos que todos los profesores tienen sus opiniones y decisiones, el Colegio de Profesores tambi\u00e9n la tiene; la verdad es que nosotros creemos firmemente que la calidad se debe dar desde el aula y los docentes somos los que debemos hacer el llamado para que as\u00ed sea\u201d, as\u00ed lo indic\u00f3 Ximena Baquedano, representante de este grupo de profesores disidentes.<br \/>\nCerca de un centenar de estos profesionales que se desempe\u00f1an en las escuelas Jos\u00e9 de San Mart\u00edn, Liceo de Ni\u00f1as, Escuela Heriberto Berm\u00fadez Cruz, Escuela de Tierras Blancas, 21 de Mayo, Manuel Rodr\u00edguez, Algarrobal y Escuela Juan G\u00f3mez, decidieron irrumpir con esta llamativa coreograf\u00eda al mismo tiempo que el gremio de taxis colectivos se manifestaba por el centro de San Felipe.<br \/>\n\u201cLo que nosotros estamos esperando es que el gobierno escuche a las bases y entienda que los cinco puntos de los cuales estamos discutiendo, son necesarios para que se establezca la calidad real desde el aula. La idea es que la comunidad entienda cual es nuestra posici\u00f3n frente a esto y sepa cu\u00e1l es nuestro inter\u00e9s, que apoye esta reforma, pero entender que esta reforma va a ser exitosa cuando parta desde los docentes\u201d, concluy\u00f3 la profesora Baquedano.<br \/>\nPablo Salinas Sald\u00edas<\/p>\n","protected":false},"excerpt":{"rendered":"<p>Un grupo de profesores disidentes se tomaron literalmente calle Salinas frente al municipio sanfelipe\u00f1o, para realizar una intervenci\u00f3n urbana al m\u00e1s puro estilo de la popular canci\u00f3n \u2018Thriller\u2019 de Michael Jackson, utilizando&#8230;<\/p>\n","protected":false},"author":482,"featured_media":53465,"comment_status":"open","ping_status":"closed","sticky":false,"template":"","format":"standard","meta":{"advanced_seo_description":"","jetpack_seo_html_title":"","jetpack_seo_noindex":false,"_jetpack_memberships_contains_paid_content":false,"footnotes":""},"categories":[15],"tags":[],"class_list":["post-53464","post","type-post","status-publish","format-standard","has-post-thumbnail","hentry","category-comunidad"],"jetpack_featured_media_url":"https:\/\/i0.wp.com\/eltrabajo.cl\/portal\/wp-content\/uploads\/2014\/11\/protesta-profesores.jpg?fit=528%2C314&ssl=1","jetpack_sharing_enabled":true,"jetpack_likes_enabled":true,"jetpack-related-posts":[],"_links":{"self":[{"href":"https:\/\/eltrabajo.cl\/portal\/wp-json\/wp\/v2\/posts\/53464","targetHints":{"allow":["GET"]}}],"collection":[{"href":"https:\/\/eltrabajo.cl\/portal\/wp-json\/wp\/v2\/posts"}],"about":[{"href":"https:\/\/eltrabajo.cl\/portal\/wp-json\/wp\/v2\/types\/post"}],"author":[{"embeddable":true,"href":"https:\/\/eltrabajo.cl\/portal\/wp-json\/wp\/v2\/users\/482"}],"replies":[{"embeddable":true,"href":"https:\/\/eltrabajo.cl\/portal\/wp-json\/wp\/v2\/comments?post=53464"}],"version-history":[{"count":0,"href":"https:\/\/eltrabajo.cl\/portal\/wp-json\/wp\/v2\/posts\/53464\/revisions"}],"wp:featuredmedia":[{"embeddable":true,"href":"https:\/\/eltrabajo.cl\/portal\/wp-json\/wp\/v2\/media\/53465"}],"wp:attachment":[{"href":"https:\/\/eltrabajo.cl\/portal\/wp-json\/wp\/v2\/media?parent=53464"}],"wp:term":[{"taxonomy":"category","embeddable":true,"href":"https:\/\/eltrabajo.cl\/portal\/wp-json\/wp\/v2\/categories?post=53464"},{"taxonomy":"post_tag","embeddable":true,"href":"https:\/\/eltrabajo.cl\/portal\/wp-json\/wp\/v2\/tags?post=53464"}],"curies":[{"name":"wp","href":"https:\/\/api.w.org\/{rel}","templated":true}]}}