{"id":53514,"date":"2014-11-24T10:06:04","date_gmt":"2014-11-24T13:06:04","guid":{"rendered":"http:\/\/www.eltrabajo.cl\/portal\/?p=53514"},"modified":"2014-11-24T10:06:04","modified_gmt":"2014-11-24T13:06:04","slug":"incendio-consumio-bodega-y-dejo-a-putaendo-sin-electricidad-ni-internet","status":"publish","type":"post","link":"https:\/\/eltrabajo.cl\/portal\/incendio-consumio-bodega-y-dejo-a-putaendo-sin-electricidad-ni-internet\/","title":{"rendered":"Incendio consumi\u00f3 bodega y dej\u00f3 a Putaendo sin electricidad ni internet"},"content":{"rendered":"<figure id=\"attachment_53515\" aria-describedby=\"caption-attachment-53515\" style=\"width: 400px\" class=\"wp-caption alignleft\"><a href=\"https:\/\/i0.wp.com\/www.eltrabajo.cl\/portal\/wp-content\/uploads\/2014\/11\/Fuego11.jpg\"><img data-recalc-dims=\"1\" loading=\"lazy\" decoding=\"async\" class=\"wp-image-53515\" src=\"https:\/\/i0.wp.com\/www.eltrabajo.cl\/portal\/wp-content\/uploads\/2014\/11\/Fuego11-300x172.jpg?resize=400%2C231\" alt=\"Un voraz siniestro que comenz\u00f3 como un incendio de pastizales, consumi\u00f3 por completo una bodega ubicada en el sector Las Quillotanas, y adem\u00e1s gener\u00f3 inconvenientes en la red de telefon\u00eda e internet.\" width=\"400\" height=\"231\" srcset=\"https:\/\/i0.wp.com\/eltrabajo.cl\/portal\/wp-content\/uploads\/2014\/11\/Fuego11.jpg?resize=300%2C172&amp;ssl=1 300w, https:\/\/i0.wp.com\/eltrabajo.cl\/portal\/wp-content\/uploads\/2014\/11\/Fuego11.jpg?resize=200%2C115&amp;ssl=1 200w, https:\/\/i0.wp.com\/eltrabajo.cl\/portal\/wp-content\/uploads\/2014\/11\/Fuego11.jpg?resize=150%2C86&amp;ssl=1 150w, https:\/\/i0.wp.com\/eltrabajo.cl\/portal\/wp-content\/uploads\/2014\/11\/Fuego11.jpg?resize=400%2C230&amp;ssl=1 400w, https:\/\/i0.wp.com\/eltrabajo.cl\/portal\/wp-content\/uploads\/2014\/11\/Fuego11.jpg?w=529&amp;ssl=1 529w\" sizes=\"auto, (max-width: 400px) 100vw, 400px\" \/><\/a><figcaption id=\"caption-attachment-53515\" class=\"wp-caption-text\">Un voraz siniestro que comenz\u00f3 como un incendio de pastizales, consumi\u00f3 por completo una bodega ubicada en el sector Las Quillotanas, y adem\u00e1s gener\u00f3 inconvenientes en la red de telefon\u00eda e internet.<\/figcaption><\/figure>\n<p><strong>PUTAENDO<\/strong>.- Un voraz siniestro que comenz\u00f3 como un incendio de pastizales, consumi\u00f3 por completo una bodega ubicada en el sector Las Quillotanas, y adem\u00e1s gener\u00f3 un extenso corte de energ\u00eda el\u00e9ctrica e inconvenientes en la red de telefon\u00eda e internet durante la tarde de este s\u00e1bado.<br \/>\nAproximadamente durante dos horas, el personal bomberil trabaj\u00f3 intensamente en el combate del incendio, que termin\u00f3 por consumir por completo una bodega, adem\u00e1s de 2.600 metros cuadrados de pastizales y arbustos, e incluso estuvo cerca de alcanzar una vivienda contigua.<br \/>\nEl incendio afect\u00f3 a parte de un transformador ubicado en Calle Brasil, lo que provoc\u00f3 un extenso corte de energ\u00eda el\u00e9ctrica, que se prolong\u00f3 hasta cerca de las 18:00 horas, mientras que el servicio de telefon\u00eda fija y m\u00f3vil y tambi\u00e9n la red de internet se restablecieron pasadas las 19:30 horas.<br \/>\nDos operativos de Entel lograron saltar un muro y rescatar de las llamas a dos caballos y algunos perros que estaban en las inmediaciones del sitio. El 2\u00ba Comandante del Cuerpo de Bomberos de Putaendo, Francisco Correa D\u00edaz, indic\u00f3 que el siniestro, que dej\u00f3 da\u00f1os millonarios, se registr\u00f3 pasadas las 13:00 horas y consumi\u00f3 m\u00e1s del 70% de la bodega, donde se almacenaba trigo y pasto, adem\u00e1s de maquinaria, veh\u00edculos antiguos y muebles.<br \/>\nEl oficial bomberil agreg\u00f3 que las causas probables del incendio ser\u00e1n investigadas por el Departamento T\u00e9cnico de Bomberos de Putaendo y se espera que el pr\u00f3ximo lunes se tenga una versi\u00f3n oficial sobre los hechos registrados este s\u00e1bado, aunque se maneja la hip\u00f3tesis que el incendio se haya iniciado tras una quema de basura.<br \/>\nJunto con ello, Correa asegur\u00f3 que cuatro voluntarios de bomberos resultaron con quemaduras leves y uno con principio de asfixia. Durante la tarde, voluntarios del Cuerpo de Bomberos de Putaendo realizaban intensas labores para sofocar el siniestro y evitar un rebrote, en lo que tambi\u00e9n se convirti\u00f3 en el segundo incendio de pastizales registrado en el sector.<br \/>\nPatricio Gallardo M.<\/p>\n","protected":false},"excerpt":{"rendered":"<p>PUTAENDO.- Un voraz siniestro que comenz\u00f3 como un incendio de pastizales, consumi\u00f3 por completo una bodega ubicada en el sector Las Quillotanas, y adem\u00e1s gener\u00f3 un extenso corte de energ\u00eda el\u00e9ctrica e&#8230;<\/p>\n","protected":false},"author":482,"featured_media":53515,"comment_status":"open","ping_status":"closed","sticky":false,"template":"","format":"standard","meta":{"advanced_seo_description":"","jetpack_seo_html_title":"","jetpack_seo_noindex":false,"_jetpack_memberships_contains_paid_content":false,"footnotes":""},"categories":[21],"tags":[],"class_list":["post-53514","post","type-post","status-publish","format-standard","has-post-thumbnail","hentry","category-policial"],"jetpack_featured_media_url":"https:\/\/i0.wp.com\/eltrabajo.cl\/portal\/wp-content\/uploads\/2014\/11\/Fuego11.jpg?fit=529%2C305&ssl=1","jetpack_sharing_enabled":true,"jetpack_likes_enabled":true,"jetpack-related-posts":[],"_links":{"self":[{"href":"https:\/\/eltrabajo.cl\/portal\/wp-json\/wp\/v2\/posts\/53514","targetHints":{"allow":["GET"]}}],"collection":[{"href":"https:\/\/eltrabajo.cl\/portal\/wp-json\/wp\/v2\/posts"}],"about":[{"href":"https:\/\/eltrabajo.cl\/portal\/wp-json\/wp\/v2\/types\/post"}],"author":[{"embeddable":true,"href":"https:\/\/eltrabajo.cl\/portal\/wp-json\/wp\/v2\/users\/482"}],"replies":[{"embeddable":true,"href":"https:\/\/eltrabajo.cl\/portal\/wp-json\/wp\/v2\/comments?post=53514"}],"version-history":[{"count":0,"href":"https:\/\/eltrabajo.cl\/portal\/wp-json\/wp\/v2\/posts\/53514\/revisions"}],"wp:featuredmedia":[{"embeddable":true,"href":"https:\/\/eltrabajo.cl\/portal\/wp-json\/wp\/v2\/media\/53515"}],"wp:attachment":[{"href":"https:\/\/eltrabajo.cl\/portal\/wp-json\/wp\/v2\/media?parent=53514"}],"wp:term":[{"taxonomy":"category","embeddable":true,"href":"https:\/\/eltrabajo.cl\/portal\/wp-json\/wp\/v2\/categories?post=53514"},{"taxonomy":"post_tag","embeddable":true,"href":"https:\/\/eltrabajo.cl\/portal\/wp-json\/wp\/v2\/tags?post=53514"}],"curies":[{"name":"wp","href":"https:\/\/api.w.org\/{rel}","templated":true}]}}