{"id":53539,"date":"2014-11-25T09:20:24","date_gmt":"2014-11-25T12:20:24","guid":{"rendered":"http:\/\/www.eltrabajo.cl\/portal\/?p=53539"},"modified":"2014-11-25T09:20:24","modified_gmt":"2014-11-25T12:20:24","slug":"abuelos-realizaron-exposicion-de-sus-trabajos","status":"publish","type":"post","link":"https:\/\/eltrabajo.cl\/portal\/abuelos-realizaron-exposicion-de-sus-trabajos\/","title":{"rendered":"Abuelos realizaron exposici\u00f3n de sus trabajos"},"content":{"rendered":"<figure id=\"attachment_53540\" aria-describedby=\"caption-attachment-53540\" style=\"width: 528px\" class=\"wp-caption alignnone\"><a href=\"https:\/\/i0.wp.com\/www.eltrabajo.cl\/portal\/wp-content\/uploads\/2014\/11\/Abuelos1.jpg\"><img data-recalc-dims=\"1\" loading=\"lazy\" decoding=\"async\" class=\"size-full wp-image-53540\" src=\"https:\/\/i0.wp.com\/www.eltrabajo.cl\/portal\/wp-content\/uploads\/2014\/11\/Abuelos1.jpg?resize=528%2C317\" alt=\"La feria se realiz\u00f3 en el sector de La Pirca, ocasi\u00f3n donde los clubes y la uni\u00f3n comunal del Adulto Mayor realizaron un reconocimiento al alcalde Luis Pradenas por el apoyo prestado. \" width=\"528\" height=\"317\" srcset=\"https:\/\/i0.wp.com\/eltrabajo.cl\/portal\/wp-content\/uploads\/2014\/11\/Abuelos1.jpg?w=528&amp;ssl=1 528w, https:\/\/i0.wp.com\/eltrabajo.cl\/portal\/wp-content\/uploads\/2014\/11\/Abuelos1.jpg?resize=200%2C120&amp;ssl=1 200w, https:\/\/i0.wp.com\/eltrabajo.cl\/portal\/wp-content\/uploads\/2014\/11\/Abuelos1.jpg?resize=300%2C180&amp;ssl=1 300w, https:\/\/i0.wp.com\/eltrabajo.cl\/portal\/wp-content\/uploads\/2014\/11\/Abuelos1.jpg?resize=150%2C90&amp;ssl=1 150w, https:\/\/i0.wp.com\/eltrabajo.cl\/portal\/wp-content\/uploads\/2014\/11\/Abuelos1.jpg?resize=400%2C240&amp;ssl=1 400w\" sizes=\"auto, (max-width: 528px) 100vw, 528px\" \/><\/a><figcaption id=\"caption-attachment-53540\" class=\"wp-caption-text\">La feria se realiz\u00f3 en el sector de La Pirca, ocasi\u00f3n donde los clubes y la uni\u00f3n comunal del Adulto Mayor realizaron un reconocimiento al alcalde Luis Pradenas por el apoyo prestado.<\/figcaption><\/figure>\n<p><strong>PANQUEHUE.<\/strong>&#8211; La Uni\u00f3n Comunal y adem\u00e1s los nueve clubes de adultos mayores de Panquehue que la componen, realizaron la exposici\u00f3n anual de sus trabajos, como parte del programa de t\u00e9rmino de actividades 2014. La feria que se realiz\u00f3 en el sector La Pirca, cont\u00f3 con la asistencia del Alcalde Luis Pradenas, adem\u00e1s de los concejales Julio Atencio, Gonzalo Vergara, Patricio Morales y Elvira Ahumada.<br \/>\nSe trata de una actividad que se realiza por varios a\u00f1os, donde cada uno de los clubes de adultos mayores, aprovecha la instancia para exhibir cada uno de los trabajos de manualidades que realizan con el apoyo de sus monitores. Por tal raz\u00f3n se aprovech\u00f3 esta instancia para hacer un reconocimiento a los monitores que apoyaron a cada uno de los clubes, oportunidad donde el alcalde Luis Pradenas hizo entrega a cada uno de estas organizaciones de un presente.<br \/>\nEl edil recalc\u00f3 que dentro de sus pol\u00edticas municipales, est\u00e1 el constante apoyo a los adultos mayores de la comuna de Panquehue. \u201cMuy contento con el resultado de los trabajos de los talleres de adultos mayores, donde durante el a\u00f1o ellos despliegan iniciativas y talentos, y por lo mismo, aqu\u00ed estamos viendo el resultado, con trabajos de pintura y tejidos.<br \/>\nAhora este tipo de cosas les hace muy bien a estos adultos mayores, porque comparten y se relajan en los talleres, por lo tanto es muy importante seguir apoyando este tipo de talleres porque dan muy buenos resultados y hay muchos que aprovechan de vender sus productos aqu\u00ed lo que se transforma en un beneficio para ellos. Del mismo modo como alcalde quiero destacar la uni\u00f3n que existe entre ellos, pues se hacen regalos entre ellos\u201d.<br \/>\nEn tanto la Presidente de la Uni\u00f3n Comunal del Adulto Mayor, Elena Urbina, manifest\u00f3 que este tipo de actividades se fortalecen m\u00e1s a\u00fan con el apoyo que ha estado entregando la municipalidad de Panquehue, a trav\u00e9s de su alcalde.<br \/>\n\u201cNosotros tenemos el apoyo del municipio, el municipio de Panquehue se la juega al entregar una subvenci\u00f3n para que ellos puedan trabajar en esto, asimismo quiero agradecer a la encargada del departamento de organizaciones comunitarias y a todo los funcionarios que apoyan las actividades de los adultos mayores, pues con este tipo de gestos, ellos se sienten tomados en cuenta y eso se valora mucho por nosotros\u201d.<\/p>\n","protected":false},"excerpt":{"rendered":"<p>PANQUEHUE.&#8211; La Uni\u00f3n Comunal y adem\u00e1s los nueve clubes de adultos mayores de Panquehue que la componen, realizaron la exposici\u00f3n anual de sus trabajos, como parte del programa de t\u00e9rmino de actividades&#8230;<\/p>\n","protected":false},"author":482,"featured_media":53540,"comment_status":"open","ping_status":"closed","sticky":false,"template":"","format":"standard","meta":{"advanced_seo_description":"","jetpack_seo_html_title":"","jetpack_seo_noindex":false,"_jetpack_memberships_contains_paid_content":false,"footnotes":""},"categories":[15],"tags":[],"class_list":["post-53539","post","type-post","status-publish","format-standard","has-post-thumbnail","hentry","category-comunidad"],"jetpack_featured_media_url":"https:\/\/i0.wp.com\/eltrabajo.cl\/portal\/wp-content\/uploads\/2014\/11\/Abuelos1.jpg?fit=528%2C317&ssl=1","jetpack_sharing_enabled":true,"jetpack_likes_enabled":true,"jetpack-related-posts":[],"_links":{"self":[{"href":"https:\/\/eltrabajo.cl\/portal\/wp-json\/wp\/v2\/posts\/53539","targetHints":{"allow":["GET"]}}],"collection":[{"href":"https:\/\/eltrabajo.cl\/portal\/wp-json\/wp\/v2\/posts"}],"about":[{"href":"https:\/\/eltrabajo.cl\/portal\/wp-json\/wp\/v2\/types\/post"}],"author":[{"embeddable":true,"href":"https:\/\/eltrabajo.cl\/portal\/wp-json\/wp\/v2\/users\/482"}],"replies":[{"embeddable":true,"href":"https:\/\/eltrabajo.cl\/portal\/wp-json\/wp\/v2\/comments?post=53539"}],"version-history":[{"count":0,"href":"https:\/\/eltrabajo.cl\/portal\/wp-json\/wp\/v2\/posts\/53539\/revisions"}],"wp:featuredmedia":[{"embeddable":true,"href":"https:\/\/eltrabajo.cl\/portal\/wp-json\/wp\/v2\/media\/53540"}],"wp:attachment":[{"href":"https:\/\/eltrabajo.cl\/portal\/wp-json\/wp\/v2\/media?parent=53539"}],"wp:term":[{"taxonomy":"category","embeddable":true,"href":"https:\/\/eltrabajo.cl\/portal\/wp-json\/wp\/v2\/categories?post=53539"},{"taxonomy":"post_tag","embeddable":true,"href":"https:\/\/eltrabajo.cl\/portal\/wp-json\/wp\/v2\/tags?post=53539"}],"curies":[{"name":"wp","href":"https:\/\/api.w.org\/{rel}","templated":true}]}}