{"id":53542,"date":"2014-11-25T09:21:50","date_gmt":"2014-11-25T12:21:50","guid":{"rendered":"http:\/\/www.eltrabajo.cl\/portal\/?p=53542"},"modified":"2014-11-25T09:21:50","modified_gmt":"2014-11-25T12:21:50","slug":"en-enero-parten-los-centros-de-verano-para-peques-llayllainos","status":"publish","type":"post","link":"https:\/\/eltrabajo.cl\/portal\/en-enero-parten-los-centros-de-verano-para-peques-llayllainos\/","title":{"rendered":"En enero parten los Centros de Verano para peques llaylla\u00ednos"},"content":{"rendered":"<figure id=\"attachment_53543\" aria-describedby=\"caption-attachment-53543\" style=\"width: 529px\" class=\"wp-caption alignnone\"><a href=\"https:\/\/i0.wp.com\/www.eltrabajo.cl\/portal\/wp-content\/uploads\/2014\/11\/Verano1.jpg\"><img data-recalc-dims=\"1\" loading=\"lazy\" decoding=\"async\" class=\"size-full wp-image-53543\" src=\"https:\/\/i0.wp.com\/www.eltrabajo.cl\/portal\/wp-content\/uploads\/2014\/11\/Verano1.jpg?resize=529%2C401\" alt=\"Los centros de verano para atenci\u00f3n de hijos de madres trabajadoras parten el 6 de enero de 2015.\" width=\"529\" height=\"401\" srcset=\"https:\/\/i0.wp.com\/eltrabajo.cl\/portal\/wp-content\/uploads\/2014\/11\/Verano1.jpg?w=529&amp;ssl=1 529w, https:\/\/i0.wp.com\/eltrabajo.cl\/portal\/wp-content\/uploads\/2014\/11\/Verano1.jpg?resize=197%2C150&amp;ssl=1 197w, https:\/\/i0.wp.com\/eltrabajo.cl\/portal\/wp-content\/uploads\/2014\/11\/Verano1.jpg?resize=300%2C227&amp;ssl=1 300w, https:\/\/i0.wp.com\/eltrabajo.cl\/portal\/wp-content\/uploads\/2014\/11\/Verano1.jpg?resize=150%2C113&amp;ssl=1 150w, https:\/\/i0.wp.com\/eltrabajo.cl\/portal\/wp-content\/uploads\/2014\/11\/Verano1.jpg?resize=400%2C303&amp;ssl=1 400w\" sizes=\"auto, (max-width: 529px) 100vw, 529px\" \/><\/a><figcaption id=\"caption-attachment-53543\" class=\"wp-caption-text\">Los centros de verano para atenci\u00f3n de hijos de madres trabajadoras parten el 6 de enero de 2015.<\/figcaption><\/figure>\n<p><strong>LLAY LLAY<\/strong>.- Los centros de verano para atenci\u00f3n de hijos de madres trabajadoras parten el 6 de enero de 2015. As\u00ed, lo explic\u00f3 la Encargada de la Oficina de la Mujer, Natalia Rivera, \u201ceste programa es una alianza entre la Municipalidad de Llay Llay, el Instituto Nacional del Deporte (IND) y el Ministerio de Desarrollo (Mideplan).<br \/>\nEl municipio y el Alcalde Mario Marillanca realizan el aporte del sueldo para los monitores, movilizaci\u00f3n para el traslado de los ni\u00f1os hacia las diferentes actividades, entrega de infraestructura para el funcionamiento de los centros de verano. Por su parte Mideplan aporta con el dinero para realizar el paseo del cierre de los Centros de Verano. Mientras que el IND entrega recursos para complementar el resto de los gastos que se realiza en el desarrollo del Programa\u201d.<br \/>\nLas inscripciones para ni\u00f1os entere seis a doce a\u00f1os de edad se realizar\u00e1n a partir del 6 enero en los mismos centros: Escuela Naciones Unidas en Santa Teresa con un cupo para 40 ni\u00f1os, Escuela H\u00e9roes de Iquique de Poblaci\u00f3n Juan Cort\u00e9s, tambi\u00e9n con un cupo para 40 ni\u00f1os y Escuela Las Vegas, ubicada en este mismo sector, con 40 cupos disponibles; los monitores realizaran la inscripci\u00f3n de lunes a viernes en un horario continuo entre las 9:00 ma\u00f1ana a 17:00 horas por la tarde.<br \/>\nLos apoderados deben llevar fotocopia del carnet de identidad de la mam\u00e1, certificado de nacimiento del ni\u00f1o, certificado de fotocopia del contrato de trabajo, n\u00famero de tel\u00e9fono de contacto. \u201cLos centros de verano est\u00e1n enfocados a que los ni\u00f1os no se queden solos mientras sus mam\u00e1s trabajan y tengan unas vacaciones \u2018entrete\u2019, con diferentes actividades que empiezan los lunes con presentaciones de bailes en el Cine Teatro Municipal, \u2018D\u00eda de Piscina\u2019, exclusiva d\u00edas mi\u00e9rcoles, paseos fuera de la comuna y varias actividades que los mantienen ocupados y entretenidos mientras su madres trabajan\u201d.<\/p>\n","protected":false},"excerpt":{"rendered":"<p>LLAY LLAY.- Los centros de verano para atenci\u00f3n de hijos de madres trabajadoras parten el 6 de enero de 2015. As\u00ed, lo explic\u00f3 la Encargada de la Oficina de la Mujer, Natalia&#8230;<\/p>\n","protected":false},"author":482,"featured_media":53543,"comment_status":"open","ping_status":"closed","sticky":false,"template":"","format":"standard","meta":{"advanced_seo_description":"","jetpack_seo_html_title":"","jetpack_seo_noindex":false,"_jetpack_memberships_contains_paid_content":false,"footnotes":""},"categories":[15],"tags":[],"class_list":["post-53542","post","type-post","status-publish","format-standard","has-post-thumbnail","hentry","category-comunidad"],"jetpack_featured_media_url":"https:\/\/i0.wp.com\/eltrabajo.cl\/portal\/wp-content\/uploads\/2014\/11\/Verano1.jpg?fit=529%2C401&ssl=1","jetpack_sharing_enabled":true,"jetpack_likes_enabled":true,"jetpack-related-posts":[],"_links":{"self":[{"href":"https:\/\/eltrabajo.cl\/portal\/wp-json\/wp\/v2\/posts\/53542","targetHints":{"allow":["GET"]}}],"collection":[{"href":"https:\/\/eltrabajo.cl\/portal\/wp-json\/wp\/v2\/posts"}],"about":[{"href":"https:\/\/eltrabajo.cl\/portal\/wp-json\/wp\/v2\/types\/post"}],"author":[{"embeddable":true,"href":"https:\/\/eltrabajo.cl\/portal\/wp-json\/wp\/v2\/users\/482"}],"replies":[{"embeddable":true,"href":"https:\/\/eltrabajo.cl\/portal\/wp-json\/wp\/v2\/comments?post=53542"}],"version-history":[{"count":0,"href":"https:\/\/eltrabajo.cl\/portal\/wp-json\/wp\/v2\/posts\/53542\/revisions"}],"wp:featuredmedia":[{"embeddable":true,"href":"https:\/\/eltrabajo.cl\/portal\/wp-json\/wp\/v2\/media\/53543"}],"wp:attachment":[{"href":"https:\/\/eltrabajo.cl\/portal\/wp-json\/wp\/v2\/media?parent=53542"}],"wp:term":[{"taxonomy":"category","embeddable":true,"href":"https:\/\/eltrabajo.cl\/portal\/wp-json\/wp\/v2\/categories?post=53542"},{"taxonomy":"post_tag","embeddable":true,"href":"https:\/\/eltrabajo.cl\/portal\/wp-json\/wp\/v2\/tags?post=53542"}],"curies":[{"name":"wp","href":"https:\/\/api.w.org\/{rel}","templated":true}]}}