{"id":53545,"date":"2014-11-25T09:23:52","date_gmt":"2014-11-25T12:23:52","guid":{"rendered":"http:\/\/www.eltrabajo.cl\/portal\/?p=53545"},"modified":"2014-11-25T09:23:52","modified_gmt":"2014-11-25T12:23:52","slug":"adultos-mayores-celebraron-su-fiesta-de-la-primavera","status":"publish","type":"post","link":"https:\/\/eltrabajo.cl\/portal\/adultos-mayores-celebraron-su-fiesta-de-la-primavera\/","title":{"rendered":"Adultos mayores celebraron su Fiesta de la Primavera"},"content":{"rendered":"<figure id=\"attachment_53546\" aria-describedby=\"caption-attachment-53546\" style=\"width: 529px\" class=\"wp-caption alignnone\"><a href=\"https:\/\/i0.wp.com\/www.eltrabajo.cl\/portal\/wp-content\/uploads\/2014\/11\/FIESTA-1.jpg\"><img data-recalc-dims=\"1\" loading=\"lazy\" decoding=\"async\" class=\"size-full wp-image-53546\" src=\"https:\/\/i0.wp.com\/www.eltrabajo.cl\/portal\/wp-content\/uploads\/2014\/11\/FIESTA-1.jpg?resize=529%2C401\" alt=\"Los asistentes se mostraron alegres tras participar de la Fiesta de la Primavera para los adultos mayores este viernes.\" width=\"529\" height=\"401\" srcset=\"https:\/\/i0.wp.com\/eltrabajo.cl\/portal\/wp-content\/uploads\/2014\/11\/FIESTA-1.jpg?w=529&amp;ssl=1 529w, https:\/\/i0.wp.com\/eltrabajo.cl\/portal\/wp-content\/uploads\/2014\/11\/FIESTA-1.jpg?resize=197%2C150&amp;ssl=1 197w, https:\/\/i0.wp.com\/eltrabajo.cl\/portal\/wp-content\/uploads\/2014\/11\/FIESTA-1.jpg?resize=300%2C227&amp;ssl=1 300w, https:\/\/i0.wp.com\/eltrabajo.cl\/portal\/wp-content\/uploads\/2014\/11\/FIESTA-1.jpg?resize=150%2C113&amp;ssl=1 150w, https:\/\/i0.wp.com\/eltrabajo.cl\/portal\/wp-content\/uploads\/2014\/11\/FIESTA-1.jpg?resize=400%2C303&amp;ssl=1 400w\" sizes=\"auto, (max-width: 529px) 100vw, 529px\" \/><\/a><figcaption id=\"caption-attachment-53546\" class=\"wp-caption-text\">Los asistentes se mostraron alegres tras participar de la Fiesta de la Primavera para los adultos mayores este viernes.<\/figcaption><\/figure>\n<p>M\u00e1s de 30 clubes del Adulto Mayor salieron a las calles la tarde del viernes reci\u00e9n pasado, luciendo coloridos y l\u00fadicos carros aleg\u00f3ricos para celebrar junto a sus reinas la Fiesta de la Primavera, recorriendo las principales arterias de la comuna de San Felipe.<br \/>\nLa caravana se inici\u00f3 en Avenida Yungay mientras los representantes de cada club de mayores innovaron en su imaginaci\u00f3n para adornar los veh\u00edculos donde se desplazaba cada reina acompa\u00f1ada de los m\u00e1s graciosos personajes y respetadas princesas, para dar vida a esta fiesta como parte de las actividades programadas para culminar el presente a\u00f1o.<br \/>\nLos senescentes iban saludando a todos los vecinos de calle Prat en direcci\u00f3n a la Plaza de Armas, mientras desfilaban en sus veh\u00edculos que transitaba por el principal paseo p\u00fablico de San Felipe para luego trasladarse hacia calle Salinas para continuar el recorrido.<br \/>\nLos integrantes de los clubes como \u2018La bella edad\u2019, \u2018Los retablos\u2019, \u2018Los girasoles\u2019, \u2018Orden y amistad\u2019 y el Centro Diurno de mayores Santo Domingo\u2019 entre otros, se mostraron muy contentos con la actividad en una tarde bastante calurosa pero con muchas ganas de celebrar esta fiesta que culmin\u00f3 con un gran baile de camarader\u00eda en la C\u00e1mara de Comercio de esta comuna, recibiendo la visita del Alcalde Patricio Freire, quien comparti\u00f3 con los adultos mayores y las majestuosas reinas de cada club.<br \/>\nPablo Salinas Sald\u00edas<\/p>\n<div class=\"tiled-gallery type-rectangular tiled-gallery-unresized\" data-original-width=\"640\" data-carousel-extra='null' itemscope itemtype=\"http:\/\/schema.org\/ImageGallery\" > <div class=\"gallery-row\" style=\"width: 640px; height: 244px;\" data-original-width=\"640\" data-original-height=\"244\" > <div class=\"gallery-group images-1\" style=\"width: 320px; height: 244px;\" data-original-width=\"320\" data-original-height=\"244\" > <div class=\"tiled-gallery-item tiled-gallery-item-large\" itemprop=\"associatedMedia\" itemscope itemtype=\"http:\/\/schema.org\/ImageObject\"> <a href=\"https:\/\/eltrabajo.cl\/portal\/adultos-mayores-celebraron-su-fiesta-de-la-primavera\/fiesta-3\/\" border=\"0\" itemprop=\"url\"> <meta itemprop=\"width\" content=\"316\"> <meta itemprop=\"height\" content=\"240\"> <img decoding=\"async\" class=\"\" data-attachment-id=\"53547\" data-orig-file=\"https:\/\/eltrabajo.cl\/portal\/wp-content\/uploads\/2014\/11\/FIESTA-3.jpg\" data-orig-size=\"529,401\" data-comments-opened=\"1\" data-image-meta=\"{&quot;aperture&quot;:&quot;0&quot;,&quot;credit&quot;:&quot;&quot;,&quot;camera&quot;:&quot;&quot;,&quot;caption&quot;:&quot;&quot;,&quot;created_timestamp&quot;:&quot;0&quot;,&quot;copyright&quot;:&quot;Copyright 2007&quot;,&quot;focal_length&quot;:&quot;0&quot;,&quot;iso&quot;:&quot;0&quot;,&quot;shutter_speed&quot;:&quot;0&quot;,&quot;title&quot;:&quot;&quot;,&quot;orientation&quot;:&quot;0&quot;}\" data-image-title=\"FIESTA 3\" data-image-description=\"&lt;p&gt;La reina junto a su rey representantes de Club La bella edad de San Felipe.&lt;\/p&gt; \" data-medium-file=\"https:\/\/i0.wp.com\/eltrabajo.cl\/portal\/wp-content\/uploads\/2014\/11\/FIESTA-3.jpg?fit=300%2C227&#038;ssl=1\" data-large-file=\"https:\/\/i0.wp.com\/eltrabajo.cl\/portal\/wp-content\/uploads\/2014\/11\/FIESTA-3.jpg?fit=529%2C401&#038;ssl=1\" src=\"https:\/\/i0.wp.com\/eltrabajo.cl\/portal\/wp-content\/uploads\/2014\/11\/FIESTA-3.jpg?w=316&#038;h=240&#038;ssl=1\" srcset=\"https:\/\/i0.wp.com\/eltrabajo.cl\/portal\/wp-content\/uploads\/2014\/11\/FIESTA-3.jpg?w=529&amp;ssl=1 529w, https:\/\/i0.wp.com\/eltrabajo.cl\/portal\/wp-content\/uploads\/2014\/11\/FIESTA-3.jpg?resize=197%2C150&amp;ssl=1 197w, https:\/\/i0.wp.com\/eltrabajo.cl\/portal\/wp-content\/uploads\/2014\/11\/FIESTA-3.jpg?resize=300%2C227&amp;ssl=1 300w, https:\/\/i0.wp.com\/eltrabajo.cl\/portal\/wp-content\/uploads\/2014\/11\/FIESTA-3.jpg?resize=150%2C113&amp;ssl=1 150w, https:\/\/i0.wp.com\/eltrabajo.cl\/portal\/wp-content\/uploads\/2014\/11\/FIESTA-3.jpg?resize=400%2C303&amp;ssl=1 400w\" width=\"316\" height=\"240\" loading=\"lazy\" data-original-width=\"316\" data-original-height=\"240\" itemprop=\"http:\/\/schema.org\/image\" title=\"FIESTA 3\" alt=\"La reina junto a su rey representantes de Club La bella edad de San Felipe.\" style=\"width: 316px; height: 240px;\" \/> <\/a> <div class=\"tiled-gallery-caption\" itemprop=\"caption description\"> La reina junto a su rey representantes de Club La bella edad de San Felipe. <\/div> <\/div> <\/div> <!-- close group --> <div class=\"gallery-group images-1\" style=\"width: 320px; height: 244px;\" data-original-width=\"320\" data-original-height=\"244\" > <div class=\"tiled-gallery-item tiled-gallery-item-large\" itemprop=\"associatedMedia\" itemscope itemtype=\"http:\/\/schema.org\/ImageObject\"> <a href=\"https:\/\/eltrabajo.cl\/portal\/adultos-mayores-celebraron-su-fiesta-de-la-primavera\/fiesta-5\/\" border=\"0\" itemprop=\"url\"> <meta itemprop=\"width\" content=\"316\"> <meta itemprop=\"height\" content=\"240\"> <img decoding=\"async\" class=\"\" data-attachment-id=\"53548\" data-orig-file=\"https:\/\/eltrabajo.cl\/portal\/wp-content\/uploads\/2014\/11\/FIESTA-5.jpg\" data-orig-size=\"528,401\" data-comments-opened=\"1\" data-image-meta=\"{&quot;aperture&quot;:&quot;0&quot;,&quot;credit&quot;:&quot;&quot;,&quot;camera&quot;:&quot;&quot;,&quot;caption&quot;:&quot;&quot;,&quot;created_timestamp&quot;:&quot;0&quot;,&quot;copyright&quot;:&quot;Copyright 2007&quot;,&quot;focal_length&quot;:&quot;0&quot;,&quot;iso&quot;:&quot;0&quot;,&quot;shutter_speed&quot;:&quot;0&quot;,&quot;title&quot;:&quot;&quot;,&quot;orientation&quot;:&quot;0&quot;}\" data-image-title=\"FIESTA 5\" data-image-description=\"&lt;p&gt;El Centro Diurno Santo Domingo tambi\u00e9n se hizo presente con su reina.&lt;\/p&gt; \" data-medium-file=\"https:\/\/i0.wp.com\/eltrabajo.cl\/portal\/wp-content\/uploads\/2014\/11\/FIESTA-5.jpg?fit=300%2C227&#038;ssl=1\" data-large-file=\"https:\/\/i0.wp.com\/eltrabajo.cl\/portal\/wp-content\/uploads\/2014\/11\/FIESTA-5.jpg?fit=528%2C401&#038;ssl=1\" src=\"https:\/\/i0.wp.com\/eltrabajo.cl\/portal\/wp-content\/uploads\/2014\/11\/FIESTA-5.jpg?w=316&#038;h=240&#038;ssl=1\" srcset=\"https:\/\/i0.wp.com\/eltrabajo.cl\/portal\/wp-content\/uploads\/2014\/11\/FIESTA-5.jpg?w=528&amp;ssl=1 528w, https:\/\/i0.wp.com\/eltrabajo.cl\/portal\/wp-content\/uploads\/2014\/11\/FIESTA-5.jpg?resize=197%2C150&amp;ssl=1 197w, https:\/\/i0.wp.com\/eltrabajo.cl\/portal\/wp-content\/uploads\/2014\/11\/FIESTA-5.jpg?resize=300%2C227&amp;ssl=1 300w, https:\/\/i0.wp.com\/eltrabajo.cl\/portal\/wp-content\/uploads\/2014\/11\/FIESTA-5.jpg?resize=150%2C113&amp;ssl=1 150w, https:\/\/i0.wp.com\/eltrabajo.cl\/portal\/wp-content\/uploads\/2014\/11\/FIESTA-5.jpg?resize=400%2C303&amp;ssl=1 400w\" width=\"316\" height=\"240\" loading=\"lazy\" data-original-width=\"316\" data-original-height=\"240\" itemprop=\"http:\/\/schema.org\/image\" title=\"FIESTA 5\" alt=\"El Centro Diurno Santo Domingo tambi\u00e9n se hizo presente con su reina.\" style=\"width: 316px; height: 240px;\" \/> <\/a> <div class=\"tiled-gallery-caption\" itemprop=\"caption description\"> El Centro Diurno Santo Domingo tambi\u00e9n se hizo presente con su reina. <\/div> <\/div> <\/div> <!-- close group --> <\/div> <!-- close row --> <\/div>\n","protected":false},"excerpt":{"rendered":"<p>M\u00e1s de 30 clubes del Adulto Mayor salieron a las calles la tarde del viernes reci\u00e9n pasado, luciendo coloridos y l\u00fadicos carros aleg\u00f3ricos para celebrar junto a sus reinas la Fiesta de&#8230;<\/p>\n","protected":false},"author":482,"featured_media":53546,"comment_status":"open","ping_status":"closed","sticky":false,"template":"","format":"standard","meta":{"advanced_seo_description":"","jetpack_seo_html_title":"","jetpack_seo_noindex":false,"_jetpack_memberships_contains_paid_content":false,"footnotes":""},"categories":[15],"tags":[],"class_list":["post-53545","post","type-post","status-publish","format-standard","has-post-thumbnail","hentry","category-comunidad"],"jetpack_featured_media_url":"https:\/\/i0.wp.com\/eltrabajo.cl\/portal\/wp-content\/uploads\/2014\/11\/FIESTA-1.jpg?fit=529%2C401&ssl=1","jetpack_sharing_enabled":true,"jetpack_likes_enabled":true,"jetpack-related-posts":[],"_links":{"self":[{"href":"https:\/\/eltrabajo.cl\/portal\/wp-json\/wp\/v2\/posts\/53545","targetHints":{"allow":["GET"]}}],"collection":[{"href":"https:\/\/eltrabajo.cl\/portal\/wp-json\/wp\/v2\/posts"}],"about":[{"href":"https:\/\/eltrabajo.cl\/portal\/wp-json\/wp\/v2\/types\/post"}],"author":[{"embeddable":true,"href":"https:\/\/eltrabajo.cl\/portal\/wp-json\/wp\/v2\/users\/482"}],"replies":[{"embeddable":true,"href":"https:\/\/eltrabajo.cl\/portal\/wp-json\/wp\/v2\/comments?post=53545"}],"version-history":[{"count":0,"href":"https:\/\/eltrabajo.cl\/portal\/wp-json\/wp\/v2\/posts\/53545\/revisions"}],"wp:featuredmedia":[{"embeddable":true,"href":"https:\/\/eltrabajo.cl\/portal\/wp-json\/wp\/v2\/media\/53546"}],"wp:attachment":[{"href":"https:\/\/eltrabajo.cl\/portal\/wp-json\/wp\/v2\/media?parent=53545"}],"wp:term":[{"taxonomy":"category","embeddable":true,"href":"https:\/\/eltrabajo.cl\/portal\/wp-json\/wp\/v2\/categories?post=53545"},{"taxonomy":"post_tag","embeddable":true,"href":"https:\/\/eltrabajo.cl\/portal\/wp-json\/wp\/v2\/tags?post=53545"}],"curies":[{"name":"wp","href":"https:\/\/api.w.org\/{rel}","templated":true}]}}