{"id":53565,"date":"2014-11-25T09:48:21","date_gmt":"2014-11-25T12:48:21","guid":{"rendered":"http:\/\/www.eltrabajo.cl\/portal\/?p=53565"},"modified":"2014-11-25T09:48:21","modified_gmt":"2014-11-25T12:48:21","slug":"a-sus-93-anos-fallecio-el-poeta-popular-luis-sepulveda-huerta","status":"publish","type":"post","link":"https:\/\/eltrabajo.cl\/portal\/a-sus-93-anos-fallecio-el-poeta-popular-luis-sepulveda-huerta\/","title":{"rendered":"A sus 93 a\u00f1os falleci\u00f3 el poeta popular Luis Sep\u00falveda Huerta"},"content":{"rendered":"<figure id=\"attachment_53566\" aria-describedby=\"caption-attachment-53566\" style=\"width: 300px\" class=\"wp-caption alignleft\"><a href=\"https:\/\/i0.wp.com\/www.eltrabajo.cl\/portal\/wp-content\/uploads\/2014\/11\/Luchito1.jpg\"><img data-recalc-dims=\"1\" loading=\"lazy\" decoding=\"async\" class=\"wp-image-53566 size-medium\" src=\"https:\/\/i0.wp.com\/www.eltrabajo.cl\/portal\/wp-content\/uploads\/2014\/11\/Luchito1-300x204.jpg?resize=300%2C204\" alt=\"ADI\u00d3S LUCHITO.- A la edad de 93 a\u00f1os y tras sufrir un paro cardio-respiratorio en el Hospital San Antonio de Putaendo, dej\u00f3 de existir el gran poeta popular Luis \u2018Luchito\u2019 Sep\u00falveda Huerta.\" width=\"300\" height=\"204\" srcset=\"https:\/\/i0.wp.com\/eltrabajo.cl\/portal\/wp-content\/uploads\/2014\/11\/Luchito1.jpg?resize=300%2C204&amp;ssl=1 300w, https:\/\/i0.wp.com\/eltrabajo.cl\/portal\/wp-content\/uploads\/2014\/11\/Luchito1.jpg?resize=200%2C136&amp;ssl=1 200w, https:\/\/i0.wp.com\/eltrabajo.cl\/portal\/wp-content\/uploads\/2014\/11\/Luchito1.jpg?resize=150%2C102&amp;ssl=1 150w, https:\/\/i0.wp.com\/eltrabajo.cl\/portal\/wp-content\/uploads\/2014\/11\/Luchito1.jpg?resize=400%2C272&amp;ssl=1 400w, https:\/\/i0.wp.com\/eltrabajo.cl\/portal\/wp-content\/uploads\/2014\/11\/Luchito1.jpg?w=529&amp;ssl=1 529w\" sizes=\"auto, (max-width: 300px) 100vw, 300px\" \/><\/a><figcaption id=\"caption-attachment-53566\" class=\"wp-caption-text\">ADI\u00d3S LUCHITO.- A la edad de 93 a\u00f1os y tras sufrir un paro cardio-respiratorio en el Hospital San Antonio de Putaendo, dej\u00f3 de existir el gran poeta popular Luis \u2018Luchito\u2019 Sep\u00falveda Huerta.<\/figcaption><\/figure>\n<p><strong>PUTAENDO<\/strong>.- Nuevamente la cultura sufre un nuevo golpe, ya que a la edad de 93 a\u00f1os y tras sufrir un paro cardio-respiratorio en el Hospital San Antonio de Putaendo, dej\u00f3 de existir el gran poeta popular Luis \u2018Luchito\u2019 Sep\u00falveda Huerta. Desde hace algunos d\u00edas, \u2018Luchito\u2019 como todos le apodaban cari\u00f1osamente, presentaba algunas complicaciones de salud que se acrecentaron durante la tarde de este domingo, por lo que fue necesario su traslado hasta el Hospital San Antonio, donde pese a los esfuerzos m\u00e9dicos, pasadas las 23:00 horas falleci\u00f3 producto de un paro cardio-respiratorio.<br \/>\nLuis Sep\u00falveda, durante su trayectoria recibi\u00f3 varios reconocimientos, no tan s\u00f3lo en nuestra comuna, donde se hac\u00eda presente en cuanta actividad cultural se realizaba, sobre todo en las que llevaba adelante el Centro Cultural de Rinconada de Silva, en el cual y con la picard\u00eda que lo caracterizaba, arrancaba espont\u00e1neos aplausos de quienes se deleitaban con sus versos y payas, la mayor\u00eda dedicadas a su querido Putaendo.<br \/>\nSin lugar a dudas el recuerdo de \u2018Luchito\u2019 Sep\u00falveda, quedar\u00e1 inmortalizado en el documental Antolog\u00eda de poetas y cantores de Putaendo, que ha sido exhibido en casi todo Putaendo y que fue desarrollado por el Centro de Expresi\u00f3n y Desarrollo Cultural de Rinconada de Silva, y en donde se retrataba la vida simple y la humildad de uno de los grandes de Putaendo,quien hoy parte a la eternidad, dejando tras de s\u00ed una huella imborrable en la senda de la cultura y las tradiciones putaendinas.<br \/>\nSus restos mortales est\u00e1n siendo velados en la capilla El Arenal y sus funerales se efectuar\u00e1n este martes a las 11:00 horas despu\u00e9s de una Misa que ser\u00e1 oficiada por el eterno descanso de su alma en el templo parroquial de Putaendo. Quienes laboramos en Diario El Trabajo por este medio expresamos nuestro profundo dolor por la p\u00e9rdida de Don Luis Sep\u00falveda Huerta y enviamos nuestras m\u00e1s sinceras condolencias a sus deudos en estos dif\u00edciles momentos.<br \/>\nPatricio Gallardo M.<\/p>\n","protected":false},"excerpt":{"rendered":"<p>PUTAENDO.- Nuevamente la cultura sufre un nuevo golpe, ya que a la edad de 93 a\u00f1os y tras sufrir un paro cardio-respiratorio en el Hospital San Antonio de Putaendo, dej\u00f3 de existir&#8230;<\/p>\n","protected":false},"author":482,"featured_media":53566,"comment_status":"open","ping_status":"closed","sticky":false,"template":"","format":"standard","meta":{"advanced_seo_description":"","jetpack_seo_html_title":"","jetpack_seo_noindex":false,"_jetpack_memberships_contains_paid_content":false,"footnotes":""},"categories":[15],"tags":[],"class_list":["post-53565","post","type-post","status-publish","format-standard","has-post-thumbnail","hentry","category-comunidad"],"jetpack_featured_media_url":"https:\/\/i0.wp.com\/eltrabajo.cl\/portal\/wp-content\/uploads\/2014\/11\/Luchito1.jpg?fit=529%2C360&ssl=1","jetpack_sharing_enabled":true,"jetpack_likes_enabled":true,"jetpack-related-posts":[],"_links":{"self":[{"href":"https:\/\/eltrabajo.cl\/portal\/wp-json\/wp\/v2\/posts\/53565","targetHints":{"allow":["GET"]}}],"collection":[{"href":"https:\/\/eltrabajo.cl\/portal\/wp-json\/wp\/v2\/posts"}],"about":[{"href":"https:\/\/eltrabajo.cl\/portal\/wp-json\/wp\/v2\/types\/post"}],"author":[{"embeddable":true,"href":"https:\/\/eltrabajo.cl\/portal\/wp-json\/wp\/v2\/users\/482"}],"replies":[{"embeddable":true,"href":"https:\/\/eltrabajo.cl\/portal\/wp-json\/wp\/v2\/comments?post=53565"}],"version-history":[{"count":0,"href":"https:\/\/eltrabajo.cl\/portal\/wp-json\/wp\/v2\/posts\/53565\/revisions"}],"wp:featuredmedia":[{"embeddable":true,"href":"https:\/\/eltrabajo.cl\/portal\/wp-json\/wp\/v2\/media\/53566"}],"wp:attachment":[{"href":"https:\/\/eltrabajo.cl\/portal\/wp-json\/wp\/v2\/media?parent=53565"}],"wp:term":[{"taxonomy":"category","embeddable":true,"href":"https:\/\/eltrabajo.cl\/portal\/wp-json\/wp\/v2\/categories?post=53565"},{"taxonomy":"post_tag","embeddable":true,"href":"https:\/\/eltrabajo.cl\/portal\/wp-json\/wp\/v2\/tags?post=53565"}],"curies":[{"name":"wp","href":"https:\/\/api.w.org\/{rel}","templated":true}]}}