{"id":53568,"date":"2014-11-25T09:50:05","date_gmt":"2014-11-25T12:50:05","guid":{"rendered":"http:\/\/www.eltrabajo.cl\/portal\/?p=53568"},"modified":"2014-11-25T09:50:05","modified_gmt":"2014-11-25T12:50:05","slug":"municipio-recibe-moderna-barredora-y-aspiradora-de-calles","status":"publish","type":"post","link":"https:\/\/eltrabajo.cl\/portal\/municipio-recibe-moderna-barredora-y-aspiradora-de-calles\/","title":{"rendered":"Municipio recibe moderna barredora y aspiradora de calles"},"content":{"rendered":"<figure id=\"attachment_53569\" aria-describedby=\"caption-attachment-53569\" style=\"width: 529px\" class=\"wp-caption alignnone\"><a href=\"https:\/\/i0.wp.com\/www.eltrabajo.cl\/portal\/wp-content\/uploads\/2014\/11\/Barredora1.jpg\"><img data-recalc-dims=\"1\" loading=\"lazy\" decoding=\"async\" class=\"size-full wp-image-53569\" src=\"https:\/\/i0.wp.com\/www.eltrabajo.cl\/portal\/wp-content\/uploads\/2014\/11\/Barredora1.jpg?resize=529%2C360\" alt=\"El Alcalde Patricio Freire fue el primero en usar esta moderna m\u00e1quina de limpieza.\" width=\"529\" height=\"360\" srcset=\"https:\/\/i0.wp.com\/eltrabajo.cl\/portal\/wp-content\/uploads\/2014\/11\/Barredora1.jpg?w=529&amp;ssl=1 529w, https:\/\/i0.wp.com\/eltrabajo.cl\/portal\/wp-content\/uploads\/2014\/11\/Barredora1.jpg?resize=200%2C136&amp;ssl=1 200w, https:\/\/i0.wp.com\/eltrabajo.cl\/portal\/wp-content\/uploads\/2014\/11\/Barredora1.jpg?resize=300%2C204&amp;ssl=1 300w, https:\/\/i0.wp.com\/eltrabajo.cl\/portal\/wp-content\/uploads\/2014\/11\/Barredora1.jpg?resize=150%2C102&amp;ssl=1 150w, https:\/\/i0.wp.com\/eltrabajo.cl\/portal\/wp-content\/uploads\/2014\/11\/Barredora1.jpg?resize=400%2C272&amp;ssl=1 400w\" sizes=\"auto, (max-width: 529px) 100vw, 529px\" \/><\/a><figcaption id=\"caption-attachment-53569\" class=\"wp-caption-text\">El Alcalde Patricio Freire fue el primero en usar esta moderna m\u00e1quina de limpieza.<\/figcaption><\/figure>\n<p>Este lunes el municipio de San Felipe recibi\u00f3 una moderna barredora y aspiradora de calles, que tiene como objetivo mejorar la calidad y eficiencia del servicio de aseo en el centro de la comuna. La moderna adquisici\u00f3n fue recibida por el Alcalde Patricio Freire, quien llev\u00f3 adelante este proyecto, a trav\u00e9s de la Secretar\u00eda de Planificaci\u00f3n Comunal, iniciativa que se logr\u00f3 concretar a trav\u00e9s de Circular 33 del Gobierno Regional y que contempla una inversi\u00f3n de $92 millones.<br \/>\nEl Alcalde Freire se mostr\u00f3 muy contento al lograr este proyecto, se\u00f1alando que \u00abestamos muy contentos de varios proyectos que est\u00e1n llegando a la comuna de San Felipe, la semana pasada lleg\u00f3 una retroexcavadora, hemos pedido dos m\u00e1quinas barredoras de calles, esta es la primera que llega a San Felipe, estamos en deuda con la comunidad porque hay sectores que no se barren y por eso queremos llegar a todos los rincones con una buena limpieza en las villas de nuestra ciudad\u00bb, coment\u00f3 el jefe comunal.<br \/>\nEste proyecto fue postulado este a\u00f1o por el municipio, proceso que permiti\u00f3 adquirir esta moderna maquinaria francesa, que cuenta con un estanque para agua de 360 litros, control de polvo y una tolva de acero inoxidable y que quedar\u00e1 operativa en unos d\u00edas m\u00e1s. El objetivo del Alcalde Freire es contar con otra barredora m\u00e1s, lo que permitir\u00e1 limpiar amplios sectores de la comuna.<\/p>\n","protected":false},"excerpt":{"rendered":"<p>Este lunes el municipio de San Felipe recibi\u00f3 una moderna barredora y aspiradora de calles, que tiene como objetivo mejorar la calidad y eficiencia del servicio de aseo en el centro de&#8230;<\/p>\n","protected":false},"author":482,"featured_media":53569,"comment_status":"open","ping_status":"closed","sticky":false,"template":"","format":"standard","meta":{"advanced_seo_description":"","jetpack_seo_html_title":"","jetpack_seo_noindex":false,"_jetpack_memberships_contains_paid_content":false,"footnotes":""},"categories":[15],"tags":[],"class_list":["post-53568","post","type-post","status-publish","format-standard","has-post-thumbnail","hentry","category-comunidad"],"jetpack_featured_media_url":"https:\/\/i0.wp.com\/eltrabajo.cl\/portal\/wp-content\/uploads\/2014\/11\/Barredora1.jpg?fit=529%2C360&ssl=1","jetpack_sharing_enabled":true,"jetpack_likes_enabled":true,"jetpack-related-posts":[],"_links":{"self":[{"href":"https:\/\/eltrabajo.cl\/portal\/wp-json\/wp\/v2\/posts\/53568","targetHints":{"allow":["GET"]}}],"collection":[{"href":"https:\/\/eltrabajo.cl\/portal\/wp-json\/wp\/v2\/posts"}],"about":[{"href":"https:\/\/eltrabajo.cl\/portal\/wp-json\/wp\/v2\/types\/post"}],"author":[{"embeddable":true,"href":"https:\/\/eltrabajo.cl\/portal\/wp-json\/wp\/v2\/users\/482"}],"replies":[{"embeddable":true,"href":"https:\/\/eltrabajo.cl\/portal\/wp-json\/wp\/v2\/comments?post=53568"}],"version-history":[{"count":0,"href":"https:\/\/eltrabajo.cl\/portal\/wp-json\/wp\/v2\/posts\/53568\/revisions"}],"wp:featuredmedia":[{"embeddable":true,"href":"https:\/\/eltrabajo.cl\/portal\/wp-json\/wp\/v2\/media\/53569"}],"wp:attachment":[{"href":"https:\/\/eltrabajo.cl\/portal\/wp-json\/wp\/v2\/media?parent=53568"}],"wp:term":[{"taxonomy":"category","embeddable":true,"href":"https:\/\/eltrabajo.cl\/portal\/wp-json\/wp\/v2\/categories?post=53568"},{"taxonomy":"post_tag","embeddable":true,"href":"https:\/\/eltrabajo.cl\/portal\/wp-json\/wp\/v2\/tags?post=53568"}],"curies":[{"name":"wp","href":"https:\/\/api.w.org\/{rel}","templated":true}]}}