{"id":53571,"date":"2014-11-25T09:59:00","date_gmt":"2014-11-25T12:59:00","guid":{"rendered":"http:\/\/www.eltrabajo.cl\/portal\/?p=53571"},"modified":"2014-11-25T09:59:00","modified_gmt":"2014-11-25T12:59:00","slug":"reina-de-la-primavera-visito-diario-el-trabajo","status":"publish","type":"post","link":"https:\/\/eltrabajo.cl\/portal\/reina-de-la-primavera-visito-diario-el-trabajo\/","title":{"rendered":"Reina de la Primavera visit\u00f3 Diario El Trabajo"},"content":{"rendered":"<figure id=\"attachment_53572\" aria-describedby=\"caption-attachment-53572\" style=\"width: 528px\" class=\"wp-caption alignnone\"><a href=\"https:\/\/i0.wp.com\/www.eltrabajo.cl\/portal\/wp-content\/uploads\/2014\/11\/REINA-CAROLINA.jpg\"><img data-recalc-dims=\"1\" loading=\"lazy\" decoding=\"async\" class=\"size-full wp-image-53572\" src=\"https:\/\/i0.wp.com\/www.eltrabajo.cl\/portal\/wp-content\/uploads\/2014\/11\/REINA-CAROLINA.jpg?resize=528%2C401\" alt=\"VISITA DE LUJO.- La bella soberana visit\u00f3 nuestra Sala de Redacci\u00f3n y pos\u00f3 para nuestras c\u00e1maras al lado del Director de Diario El Trabajo, Marco Antonio Juri; el Gerente General de nuestro medio, Miguel Angel Juri, la experimentada diagramadora del diario, Ang\u00e9lica Juri y nuestro Gerente General Miguel Ricardo Juri \" width=\"528\" height=\"401\" srcset=\"https:\/\/i0.wp.com\/eltrabajo.cl\/portal\/wp-content\/uploads\/2014\/11\/REINA-CAROLINA.jpg?w=528&amp;ssl=1 528w, https:\/\/i0.wp.com\/eltrabajo.cl\/portal\/wp-content\/uploads\/2014\/11\/REINA-CAROLINA.jpg?resize=197%2C150&amp;ssl=1 197w, https:\/\/i0.wp.com\/eltrabajo.cl\/portal\/wp-content\/uploads\/2014\/11\/REINA-CAROLINA.jpg?resize=300%2C227&amp;ssl=1 300w, https:\/\/i0.wp.com\/eltrabajo.cl\/portal\/wp-content\/uploads\/2014\/11\/REINA-CAROLINA.jpg?resize=150%2C113&amp;ssl=1 150w, https:\/\/i0.wp.com\/eltrabajo.cl\/portal\/wp-content\/uploads\/2014\/11\/REINA-CAROLINA.jpg?resize=400%2C303&amp;ssl=1 400w\" sizes=\"auto, (max-width: 528px) 100vw, 528px\" \/><\/a><figcaption id=\"caption-attachment-53572\" class=\"wp-caption-text\">VISITA DE LUJO.- La bella soberana visit\u00f3 nuestra Sala de Redacci\u00f3n y pos\u00f3 para nuestras c\u00e1maras al lado del Director de Diario El Trabajo, Marco Antonio Juri; el Gerente General de nuestro medio, Miguel Angel Juri, la experimentada diagramadora del diario, Ang\u00e9lica Juri y nuestro Gerente General Miguel Ricardo Juri<\/figcaption><\/figure>\n<p>Luciendo su brillante corona y tambi\u00e9n la cinta que la acredita como la Reina Oficial de la Primavera 2014 visit\u00f3 la tarde de este lunes, nuestra Sala de Redacci\u00f3n la bell\u00edsima Carolina Arancibia S\u00e1ez para compartir con el grupo editor de Diario El Trabajo. Carolina coment\u00f3 a nuestro medio sobre lo duro que fue la competencia por obtener el mejor puntaje dentro del certamen provincial, mismo que logr\u00f3 ganar gracias a su empe\u00f1o y dedicaci\u00f3n durante los meses que dur\u00f3 el concurso.<br \/>\nQuien laboramos en Diario El Trabajo, por este medio, celebramos alegremente al lado de nuestra flamente Reina de la Primavera este triunfo, que m\u00e1s que personal para Carolina, es un triunfo de todos los sanfelipe\u00f1os quienes desde algunos a\u00f1os decidimos retomar el apoyar esta tradicional fiesta en San Felipe.<\/p>\n<div class=\"tiled-gallery type-rectangular tiled-gallery-unresized\" data-original-width=\"640\" data-carousel-extra='null' itemscope itemtype=\"http:\/\/schema.org\/ImageGallery\" > <div class=\"gallery-row\" style=\"width: 640px; height: 309px;\" data-original-width=\"640\" data-original-height=\"309\" > <div class=\"gallery-group images-1\" style=\"width: 414px; height: 309px;\" data-original-width=\"414\" data-original-height=\"309\" > <div class=\"tiled-gallery-item tiled-gallery-item-large\" itemprop=\"associatedMedia\" itemscope itemtype=\"http:\/\/schema.org\/ImageObject\"> <a href=\"https:\/\/eltrabajo.cl\/portal\/reina-de-la-primavera-visito-diario-el-trabajo\/foto-2-virreina-de-la-primavera\/\" border=\"0\" itemprop=\"url\"> <meta itemprop=\"width\" content=\"410\"> <meta itemprop=\"height\" content=\"305\"> <img decoding=\"async\" class=\"\" data-attachment-id=\"53574\" data-orig-file=\"https:\/\/eltrabajo.cl\/portal\/wp-content\/uploads\/2014\/11\/FOTO-2-virreina-de-la-primavera.jpg\" data-orig-size=\"529,394\" data-comments-opened=\"1\" data-image-meta=\"{&quot;aperture&quot;:&quot;0&quot;,&quot;credit&quot;:&quot;&quot;,&quot;camera&quot;:&quot;&quot;,&quot;caption&quot;:&quot;&quot;,&quot;created_timestamp&quot;:&quot;0&quot;,&quot;copyright&quot;:&quot;&quot;,&quot;focal_length&quot;:&quot;0&quot;,&quot;iso&quot;:&quot;0&quot;,&quot;shutter_speed&quot;:&quot;0&quot;,&quot;title&quot;:&quot;&quot;,&quot;orientation&quot;:&quot;0&quot;}\" data-image-title=\"FOTO 2 &amp;#8211; virreina de la primavera\" data-image-description=\"&lt;p&gt;La representante del Comit\u00e9 de Vivienda Valle de los Sue\u00f1os, Norma Victoria Ortiz Riquelme, se coron\u00f3 Virreina de la Primavera.&lt;\/p&gt; \" data-medium-file=\"https:\/\/i0.wp.com\/eltrabajo.cl\/portal\/wp-content\/uploads\/2014\/11\/FOTO-2-virreina-de-la-primavera.jpg?fit=300%2C223&#038;ssl=1\" data-large-file=\"https:\/\/i0.wp.com\/eltrabajo.cl\/portal\/wp-content\/uploads\/2014\/11\/FOTO-2-virreina-de-la-primavera.jpg?fit=529%2C394&#038;ssl=1\" src=\"https:\/\/i0.wp.com\/eltrabajo.cl\/portal\/wp-content\/uploads\/2014\/11\/FOTO-2-virreina-de-la-primavera.jpg?w=410&#038;h=305&#038;ssl=1\" srcset=\"https:\/\/i0.wp.com\/eltrabajo.cl\/portal\/wp-content\/uploads\/2014\/11\/FOTO-2-virreina-de-la-primavera.jpg?w=529&amp;ssl=1 529w, https:\/\/i0.wp.com\/eltrabajo.cl\/portal\/wp-content\/uploads\/2014\/11\/FOTO-2-virreina-de-la-primavera.jpg?resize=200%2C148&amp;ssl=1 200w, https:\/\/i0.wp.com\/eltrabajo.cl\/portal\/wp-content\/uploads\/2014\/11\/FOTO-2-virreina-de-la-primavera.jpg?resize=300%2C223&amp;ssl=1 300w, https:\/\/i0.wp.com\/eltrabajo.cl\/portal\/wp-content\/uploads\/2014\/11\/FOTO-2-virreina-de-la-primavera.jpg?resize=150%2C111&amp;ssl=1 150w, https:\/\/i0.wp.com\/eltrabajo.cl\/portal\/wp-content\/uploads\/2014\/11\/FOTO-2-virreina-de-la-primavera.jpg?resize=400%2C297&amp;ssl=1 400w\" width=\"410\" height=\"305\" loading=\"lazy\" data-original-width=\"410\" data-original-height=\"305\" itemprop=\"http:\/\/schema.org\/image\" title=\"FOTO 2 - virreina de la primavera\" alt=\"La representante del Comit\u00e9 de Vivienda Valle de los Sue\u00f1os, Norma Victoria Ortiz Riquelme, se coron\u00f3 Virreina de la Primavera.\" style=\"width: 410px; height: 305px;\" \/> <\/a> <div class=\"tiled-gallery-caption\" itemprop=\"caption description\"> La representante del Comit\u00e9 de Vivienda Valle de los Sue\u00f1os, Norma Victoria Ortiz Riquelme, se coron\u00f3 Virreina de la Primavera. <\/div> <\/div> <\/div> <!-- close group --> <div class=\"gallery-group images-2\" style=\"width: 226px; height: 309px;\" data-original-width=\"226\" data-original-height=\"309\" > <div class=\"tiled-gallery-item tiled-gallery-item-small\" itemprop=\"associatedMedia\" itemscope itemtype=\"http:\/\/schema.org\/ImageObject\"> <a href=\"https:\/\/eltrabajo.cl\/portal\/reina-de-la-primavera-visito-diario-el-trabajo\/foto-9-cementerio-2\/\" border=\"0\" itemprop=\"url\"> <meta itemprop=\"width\" content=\"222\"> <meta itemprop=\"height\" content=\"151\"> <img decoding=\"async\" class=\"\" data-attachment-id=\"53575\" data-orig-file=\"https:\/\/eltrabajo.cl\/portal\/wp-content\/uploads\/2014\/11\/FOTO-9-cementerio-2.jpg\" data-orig-size=\"529,358\" data-comments-opened=\"1\" data-image-meta=\"{&quot;aperture&quot;:&quot;0&quot;,&quot;credit&quot;:&quot;&quot;,&quot;camera&quot;:&quot;&quot;,&quot;caption&quot;:&quot;&quot;,&quot;created_timestamp&quot;:&quot;0&quot;,&quot;copyright&quot;:&quot;&quot;,&quot;focal_length&quot;:&quot;0&quot;,&quot;iso&quot;:&quot;0&quot;,&quot;shutter_speed&quot;:&quot;0&quot;,&quot;title&quot;:&quot;&quot;,&quot;orientation&quot;:&quot;0&quot;}\" data-image-title=\"FOTO 9 &amp;#8211; cementerio 2\" data-image-description=\"&lt;p&gt;\u201cCementerio municipal\u201d fue el carro que present\u00f3 la Junta de Vecinos El Descanso, que contempl\u00f3 incluso un funeral.&lt;\/p&gt; \" data-medium-file=\"https:\/\/i0.wp.com\/eltrabajo.cl\/portal\/wp-content\/uploads\/2014\/11\/FOTO-9-cementerio-2.jpg?fit=300%2C203&#038;ssl=1\" data-large-file=\"https:\/\/i0.wp.com\/eltrabajo.cl\/portal\/wp-content\/uploads\/2014\/11\/FOTO-9-cementerio-2.jpg?fit=529%2C358&#038;ssl=1\" src=\"https:\/\/i0.wp.com\/eltrabajo.cl\/portal\/wp-content\/uploads\/2014\/11\/FOTO-9-cementerio-2.jpg?w=222&#038;h=151&#038;ssl=1\" srcset=\"https:\/\/i0.wp.com\/eltrabajo.cl\/portal\/wp-content\/uploads\/2014\/11\/FOTO-9-cementerio-2.jpg?w=529&amp;ssl=1 529w, https:\/\/i0.wp.com\/eltrabajo.cl\/portal\/wp-content\/uploads\/2014\/11\/FOTO-9-cementerio-2.jpg?resize=200%2C135&amp;ssl=1 200w, https:\/\/i0.wp.com\/eltrabajo.cl\/portal\/wp-content\/uploads\/2014\/11\/FOTO-9-cementerio-2.jpg?resize=300%2C203&amp;ssl=1 300w, https:\/\/i0.wp.com\/eltrabajo.cl\/portal\/wp-content\/uploads\/2014\/11\/FOTO-9-cementerio-2.jpg?resize=150%2C101&amp;ssl=1 150w, https:\/\/i0.wp.com\/eltrabajo.cl\/portal\/wp-content\/uploads\/2014\/11\/FOTO-9-cementerio-2.jpg?resize=400%2C270&amp;ssl=1 400w\" width=\"222\" height=\"151\" loading=\"lazy\" data-original-width=\"222\" data-original-height=\"151\" itemprop=\"http:\/\/schema.org\/image\" title=\"FOTO 9 - cementerio 2\" alt=\"\u201cCementerio municipal\u201d fue el carro que present\u00f3 la Junta de Vecinos El Descanso, que contempl\u00f3 incluso un funeral.\" style=\"width: 222px; height: 151px;\" \/> <\/a> <div class=\"tiled-gallery-caption\" itemprop=\"caption description\"> \u201cCementerio municipal\u201d fue el carro que present\u00f3 la Junta de Vecinos El Descanso, que contempl\u00f3 incluso un funeral. <\/div> <\/div> <div class=\"tiled-gallery-item tiled-gallery-item-small\" itemprop=\"associatedMedia\" itemscope itemtype=\"http:\/\/schema.org\/ImageObject\"> <a href=\"https:\/\/eltrabajo.cl\/portal\/reina-de-la-primavera-visito-diario-el-trabajo\/foto-13-barrio-rojo\/\" border=\"0\" itemprop=\"url\"> <meta itemprop=\"width\" content=\"222\"> <meta itemprop=\"height\" content=\"150\"> <img decoding=\"async\" class=\"\" data-attachment-id=\"53576\" data-orig-file=\"https:\/\/eltrabajo.cl\/portal\/wp-content\/uploads\/2014\/11\/FOTO-13-barrio-rojo.jpg\" data-orig-size=\"529,358\" data-comments-opened=\"1\" data-image-meta=\"{&quot;aperture&quot;:&quot;0&quot;,&quot;credit&quot;:&quot;&quot;,&quot;camera&quot;:&quot;&quot;,&quot;caption&quot;:&quot;&quot;,&quot;created_timestamp&quot;:&quot;0&quot;,&quot;copyright&quot;:&quot;&quot;,&quot;focal_length&quot;:&quot;0&quot;,&quot;iso&quot;:&quot;0&quot;,&quot;shutter_speed&quot;:&quot;0&quot;,&quot;title&quot;:&quot;&quot;,&quot;orientation&quot;:&quot;0&quot;}\" data-image-title=\"FOTO 13 &amp;#8211; barrio rojo\" data-image-description=\"&lt;p&gt;\u201cEl Barrio Rojo\u201d de Las Heras, fue una de las atracciones gracias a la Junta de Vecinos Puente.&lt;\/p&gt; \" data-medium-file=\"https:\/\/i0.wp.com\/eltrabajo.cl\/portal\/wp-content\/uploads\/2014\/11\/FOTO-13-barrio-rojo.jpg?fit=300%2C203&#038;ssl=1\" data-large-file=\"https:\/\/i0.wp.com\/eltrabajo.cl\/portal\/wp-content\/uploads\/2014\/11\/FOTO-13-barrio-rojo.jpg?fit=529%2C358&#038;ssl=1\" src=\"https:\/\/i0.wp.com\/eltrabajo.cl\/portal\/wp-content\/uploads\/2014\/11\/FOTO-13-barrio-rojo.jpg?w=222&#038;h=150&#038;ssl=1\" srcset=\"https:\/\/i0.wp.com\/eltrabajo.cl\/portal\/wp-content\/uploads\/2014\/11\/FOTO-13-barrio-rojo.jpg?w=529&amp;ssl=1 529w, https:\/\/i0.wp.com\/eltrabajo.cl\/portal\/wp-content\/uploads\/2014\/11\/FOTO-13-barrio-rojo.jpg?resize=200%2C135&amp;ssl=1 200w, https:\/\/i0.wp.com\/eltrabajo.cl\/portal\/wp-content\/uploads\/2014\/11\/FOTO-13-barrio-rojo.jpg?resize=300%2C203&amp;ssl=1 300w, https:\/\/i0.wp.com\/eltrabajo.cl\/portal\/wp-content\/uploads\/2014\/11\/FOTO-13-barrio-rojo.jpg?resize=150%2C101&amp;ssl=1 150w, https:\/\/i0.wp.com\/eltrabajo.cl\/portal\/wp-content\/uploads\/2014\/11\/FOTO-13-barrio-rojo.jpg?resize=400%2C270&amp;ssl=1 400w\" width=\"222\" height=\"150\" loading=\"lazy\" data-original-width=\"222\" data-original-height=\"150\" itemprop=\"http:\/\/schema.org\/image\" title=\"FOTO 13 - barrio rojo\" alt=\"\u201cEl Barrio Rojo\u201d de Las Heras, fue una de las atracciones gracias a la Junta de Vecinos Puente.\" style=\"width: 222px; height: 150px;\" \/> <\/a> <div class=\"tiled-gallery-caption\" itemprop=\"caption description\"> \u201cEl Barrio Rojo\u201d de Las Heras, fue una de las atracciones gracias a la Junta de Vecinos Puente. <\/div> <\/div> <\/div> <!-- close group --> <\/div> <!-- close row --> <div class=\"gallery-row\" style=\"width: 640px; height: 218px;\" data-original-width=\"640\" data-original-height=\"218\" > <div class=\"gallery-group images-1\" style=\"width: 320px; height: 218px;\" data-original-width=\"320\" data-original-height=\"218\" > <div class=\"tiled-gallery-item tiled-gallery-item-large\" itemprop=\"associatedMedia\" itemscope itemtype=\"http:\/\/schema.org\/ImageObject\"> <a href=\"https:\/\/eltrabajo.cl\/portal\/reina-de-la-primavera-visito-diario-el-trabajo\/foto-14-la-flor-del-valle\/\" border=\"0\" itemprop=\"url\"> <meta itemprop=\"width\" content=\"316\"> <meta itemprop=\"height\" content=\"214\"> <img decoding=\"async\" class=\"\" data-attachment-id=\"53577\" data-orig-file=\"https:\/\/eltrabajo.cl\/portal\/wp-content\/uploads\/2014\/11\/FOTO-14-la-flor-del-valle.jpg\" data-orig-size=\"529,358\" data-comments-opened=\"1\" data-image-meta=\"{&quot;aperture&quot;:&quot;0&quot;,&quot;credit&quot;:&quot;&quot;,&quot;camera&quot;:&quot;&quot;,&quot;caption&quot;:&quot;&quot;,&quot;created_timestamp&quot;:&quot;0&quot;,&quot;copyright&quot;:&quot;&quot;,&quot;focal_length&quot;:&quot;0&quot;,&quot;iso&quot;:&quot;0&quot;,&quot;shutter_speed&quot;:&quot;0&quot;,&quot;title&quot;:&quot;&quot;,&quot;orientation&quot;:&quot;0&quot;}\" data-image-title=\"FOTO 14 &amp;#8211; la flor del valle\" data-image-description=\"&lt;p&gt;El Comit\u00e9 de Vivienda \u201cValle de los sue\u00f1os\u201d present\u00f3 su carro aleg\u00f3rico \u201cLa Flor del valle\u201d.&lt;\/p&gt; \" data-medium-file=\"https:\/\/i0.wp.com\/eltrabajo.cl\/portal\/wp-content\/uploads\/2014\/11\/FOTO-14-la-flor-del-valle.jpg?fit=300%2C203&#038;ssl=1\" data-large-file=\"https:\/\/i0.wp.com\/eltrabajo.cl\/portal\/wp-content\/uploads\/2014\/11\/FOTO-14-la-flor-del-valle.jpg?fit=529%2C358&#038;ssl=1\" src=\"https:\/\/i0.wp.com\/eltrabajo.cl\/portal\/wp-content\/uploads\/2014\/11\/FOTO-14-la-flor-del-valle.jpg?w=316&#038;h=214&#038;ssl=1\" srcset=\"https:\/\/i0.wp.com\/eltrabajo.cl\/portal\/wp-content\/uploads\/2014\/11\/FOTO-14-la-flor-del-valle.jpg?w=529&amp;ssl=1 529w, https:\/\/i0.wp.com\/eltrabajo.cl\/portal\/wp-content\/uploads\/2014\/11\/FOTO-14-la-flor-del-valle.jpg?resize=200%2C135&amp;ssl=1 200w, https:\/\/i0.wp.com\/eltrabajo.cl\/portal\/wp-content\/uploads\/2014\/11\/FOTO-14-la-flor-del-valle.jpg?resize=300%2C203&amp;ssl=1 300w, https:\/\/i0.wp.com\/eltrabajo.cl\/portal\/wp-content\/uploads\/2014\/11\/FOTO-14-la-flor-del-valle.jpg?resize=150%2C101&amp;ssl=1 150w, https:\/\/i0.wp.com\/eltrabajo.cl\/portal\/wp-content\/uploads\/2014\/11\/FOTO-14-la-flor-del-valle.jpg?resize=400%2C270&amp;ssl=1 400w\" width=\"316\" height=\"214\" loading=\"lazy\" data-original-width=\"316\" data-original-height=\"214\" itemprop=\"http:\/\/schema.org\/image\" title=\"FOTO 14 - la flor del valle\" alt=\"El Comit\u00e9 de Vivienda \u201cValle de los sue\u00f1os\u201d present\u00f3 su carro aleg\u00f3rico \u201cLa Flor del valle\u201d.\" style=\"width: 316px; height: 214px;\" \/> <\/a> <div class=\"tiled-gallery-caption\" itemprop=\"caption description\"> El Comit\u00e9 de Vivienda \u201cValle de los sue\u00f1os\u201d present\u00f3 su carro aleg\u00f3rico \u201cLa Flor del valle\u201d. <\/div> <\/div> <\/div> <!-- close group --> <div class=\"gallery-group images-1\" style=\"width: 320px; height: 218px;\" data-original-width=\"320\" data-original-height=\"218\" > <div class=\"tiled-gallery-item tiled-gallery-item-large\" itemprop=\"associatedMedia\" itemscope itemtype=\"http:\/\/schema.org\/ImageObject\"> <a href=\"https:\/\/eltrabajo.cl\/portal\/reina-de-la-primavera-visito-diario-el-trabajo\/foto-17-publico\/\" border=\"0\" itemprop=\"url\"> <meta itemprop=\"width\" content=\"316\"> <meta itemprop=\"height\" content=\"214\"> <img decoding=\"async\" class=\"\" data-attachment-id=\"53578\" data-orig-file=\"https:\/\/eltrabajo.cl\/portal\/wp-content\/uploads\/2014\/11\/FOTO-17-publico.jpg\" data-orig-size=\"529,358\" data-comments-opened=\"1\" data-image-meta=\"{&quot;aperture&quot;:&quot;0&quot;,&quot;credit&quot;:&quot;&quot;,&quot;camera&quot;:&quot;&quot;,&quot;caption&quot;:&quot;&quot;,&quot;created_timestamp&quot;:&quot;0&quot;,&quot;copyright&quot;:&quot;&quot;,&quot;focal_length&quot;:&quot;0&quot;,&quot;iso&quot;:&quot;0&quot;,&quot;shutter_speed&quot;:&quot;0&quot;,&quot;title&quot;:&quot;&quot;,&quot;orientation&quot;:&quot;0&quot;}\" data-image-title=\"FOTO 17 &amp;#8211; publico\" data-image-description=\"&lt;p&gt;Much\u00edsimos vecinos llegaron a la Plaza de Armas para presenciar y disfrutar de la Fiesta de la Primavera.&lt;\/p&gt; \" data-medium-file=\"https:\/\/i0.wp.com\/eltrabajo.cl\/portal\/wp-content\/uploads\/2014\/11\/FOTO-17-publico.jpg?fit=300%2C203&#038;ssl=1\" data-large-file=\"https:\/\/i0.wp.com\/eltrabajo.cl\/portal\/wp-content\/uploads\/2014\/11\/FOTO-17-publico.jpg?fit=529%2C358&#038;ssl=1\" src=\"https:\/\/i0.wp.com\/eltrabajo.cl\/portal\/wp-content\/uploads\/2014\/11\/FOTO-17-publico.jpg?w=316&#038;h=214&#038;ssl=1\" srcset=\"https:\/\/i0.wp.com\/eltrabajo.cl\/portal\/wp-content\/uploads\/2014\/11\/FOTO-17-publico.jpg?w=529&amp;ssl=1 529w, https:\/\/i0.wp.com\/eltrabajo.cl\/portal\/wp-content\/uploads\/2014\/11\/FOTO-17-publico.jpg?resize=200%2C135&amp;ssl=1 200w, https:\/\/i0.wp.com\/eltrabajo.cl\/portal\/wp-content\/uploads\/2014\/11\/FOTO-17-publico.jpg?resize=300%2C203&amp;ssl=1 300w, https:\/\/i0.wp.com\/eltrabajo.cl\/portal\/wp-content\/uploads\/2014\/11\/FOTO-17-publico.jpg?resize=150%2C101&amp;ssl=1 150w, https:\/\/i0.wp.com\/eltrabajo.cl\/portal\/wp-content\/uploads\/2014\/11\/FOTO-17-publico.jpg?resize=400%2C270&amp;ssl=1 400w\" width=\"316\" height=\"214\" loading=\"lazy\" data-original-width=\"316\" data-original-height=\"214\" itemprop=\"http:\/\/schema.org\/image\" title=\"FOTO 17 - publico\" alt=\"Much\u00edsimos vecinos llegaron a la Plaza de Armas para presenciar y disfrutar de la Fiesta de la Primavera.\" style=\"width: 316px; height: 214px;\" \/> <\/a> <div class=\"tiled-gallery-caption\" itemprop=\"caption description\"> Much\u00edsimos vecinos llegaron a la Plaza de Armas para presenciar y disfrutar de la Fiesta de la Primavera. <\/div> <\/div> <\/div> <!-- close group --> <\/div> <!-- close row --> <\/div>\n","protected":false},"excerpt":{"rendered":"<p>Luciendo su brillante corona y tambi\u00e9n la cinta que la acredita como la Reina Oficial de la Primavera 2014 visit\u00f3 la tarde de este lunes, nuestra Sala de Redacci\u00f3n la bell\u00edsima Carolina&#8230;<\/p>\n","protected":false},"author":482,"featured_media":53572,"comment_status":"open","ping_status":"closed","sticky":false,"template":"","format":"standard","meta":{"advanced_seo_description":"","jetpack_seo_html_title":"","jetpack_seo_noindex":false,"_jetpack_memberships_contains_paid_content":false,"footnotes":""},"categories":[15],"tags":[],"class_list":["post-53571","post","type-post","status-publish","format-standard","has-post-thumbnail","hentry","category-comunidad"],"jetpack_featured_media_url":"https:\/\/i0.wp.com\/eltrabajo.cl\/portal\/wp-content\/uploads\/2014\/11\/REINA-CAROLINA.jpg?fit=528%2C401&ssl=1","jetpack_sharing_enabled":true,"jetpack_likes_enabled":true,"jetpack-related-posts":[],"_links":{"self":[{"href":"https:\/\/eltrabajo.cl\/portal\/wp-json\/wp\/v2\/posts\/53571","targetHints":{"allow":["GET"]}}],"collection":[{"href":"https:\/\/eltrabajo.cl\/portal\/wp-json\/wp\/v2\/posts"}],"about":[{"href":"https:\/\/eltrabajo.cl\/portal\/wp-json\/wp\/v2\/types\/post"}],"author":[{"embeddable":true,"href":"https:\/\/eltrabajo.cl\/portal\/wp-json\/wp\/v2\/users\/482"}],"replies":[{"embeddable":true,"href":"https:\/\/eltrabajo.cl\/portal\/wp-json\/wp\/v2\/comments?post=53571"}],"version-history":[{"count":0,"href":"https:\/\/eltrabajo.cl\/portal\/wp-json\/wp\/v2\/posts\/53571\/revisions"}],"wp:featuredmedia":[{"embeddable":true,"href":"https:\/\/eltrabajo.cl\/portal\/wp-json\/wp\/v2\/media\/53572"}],"wp:attachment":[{"href":"https:\/\/eltrabajo.cl\/portal\/wp-json\/wp\/v2\/media?parent=53571"}],"wp:term":[{"taxonomy":"category","embeddable":true,"href":"https:\/\/eltrabajo.cl\/portal\/wp-json\/wp\/v2\/categories?post=53571"},{"taxonomy":"post_tag","embeddable":true,"href":"https:\/\/eltrabajo.cl\/portal\/wp-json\/wp\/v2\/tags?post=53571"}],"curies":[{"name":"wp","href":"https:\/\/api.w.org\/{rel}","templated":true}]}}