{"id":53580,"date":"2014-11-25T10:13:39","date_gmt":"2014-11-25T13:13:39","guid":{"rendered":"http:\/\/www.eltrabajo.cl\/portal\/?p=53580"},"modified":"2014-11-25T10:13:39","modified_gmt":"2014-11-25T13:13:39","slug":"de-dos-escopetazos-en-el-pecho-matan-a-joven-en-la-escuadra","status":"publish","type":"post","link":"https:\/\/eltrabajo.cl\/portal\/de-dos-escopetazos-en-el-pecho-matan-a-joven-en-la-escuadra\/","title":{"rendered":"De dos escopetazos en el pecho matan a joven en La Escuadra"},"content":{"rendered":"<figure id=\"attachment_53582\" aria-describedby=\"caption-attachment-53582\" style=\"width: 529px\" class=\"wp-caption alignnone\"><a href=\"https:\/\/i0.wp.com\/www.eltrabajo.cl\/portal\/wp-content\/uploads\/2014\/11\/SITIO.jpg\"><img data-recalc-dims=\"1\" loading=\"lazy\" decoding=\"async\" class=\"size-full wp-image-53582\" src=\"https:\/\/i0.wp.com\/www.eltrabajo.cl\/portal\/wp-content\/uploads\/2014\/11\/SITIO.jpg?resize=529%2C358\" alt=\"En la esquina de Calle Uno con Pasaje Uno de Poblaci\u00f3n la Escuadra de San Felipe, se origin\u00f3 el homicidio aparentemente por un ajuste de cuentas.\" width=\"529\" height=\"358\" srcset=\"https:\/\/i0.wp.com\/eltrabajo.cl\/portal\/wp-content\/uploads\/2014\/11\/SITIO.jpg?w=529&amp;ssl=1 529w, https:\/\/i0.wp.com\/eltrabajo.cl\/portal\/wp-content\/uploads\/2014\/11\/SITIO.jpg?resize=200%2C135&amp;ssl=1 200w, https:\/\/i0.wp.com\/eltrabajo.cl\/portal\/wp-content\/uploads\/2014\/11\/SITIO.jpg?resize=300%2C203&amp;ssl=1 300w, https:\/\/i0.wp.com\/eltrabajo.cl\/portal\/wp-content\/uploads\/2014\/11\/SITIO.jpg?resize=150%2C101&amp;ssl=1 150w, https:\/\/i0.wp.com\/eltrabajo.cl\/portal\/wp-content\/uploads\/2014\/11\/SITIO.jpg?resize=400%2C270&amp;ssl=1 400w\" sizes=\"auto, (max-width: 529px) 100vw, 529px\" \/><\/a><figcaption id=\"caption-attachment-53582\" class=\"wp-caption-text\">En la esquina de Calle Uno con Pasaje Uno de Poblaci\u00f3n la Escuadra de San Felipe, se origin\u00f3 el homicidio aparentemente por un ajuste de cuentas.<\/figcaption><\/figure>\n<p>En la m\u00e1s completa inc\u00f3gnita se mantiene la investigaci\u00f3n por la muerte de un joven de alrededor de 20 a\u00f1os de edad, quien fue atacado por un desconocido que le dispar\u00f3 dos veces con una escopeta a la altura del t\u00f3rax, cuando transitaba por Calle Uno esquina Pasaje Uno de la primera etapa de Villa La Escuadra de San Felipe, desconoci\u00e9ndose hasta el cierre de esta edici\u00f3n la identidad del joven, quien falleci\u00f3 en cuesti\u00f3n de minutos en el Hospital San Camilo.<br \/>\nSeg\u00fan los primeros trascendidos que a\u00fan investiga la Brigada de Homicidios de la Polic\u00eda de Investigaciones de Los Andes, la joven v\u00edctima de estos hechos se encontraba de paso por esa poblaci\u00f3n, cuando habr\u00eda sido herido por un sujeto que se movilizaba en un autom\u00f3vil de color blanco, mismo que lo abord\u00f3 para disparar dos veces una escopeta a perdigones que lo hicieron desplomarse sobre la calzada, a un costado de una multi-cancha.<br \/>\nDiario El Trabajo se traslad\u00f3 hasta el sitio del suceso, comprobando que exist\u00edan rasgos de sangre sobre la calle, presumi\u00e9ndose que el herido intent\u00f3 caminar unos metros pidiendo auxilio hasta caer rendido en dicha esquina de Poblaci\u00f3n La Escuadra pasado el mediod\u00eda de ayer lunes, transform\u00e1ndose hasta el momento en un puzzle policial para las polic\u00edas.<\/p>\n<p><strong>LLAMADO AN\u00d3NIMO<\/strong><br \/>\nLas escuetas versiones de algunos vecinos indicar\u00edan que el autor de los disparos se moviliza en un veh\u00edculo blanco que se dio a la fuga, sin registrarse hasta ahora mayores antecedentes para establecer su identidad. Un llamado an\u00f3nimo hasta el Servicio de Urgencias del Hospital San Camilo de San Felipe, requiri\u00f3 la presencia del Samu para asistir al herido, quien se encontraba sobre la calzada a\u00fan con signos vitales, debiendo ser entubado por los param\u00e9dicos para trasladarlo con urgencia a pabell\u00f3n.<br \/>\nDesde ese centro hospitalario se indic\u00f3 que el paciente fue ingresado cerca de las 13:00 horas como N.N., dado a que no manten\u00eda en sus vestimentas su c\u00e9dula de identidad y sin ninguna persona que lo acompa\u00f1ara. Pese a las intervenciones m\u00e9dicas la joven v\u00edctima falleci\u00f3 producto de una herida penetrante por arma de fuego en la regi\u00f3n del t\u00f3rax a las 13:18 horas de ayer lunes.<br \/>\nEl cuerpo del occiso fue remitido hasta el Servicio M\u00e9dico Legal, desconoci\u00e9ndose el reclamo formal por parte de familiares que concurriesen hasta el Hospital San Camilo para establecer la identidad del fallecido, por lo que la Polic\u00eda de Investigaciones recogi\u00f3 muestras de sus huellas dactilares para individualizar el misterioso cad\u00e1ver por medio del Registro Civil.<br \/>\nPasadas las 16:00 horas de ayer lune,s el sitio del suceso se encontraba acordonado por la Polic\u00eda de Investigaciones y Carabineros de San Felipe, realizando pericias tanto fotogr\u00e1ficas como planim\u00e9tricas, para la confecci\u00f3n de un informe sobre este homicidio, caso que ser\u00e1 remitido a la Fiscal\u00eda de San Felipe. Adem\u00e1s se intentaron recoger algunas versiones de parte de los vecinos, quienes en su mayor\u00eda habr\u00edan declinado aportar mayores antecedentes sobre lo sucedido por temor a represalias.<br \/>\nSin embargo Diario el Trabajo se entrevist\u00f3 con algunos residentes, quienes indicaron a nuestro medio fuera de micr\u00f3fono que al parecer tanto v\u00edctima como victimario no eran residentes de Poblaci\u00f3n La Escuadra y que se tratar\u00eda aparentemente de un \u2018ajuste de cuentas\u2019 que podr\u00eda estar vinculada al tr\u00e1fico de drogas.<br \/>\nEfectivos policiales de la PDI no se aventuraron en proporcionar alguna versi\u00f3n oficial sobre la investigaci\u00f3n del caso a nuestro medio, debido a que no se ha establecido con precisi\u00f3n el m\u00f3vil de los sucesos acaecidos en el sector, m\u00e1s a\u00fan con una v\u00edctima que no tiene hasta el momento una identidad concreta para poder indagar con sus familiares.<br \/>\nPablo Salinas Sald\u00edas<\/p>\n<div class=\"tiled-gallery type-rectangular tiled-gallery-unresized\" data-original-width=\"640\" data-carousel-extra='null' itemscope itemtype=\"http:\/\/schema.org\/ImageGallery\" > <div class=\"gallery-row\" style=\"width: 640px; height: 339px;\" data-original-width=\"640\" data-original-height=\"339\" > <div class=\"gallery-group images-1\" style=\"width: 418px; height: 339px;\" data-original-width=\"418\" data-original-height=\"339\" > <div class=\"tiled-gallery-item tiled-gallery-item-large\" itemprop=\"associatedMedia\" itemscope itemtype=\"http:\/\/schema.org\/ImageObject\"> <a href=\"https:\/\/eltrabajo.cl\/portal\/de-dos-escopetazos-en-el-pecho-matan-a-joven-en-la-escuadra\/sangre\/\" border=\"0\" itemprop=\"url\"> <meta itemprop=\"width\" content=\"414\"> <meta itemprop=\"height\" content=\"335\"> <img decoding=\"async\" class=\"\" data-attachment-id=\"53585\" data-orig-file=\"https:\/\/eltrabajo.cl\/portal\/wp-content\/uploads\/2014\/11\/sangre.jpg\" data-orig-size=\"529,428\" data-comments-opened=\"1\" data-image-meta=\"{&quot;aperture&quot;:&quot;0&quot;,&quot;credit&quot;:&quot;&quot;,&quot;camera&quot;:&quot;&quot;,&quot;caption&quot;:&quot;&quot;,&quot;created_timestamp&quot;:&quot;0&quot;,&quot;copyright&quot;:&quot;&quot;,&quot;focal_length&quot;:&quot;0&quot;,&quot;iso&quot;:&quot;0&quot;,&quot;shutter_speed&quot;:&quot;0&quot;,&quot;title&quot;:&quot;&quot;,&quot;orientation&quot;:&quot;0&quot;}\" data-image-title=\"sangre\" data-image-description=\"&lt;p&gt;Tendido en este lugar se encontraba la joven v\u00edctima acribillado desde donde lo traslad\u00f3 el personal del Samu hacia el Hospital San Camilo, falleciendo a los pocos minutos despu\u00e9s.&lt;\/p&gt; \" data-medium-file=\"https:\/\/i0.wp.com\/eltrabajo.cl\/portal\/wp-content\/uploads\/2014\/11\/sangre.jpg?fit=300%2C242&#038;ssl=1\" data-large-file=\"https:\/\/i0.wp.com\/eltrabajo.cl\/portal\/wp-content\/uploads\/2014\/11\/sangre.jpg?fit=529%2C428&#038;ssl=1\" src=\"https:\/\/i0.wp.com\/eltrabajo.cl\/portal\/wp-content\/uploads\/2014\/11\/sangre.jpg?w=414&#038;h=335&#038;ssl=1\" srcset=\"https:\/\/i0.wp.com\/eltrabajo.cl\/portal\/wp-content\/uploads\/2014\/11\/sangre.jpg?w=529&amp;ssl=1 529w, https:\/\/i0.wp.com\/eltrabajo.cl\/portal\/wp-content\/uploads\/2014\/11\/sangre.jpg?resize=185%2C150&amp;ssl=1 185w, https:\/\/i0.wp.com\/eltrabajo.cl\/portal\/wp-content\/uploads\/2014\/11\/sangre.jpg?resize=300%2C242&amp;ssl=1 300w, https:\/\/i0.wp.com\/eltrabajo.cl\/portal\/wp-content\/uploads\/2014\/11\/sangre.jpg?resize=150%2C121&amp;ssl=1 150w, https:\/\/i0.wp.com\/eltrabajo.cl\/portal\/wp-content\/uploads\/2014\/11\/sangre.jpg?resize=400%2C323&amp;ssl=1 400w\" width=\"414\" height=\"335\" loading=\"lazy\" data-original-width=\"414\" data-original-height=\"335\" itemprop=\"http:\/\/schema.org\/image\" title=\"sangre\" alt=\"Tendido en este lugar se encontraba la joven v\u00edctima acribillado desde donde lo traslad\u00f3 el personal del Samu hacia el Hospital San Camilo, falleciendo a los pocos minutos despu\u00e9s.\" style=\"width: 414px; height: 335px;\" \/> <\/a> <div class=\"tiled-gallery-caption\" itemprop=\"caption description\"> Tendido en este lugar se encontraba la joven v\u00edctima acribillado desde donde lo traslad\u00f3 el personal del Samu hacia el Hospital San Camilo, falleciendo a los pocos minutos despu\u00e9s. <\/div> <\/div> <\/div> <!-- close group --> <div class=\"gallery-group images-2\" style=\"width: 222px; height: 339px;\" data-original-width=\"222\" data-original-height=\"339\" > <div class=\"tiled-gallery-item tiled-gallery-item-small\" itemprop=\"associatedMedia\" itemscope itemtype=\"http:\/\/schema.org\/ImageObject\"> <a href=\"https:\/\/eltrabajo.cl\/portal\/de-dos-escopetazos-en-el-pecho-matan-a-joven-en-la-escuadra\/peritos-2\/\" border=\"0\" itemprop=\"url\"> <meta itemprop=\"width\" content=\"218\"> <meta itemprop=\"height\" content=\"166\"> <img decoding=\"async\" class=\"\" data-attachment-id=\"53583\" data-orig-file=\"https:\/\/eltrabajo.cl\/portal\/wp-content\/uploads\/2014\/11\/peritos-2.jpg\" data-orig-size=\"529,401\" data-comments-opened=\"1\" data-image-meta=\"{&quot;aperture&quot;:&quot;0&quot;,&quot;credit&quot;:&quot;&quot;,&quot;camera&quot;:&quot;&quot;,&quot;caption&quot;:&quot;&quot;,&quot;created_timestamp&quot;:&quot;0&quot;,&quot;copyright&quot;:&quot;&quot;,&quot;focal_length&quot;:&quot;0&quot;,&quot;iso&quot;:&quot;0&quot;,&quot;shutter_speed&quot;:&quot;0&quot;,&quot;title&quot;:&quot;&quot;,&quot;orientation&quot;:&quot;0&quot;}\" data-image-title=\"peritos 2\" data-image-description=\"&lt;p&gt;Hasta pasadas las 17:00 horas de ayer lunes, en el lugar de los hechos se encontraba acordonado para indagar m\u00e1s antecedentes por las Polic\u00edas sobre este misterioso homicidio. &lt;\/p&gt; \" data-medium-file=\"https:\/\/i0.wp.com\/eltrabajo.cl\/portal\/wp-content\/uploads\/2014\/11\/peritos-2.jpg?fit=300%2C227&#038;ssl=1\" data-large-file=\"https:\/\/i0.wp.com\/eltrabajo.cl\/portal\/wp-content\/uploads\/2014\/11\/peritos-2.jpg?fit=529%2C401&#038;ssl=1\" src=\"https:\/\/i0.wp.com\/eltrabajo.cl\/portal\/wp-content\/uploads\/2014\/11\/peritos-2.jpg?w=218&#038;h=166&#038;ssl=1\" srcset=\"https:\/\/i0.wp.com\/eltrabajo.cl\/portal\/wp-content\/uploads\/2014\/11\/peritos-2.jpg?w=529&amp;ssl=1 529w, https:\/\/i0.wp.com\/eltrabajo.cl\/portal\/wp-content\/uploads\/2014\/11\/peritos-2.jpg?resize=197%2C150&amp;ssl=1 197w, https:\/\/i0.wp.com\/eltrabajo.cl\/portal\/wp-content\/uploads\/2014\/11\/peritos-2.jpg?resize=300%2C227&amp;ssl=1 300w, https:\/\/i0.wp.com\/eltrabajo.cl\/portal\/wp-content\/uploads\/2014\/11\/peritos-2.jpg?resize=150%2C113&amp;ssl=1 150w, https:\/\/i0.wp.com\/eltrabajo.cl\/portal\/wp-content\/uploads\/2014\/11\/peritos-2.jpg?resize=400%2C303&amp;ssl=1 400w\" width=\"218\" height=\"166\" loading=\"lazy\" data-original-width=\"218\" data-original-height=\"166\" itemprop=\"http:\/\/schema.org\/image\" title=\"peritos 2\" alt=\"Hasta pasadas las 17:00 horas de ayer lunes, en el lugar de los hechos se encontraba acordonado para indagar m\u00e1s antecedentes por las Polic\u00edas sobre este misterioso homicidio.\" style=\"width: 218px; height: 166px;\" \/> <\/a> <div class=\"tiled-gallery-caption\" itemprop=\"caption description\"> Hasta pasadas las 17:00 horas de ayer lunes, en el lugar de los hechos se encontraba acordonado para indagar m\u00e1s antecedentes por las Polic\u00edas sobre este misterioso homicidio. <\/div> <\/div> <div class=\"tiled-gallery-item tiled-gallery-item-small\" itemprop=\"associatedMedia\" itemscope itemtype=\"http:\/\/schema.org\/ImageObject\"> <a href=\"https:\/\/eltrabajo.cl\/portal\/de-dos-escopetazos-en-el-pecho-matan-a-joven-en-la-escuadra\/peritos\/\" border=\"0\" itemprop=\"url\"> <meta itemprop=\"width\" content=\"218\"> <meta itemprop=\"height\" content=\"165\"> <img decoding=\"async\" class=\"\" data-attachment-id=\"53584\" data-orig-file=\"https:\/\/eltrabajo.cl\/portal\/wp-content\/uploads\/2014\/11\/peritos.jpg\" data-orig-size=\"529,401\" data-comments-opened=\"1\" data-image-meta=\"{&quot;aperture&quot;:&quot;0&quot;,&quot;credit&quot;:&quot;&quot;,&quot;camera&quot;:&quot;&quot;,&quot;caption&quot;:&quot;&quot;,&quot;created_timestamp&quot;:&quot;0&quot;,&quot;copyright&quot;:&quot;&quot;,&quot;focal_length&quot;:&quot;0&quot;,&quot;iso&quot;:&quot;0&quot;,&quot;shutter_speed&quot;:&quot;0&quot;,&quot;title&quot;:&quot;&quot;,&quot;orientation&quot;:&quot;0&quot;}\" data-image-title=\"peritos\" data-image-description=\"&lt;p&gt;Efectivos de la Brigada de Homicidios de Los Andes periciaron el sitio del suceso.&lt;\/p&gt; \" data-medium-file=\"https:\/\/i0.wp.com\/eltrabajo.cl\/portal\/wp-content\/uploads\/2014\/11\/peritos.jpg?fit=300%2C227&#038;ssl=1\" data-large-file=\"https:\/\/i0.wp.com\/eltrabajo.cl\/portal\/wp-content\/uploads\/2014\/11\/peritos.jpg?fit=529%2C401&#038;ssl=1\" src=\"https:\/\/i0.wp.com\/eltrabajo.cl\/portal\/wp-content\/uploads\/2014\/11\/peritos.jpg?w=218&#038;h=165&#038;ssl=1\" srcset=\"https:\/\/i0.wp.com\/eltrabajo.cl\/portal\/wp-content\/uploads\/2014\/11\/peritos.jpg?w=529&amp;ssl=1 529w, https:\/\/i0.wp.com\/eltrabajo.cl\/portal\/wp-content\/uploads\/2014\/11\/peritos.jpg?resize=197%2C150&amp;ssl=1 197w, https:\/\/i0.wp.com\/eltrabajo.cl\/portal\/wp-content\/uploads\/2014\/11\/peritos.jpg?resize=300%2C227&amp;ssl=1 300w, https:\/\/i0.wp.com\/eltrabajo.cl\/portal\/wp-content\/uploads\/2014\/11\/peritos.jpg?resize=150%2C113&amp;ssl=1 150w, https:\/\/i0.wp.com\/eltrabajo.cl\/portal\/wp-content\/uploads\/2014\/11\/peritos.jpg?resize=400%2C303&amp;ssl=1 400w\" width=\"218\" height=\"165\" loading=\"lazy\" data-original-width=\"218\" data-original-height=\"165\" itemprop=\"http:\/\/schema.org\/image\" title=\"peritos\" alt=\"Efectivos de la Brigada de Homicidios de Los Andes periciaron el sitio del suceso.\" style=\"width: 218px; height: 165px;\" \/> <\/a> <div class=\"tiled-gallery-caption\" itemprop=\"caption description\"> Efectivos de la Brigada de Homicidios de Los Andes periciaron el sitio del suceso. <\/div> <\/div> <\/div> <!-- close group --> <\/div> <!-- close row --> <\/div>\n","protected":false},"excerpt":{"rendered":"<p>En la m\u00e1s completa inc\u00f3gnita se mantiene la investigaci\u00f3n por la muerte de un joven de alrededor de 20 a\u00f1os de edad, quien fue atacado por un desconocido que le dispar\u00f3 dos&#8230;<\/p>\n","protected":false},"author":482,"featured_media":53582,"comment_status":"open","ping_status":"closed","sticky":false,"template":"","format":"standard","meta":{"advanced_seo_description":"","jetpack_seo_html_title":"","jetpack_seo_noindex":false,"_jetpack_memberships_contains_paid_content":false,"footnotes":""},"categories":[21],"tags":[],"class_list":["post-53580","post","type-post","status-publish","format-standard","has-post-thumbnail","hentry","category-policial"],"jetpack_featured_media_url":"https:\/\/i0.wp.com\/eltrabajo.cl\/portal\/wp-content\/uploads\/2014\/11\/SITIO.jpg?fit=529%2C358&ssl=1","jetpack_sharing_enabled":true,"jetpack_likes_enabled":true,"jetpack-related-posts":[],"_links":{"self":[{"href":"https:\/\/eltrabajo.cl\/portal\/wp-json\/wp\/v2\/posts\/53580","targetHints":{"allow":["GET"]}}],"collection":[{"href":"https:\/\/eltrabajo.cl\/portal\/wp-json\/wp\/v2\/posts"}],"about":[{"href":"https:\/\/eltrabajo.cl\/portal\/wp-json\/wp\/v2\/types\/post"}],"author":[{"embeddable":true,"href":"https:\/\/eltrabajo.cl\/portal\/wp-json\/wp\/v2\/users\/482"}],"replies":[{"embeddable":true,"href":"https:\/\/eltrabajo.cl\/portal\/wp-json\/wp\/v2\/comments?post=53580"}],"version-history":[{"count":0,"href":"https:\/\/eltrabajo.cl\/portal\/wp-json\/wp\/v2\/posts\/53580\/revisions"}],"wp:featuredmedia":[{"embeddable":true,"href":"https:\/\/eltrabajo.cl\/portal\/wp-json\/wp\/v2\/media\/53582"}],"wp:attachment":[{"href":"https:\/\/eltrabajo.cl\/portal\/wp-json\/wp\/v2\/media?parent=53580"}],"wp:term":[{"taxonomy":"category","embeddable":true,"href":"https:\/\/eltrabajo.cl\/portal\/wp-json\/wp\/v2\/categories?post=53580"},{"taxonomy":"post_tag","embeddable":true,"href":"https:\/\/eltrabajo.cl\/portal\/wp-json\/wp\/v2\/tags?post=53580"}],"curies":[{"name":"wp","href":"https:\/\/api.w.org\/{rel}","templated":true}]}}