{"id":53610,"date":"2014-11-26T09:35:17","date_gmt":"2014-11-26T12:35:17","guid":{"rendered":"http:\/\/www.eltrabajo.cl\/portal\/?p=53610"},"modified":"2014-11-26T09:35:41","modified_gmt":"2014-11-26T12:35:41","slug":"putaendinos-brindan-ultimo-adios-a-luchito-sepulveda","status":"publish","type":"post","link":"https:\/\/eltrabajo.cl\/portal\/putaendinos-brindan-ultimo-adios-a-luchito-sepulveda\/","title":{"rendered":"Putaendinos brindan \u00faltimo adi\u00f3s a \u2018Luchito\u2019 Sep\u00falveda"},"content":{"rendered":"<figure id=\"attachment_53611\" aria-describedby=\"caption-attachment-53611\" style=\"width: 528px\" class=\"wp-caption alignnone\"><a href=\"https:\/\/i0.wp.com\/www.eltrabajo.cl\/portal\/wp-content\/uploads\/2014\/11\/Luchito11.jpg\"><img data-recalc-dims=\"1\" loading=\"lazy\" decoding=\"async\" class=\"size-full wp-image-53611\" src=\"https:\/\/i0.wp.com\/www.eltrabajo.cl\/portal\/wp-content\/uploads\/2014\/11\/Luchito11.jpg?resize=528%2C295\" alt=\"Con un templo parroquial repleto de muchos amigos de distintos sectores de Putaendo y el Valle del Aconcagua, se realizaron los funerales del destacado poeta y cantor popular \u2018Luchito\u2019 Sep\u00falveda.\" width=\"528\" height=\"295\" srcset=\"https:\/\/i0.wp.com\/eltrabajo.cl\/portal\/wp-content\/uploads\/2014\/11\/Luchito11.jpg?w=528&amp;ssl=1 528w, https:\/\/i0.wp.com\/eltrabajo.cl\/portal\/wp-content\/uploads\/2014\/11\/Luchito11.jpg?resize=200%2C111&amp;ssl=1 200w, https:\/\/i0.wp.com\/eltrabajo.cl\/portal\/wp-content\/uploads\/2014\/11\/Luchito11.jpg?resize=300%2C167&amp;ssl=1 300w, https:\/\/i0.wp.com\/eltrabajo.cl\/portal\/wp-content\/uploads\/2014\/11\/Luchito11.jpg?resize=150%2C83&amp;ssl=1 150w, https:\/\/i0.wp.com\/eltrabajo.cl\/portal\/wp-content\/uploads\/2014\/11\/Luchito11.jpg?resize=400%2C223&amp;ssl=1 400w\" sizes=\"auto, (max-width: 528px) 100vw, 528px\" \/><\/a><figcaption id=\"caption-attachment-53611\" class=\"wp-caption-text\">Con un templo parroquial repleto de muchos amigos de distintos sectores de Putaendo y el Valle del Aconcagua, se realizaron los funerales del destacado poeta y cantor popular \u2018Luchito\u2019 Sep\u00falveda.<\/figcaption><\/figure>\n<p><strong>PUTAENDO<\/strong>.- Con un templo parroquial repleto de muchos amigos de distintos sectores de Putaendo y el Valle del Aconcagua, se realizaron los funerales del destacado poeta y cantor popular \u2018Luchito\u2019 Sep\u00falveda. La eucarist\u00eda presidida por el Cura Pedro Salinas fue acompa\u00f1ada por vecinos, amigos, folcloristas, cantores a lo divino, poetas y autoridades, quienes entregaron su presencia humana y solidaria a la extensa familia de Don Lucho.<br \/>\nAl finalizar la eucarist\u00eda, sus sobrinos entregaron emotivas palabras, quienes se refiri\u00e9ndose a Don Lucho como su tata, a las cuales tambi\u00e9n se sumaron palabras del Alcalde Guillermo Reyes, de la poetisa Sara Olgu\u00edn y durante la eucarist\u00eda un saludo tambi\u00e9n a trav\u00e9s de la poes\u00eda de Noel Fuentes y Roberto Mora.<\/p>\n<figure id=\"attachment_53612\" aria-describedby=\"caption-attachment-53612\" style=\"width: 400px\" class=\"wp-caption alignright\"><a href=\"https:\/\/i0.wp.com\/www.eltrabajo.cl\/portal\/wp-content\/uploads\/2014\/11\/Luchito2.jpg\"><img data-recalc-dims=\"1\" loading=\"lazy\" decoding=\"async\" class=\"wp-image-53612\" src=\"https:\/\/i0.wp.com\/www.eltrabajo.cl\/portal\/wp-content\/uploads\/2014\/11\/Luchito2.jpg?resize=400%2C190\" alt=\"La eucarist\u00eda presidida por el Cura Pedro Salinas fue acompa\u00f1ada por vecinos, amigos, folcloristas, cantores a lo divino, poetas y autoridades, quienes entregaron su presencia humana y solidaria a la extensa familia de Don Lucho.\" width=\"400\" height=\"190\" srcset=\"https:\/\/i0.wp.com\/eltrabajo.cl\/portal\/wp-content\/uploads\/2014\/11\/Luchito2.jpg?w=527&amp;ssl=1 527w, https:\/\/i0.wp.com\/eltrabajo.cl\/portal\/wp-content\/uploads\/2014\/11\/Luchito2.jpg?resize=200%2C94&amp;ssl=1 200w, https:\/\/i0.wp.com\/eltrabajo.cl\/portal\/wp-content\/uploads\/2014\/11\/Luchito2.jpg?resize=300%2C142&amp;ssl=1 300w, https:\/\/i0.wp.com\/eltrabajo.cl\/portal\/wp-content\/uploads\/2014\/11\/Luchito2.jpg?resize=150%2C71&amp;ssl=1 150w, https:\/\/i0.wp.com\/eltrabajo.cl\/portal\/wp-content\/uploads\/2014\/11\/Luchito2.jpg?resize=400%2C189&amp;ssl=1 400w\" sizes=\"auto, (max-width: 400px) 100vw, 400px\" \/><\/a><figcaption id=\"caption-attachment-53612\" class=\"wp-caption-text\">La eucarist\u00eda presidida por el Cura Pedro Salinas fue acompa\u00f1ada por vecinos, amigos, folcloristas, cantores a lo divino, poetas y autoridades, quienes entregaron su presencia humana y solidaria a la extensa familia de Don Lucho.<\/figcaption><\/figure>\n<p>Posteriormente el extenso cortejo se dirigi\u00f3 hasta el Cementerio Parroquial, en donde fueron sepultados los restos de Luchito Sep\u00falveda. Una de sus nietas, quien visiblemente emocionada lo despidi\u00f3, quiz\u00e1s represent\u00f3 a muchos en sus palabras, cuando se\u00f1al\u00f3 \u201cse nos fue un viejito de 93 a\u00f1os, l\u00facido, feliz y orgulloso, con un alma de joven que nunca se apag\u00f3\u201d.<br \/>\nPatricio Gallardo M.<\/p>\n","protected":false},"excerpt":{"rendered":"<p>PUTAENDO.- Con un templo parroquial repleto de muchos amigos de distintos sectores de Putaendo y el Valle del Aconcagua, se realizaron los funerales del destacado poeta y cantor popular \u2018Luchito\u2019 Sep\u00falveda. La&#8230;<\/p>\n","protected":false},"author":482,"featured_media":53611,"comment_status":"open","ping_status":"closed","sticky":false,"template":"","format":"standard","meta":{"advanced_seo_description":"","jetpack_seo_html_title":"","jetpack_seo_noindex":false,"_jetpack_memberships_contains_paid_content":false,"footnotes":""},"categories":[15],"tags":[],"class_list":["post-53610","post","type-post","status-publish","format-standard","has-post-thumbnail","hentry","category-comunidad"],"jetpack_featured_media_url":"https:\/\/i0.wp.com\/eltrabajo.cl\/portal\/wp-content\/uploads\/2014\/11\/Luchito11.jpg?fit=528%2C295&ssl=1","jetpack_sharing_enabled":true,"jetpack_likes_enabled":true,"jetpack-related-posts":[],"_links":{"self":[{"href":"https:\/\/eltrabajo.cl\/portal\/wp-json\/wp\/v2\/posts\/53610","targetHints":{"allow":["GET"]}}],"collection":[{"href":"https:\/\/eltrabajo.cl\/portal\/wp-json\/wp\/v2\/posts"}],"about":[{"href":"https:\/\/eltrabajo.cl\/portal\/wp-json\/wp\/v2\/types\/post"}],"author":[{"embeddable":true,"href":"https:\/\/eltrabajo.cl\/portal\/wp-json\/wp\/v2\/users\/482"}],"replies":[{"embeddable":true,"href":"https:\/\/eltrabajo.cl\/portal\/wp-json\/wp\/v2\/comments?post=53610"}],"version-history":[{"count":0,"href":"https:\/\/eltrabajo.cl\/portal\/wp-json\/wp\/v2\/posts\/53610\/revisions"}],"wp:featuredmedia":[{"embeddable":true,"href":"https:\/\/eltrabajo.cl\/portal\/wp-json\/wp\/v2\/media\/53611"}],"wp:attachment":[{"href":"https:\/\/eltrabajo.cl\/portal\/wp-json\/wp\/v2\/media?parent=53610"}],"wp:term":[{"taxonomy":"category","embeddable":true,"href":"https:\/\/eltrabajo.cl\/portal\/wp-json\/wp\/v2\/categories?post=53610"},{"taxonomy":"post_tag","embeddable":true,"href":"https:\/\/eltrabajo.cl\/portal\/wp-json\/wp\/v2\/tags?post=53610"}],"curies":[{"name":"wp","href":"https:\/\/api.w.org\/{rel}","templated":true}]}}