{"id":53617,"date":"2014-11-26T09:46:27","date_gmt":"2014-11-26T12:46:27","guid":{"rendered":"http:\/\/www.eltrabajo.cl\/portal\/?p=53617"},"modified":"2014-11-26T09:46:27","modified_gmt":"2014-11-26T12:46:27","slug":"seleccion-de-futbol-u-15-de-rinconada-logro-historico-triunfo","status":"publish","type":"post","link":"https:\/\/eltrabajo.cl\/portal\/seleccion-de-futbol-u-15-de-rinconada-logro-historico-triunfo\/","title":{"rendered":"Selecci\u00f3n de f\u00fatbol U-15 de Rinconada logr\u00f3 hist\u00f3rico triunfo"},"content":{"rendered":"<figure id=\"attachment_53618\" aria-describedby=\"caption-attachment-53618\" style=\"width: 528px\" class=\"wp-caption alignnone\"><a href=\"https:\/\/i0.wp.com\/www.eltrabajo.cl\/portal\/wp-content\/uploads\/2014\/11\/Campeones1.jpg\"><img data-recalc-dims=\"1\" loading=\"lazy\" decoding=\"async\" class=\"size-full wp-image-53618\" src=\"https:\/\/i0.wp.com\/www.eltrabajo.cl\/portal\/wp-content\/uploads\/2014\/11\/Campeones1.jpg?resize=528%2C365\" alt=\"Con un rotundo marcador de 5 goles contra 1 la Selecci\u00f3n U-15 de f\u00fatbol de Rinconada se titul\u00f3 el pasado s\u00e1bado 22 de noviembre como Campe\u00f3n Regional 2014.\" width=\"528\" height=\"365\" srcset=\"https:\/\/i0.wp.com\/eltrabajo.cl\/portal\/wp-content\/uploads\/2014\/11\/Campeones1.jpg?w=528&amp;ssl=1 528w, https:\/\/i0.wp.com\/eltrabajo.cl\/portal\/wp-content\/uploads\/2014\/11\/Campeones1.jpg?resize=200%2C138&amp;ssl=1 200w, https:\/\/i0.wp.com\/eltrabajo.cl\/portal\/wp-content\/uploads\/2014\/11\/Campeones1.jpg?resize=300%2C207&amp;ssl=1 300w, https:\/\/i0.wp.com\/eltrabajo.cl\/portal\/wp-content\/uploads\/2014\/11\/Campeones1.jpg?resize=150%2C103&amp;ssl=1 150w, https:\/\/i0.wp.com\/eltrabajo.cl\/portal\/wp-content\/uploads\/2014\/11\/Campeones1.jpg?resize=400%2C276&amp;ssl=1 400w\" sizes=\"auto, (max-width: 528px) 100vw, 528px\" \/><\/a><figcaption id=\"caption-attachment-53618\" class=\"wp-caption-text\">Con un rotundo marcador de 5 goles contra 1 la Selecci\u00f3n U-15 de f\u00fatbol de Rinconada se titul\u00f3 el pasado s\u00e1bado 22 de noviembre como Campe\u00f3n Regional 2014.<\/figcaption><\/figure>\n<p><strong>RINCONADA<\/strong>.- Con un rotundo marcador de 5 goles contra 1 la Selecci\u00f3n U-15 de f\u00fatbol de Rinconada se titul\u00f3 el pasado s\u00e1bado 22 de noviembre como Campe\u00f3n Regional 2014, apabullando de esta manera a sus rivales del Osm\u00e1n P\u00e9rez Freire de Valpara\u00edso, quienes no pudieron quedarse con el primer lugar ante el poder\u00edo de estos deportistas rinconadinos.<br \/>\nEl Estadio Lucio Fari\u00f1a de Quillota en donde se jug\u00f3 esta final, alberg\u00f3 a cientos de rinconadinos que fueron a apoyar a estos j\u00f3venes, quienes lograron traer el t\u00edtulo de campeones hasta Rinconada. Fue un partido lleno de emociones en donde Rinconada tuvo que reponerse r\u00e1pidamente ante la apertura de la cuenta en el minuto 15 de la primera mitad por parte del rival, lo que provoc\u00f3 una reacci\u00f3n inmediata de la U-15 rinconadina, que igual\u00f3 el marcador gracias a Christian Ibaceta.<br \/>\nConsecutivamente fue expulsado Mat\u00edas C\u00e9spedes el autor del primer y \u00fanico gol de Osm\u00e1n P\u00e9rez Freire y uno de sus principales jugadores. Desde ese momento el equipo porte\u00f1o comenz\u00f3 a sucumbir ante los rinconadinos, quienes finalizaron el primer tiempo 2 goles sobre 1 por medio del jugador Joaqu\u00edn Saavedra.<br \/>\nEn el segundo tiempo a pesar de los m\u00faltiples intentos del equipo porte\u00f1o no pudieron sobre ponerse a la fuerza del ataque de los rinconadinos quienes anotaron 3 goles m\u00e1s sellando as\u00ed por completo el encuentro, goles entregados y para el deleite de la hinchada por los jugadores Diego Fuenzalida, Lucas Ponce y Christian Ibaceta respectivamente.<br \/>\nChris Valero, capit\u00e1n de la Sub 15 Rinconada se mostr\u00f3 feliz por este gran logro obtenido para la comuna y para la selecci\u00f3n y dijo que \u201cal principio se sinti\u00f3 muy dif\u00edcil, sent\u00eda que se nos iba a escapar el partido de las manos pero con esfuerzo todo se puede lograr y pudimos dar vuelta el resultado y sacar un resultado muy bueno para el equipo, fue un partido muy peleado pero se logr\u00f3 el objetivo, quiero dar muchas gracias por apoyarnos\u201d.<br \/>\nSergio Donoso, quien es parte del plantel t\u00e9cnico de esta selecci\u00f3n se refiri\u00f3 al desarrollo del partido y expres\u00f3 que \u201cestoy s\u00faper contento, la evoluci\u00f3n fue grata, fuimos de menos a m\u00e1s, tratamos de mantener el grupo unido, los ni\u00f1os estaban muy motivados, s\u00faper contentos y con ganas de salir campeones y eso nos motivaba a nosotros tambi\u00e9n\u201d.<br \/>\nDe esta manera la Selecci\u00f3n de F\u00fatbol U-15 de Rinconada entreg\u00f3 este hist\u00f3rico resultado para la comuna con un marcador que dej\u00f3 m\u00e1s que contentos a los rinconadinos y que los potencia dentro del Valle del Aconcagua y la V Regi\u00f3n. Se espera poder obtener un importante resultado en el Campeonato Nacional a realizarse en Salamanca entre el 10 y el 25 de enero del 2015.<\/p>\n","protected":false},"excerpt":{"rendered":"<p>RINCONADA.- Con un rotundo marcador de 5 goles contra 1 la Selecci\u00f3n U-15 de f\u00fatbol de Rinconada se titul\u00f3 el pasado s\u00e1bado 22 de noviembre como Campe\u00f3n Regional 2014, apabullando de esta&#8230;<\/p>\n","protected":false},"author":482,"featured_media":53618,"comment_status":"open","ping_status":"closed","sticky":false,"template":"","format":"standard","meta":{"advanced_seo_description":"","jetpack_seo_html_title":"","jetpack_seo_noindex":false,"_jetpack_memberships_contains_paid_content":false,"footnotes":""},"categories":[15],"tags":[],"class_list":["post-53617","post","type-post","status-publish","format-standard","has-post-thumbnail","hentry","category-comunidad"],"jetpack_featured_media_url":"https:\/\/i0.wp.com\/eltrabajo.cl\/portal\/wp-content\/uploads\/2014\/11\/Campeones1.jpg?fit=528%2C365&ssl=1","jetpack_sharing_enabled":true,"jetpack_likes_enabled":true,"jetpack-related-posts":[],"_links":{"self":[{"href":"https:\/\/eltrabajo.cl\/portal\/wp-json\/wp\/v2\/posts\/53617","targetHints":{"allow":["GET"]}}],"collection":[{"href":"https:\/\/eltrabajo.cl\/portal\/wp-json\/wp\/v2\/posts"}],"about":[{"href":"https:\/\/eltrabajo.cl\/portal\/wp-json\/wp\/v2\/types\/post"}],"author":[{"embeddable":true,"href":"https:\/\/eltrabajo.cl\/portal\/wp-json\/wp\/v2\/users\/482"}],"replies":[{"embeddable":true,"href":"https:\/\/eltrabajo.cl\/portal\/wp-json\/wp\/v2\/comments?post=53617"}],"version-history":[{"count":0,"href":"https:\/\/eltrabajo.cl\/portal\/wp-json\/wp\/v2\/posts\/53617\/revisions"}],"wp:featuredmedia":[{"embeddable":true,"href":"https:\/\/eltrabajo.cl\/portal\/wp-json\/wp\/v2\/media\/53618"}],"wp:attachment":[{"href":"https:\/\/eltrabajo.cl\/portal\/wp-json\/wp\/v2\/media?parent=53617"}],"wp:term":[{"taxonomy":"category","embeddable":true,"href":"https:\/\/eltrabajo.cl\/portal\/wp-json\/wp\/v2\/categories?post=53617"},{"taxonomy":"post_tag","embeddable":true,"href":"https:\/\/eltrabajo.cl\/portal\/wp-json\/wp\/v2\/tags?post=53617"}],"curies":[{"name":"wp","href":"https:\/\/api.w.org\/{rel}","templated":true}]}}