{"id":53623,"date":"2014-11-26T09:51:56","date_gmt":"2014-11-26T12:51:56","guid":{"rendered":"http:\/\/www.eltrabajo.cl\/portal\/?p=53623"},"modified":"2014-11-26T09:51:56","modified_gmt":"2014-11-26T12:51:56","slug":"acribillado-en-la-escuadra-tenia-8-millones-y-un-mes-de-estar-en-libertad","status":"publish","type":"post","link":"https:\/\/eltrabajo.cl\/portal\/acribillado-en-la-escuadra-tenia-8-millones-y-un-mes-de-estar-en-libertad\/","title":{"rendered":"Acribillado en La Escuadra ten\u00eda $8 millones y un mes de estar en libertad"},"content":{"rendered":"<figure id=\"attachment_53624\" aria-describedby=\"caption-attachment-53624\" style=\"width: 294px\" class=\"wp-caption alignleft\"><a href=\"https:\/\/i0.wp.com\/www.eltrabajo.cl\/portal\/wp-content\/uploads\/2014\/11\/Nelly-Candia.jpg\"><img data-recalc-dims=\"1\" loading=\"lazy\" decoding=\"async\" class=\"wp-image-53624 size-medium\" src=\"https:\/\/i0.wp.com\/www.eltrabajo.cl\/portal\/wp-content\/uploads\/2014\/11\/Nelly-Candia-294x300.jpg?resize=294%2C300\" alt=\"Nelly Candia, madre del fallecido.\" width=\"294\" height=\"300\" srcset=\"https:\/\/i0.wp.com\/eltrabajo.cl\/portal\/wp-content\/uploads\/2014\/11\/Nelly-Candia.jpg?resize=294%2C300&amp;ssl=1 294w, https:\/\/i0.wp.com\/eltrabajo.cl\/portal\/wp-content\/uploads\/2014\/11\/Nelly-Candia.jpg?resize=147%2C150&amp;ssl=1 147w, https:\/\/i0.wp.com\/eltrabajo.cl\/portal\/wp-content\/uploads\/2014\/11\/Nelly-Candia.jpg?resize=400%2C407&amp;ssl=1 400w, https:\/\/i0.wp.com\/eltrabajo.cl\/portal\/wp-content\/uploads\/2014\/11\/Nelly-Candia.jpg?w=529&amp;ssl=1 529w\" sizes=\"auto, (max-width: 294px) 100vw, 294px\" \/><\/a><figcaption id=\"caption-attachment-53624\" class=\"wp-caption-text\">Nelly Candia, madre del fallecido.<\/figcaption><\/figure>\n<p>En horas de la tarde de ayer martes los padres del joven que fue asesinado en Poblaci\u00f3n La Escuadra, identificado como Jaime Ad\u00e1n Gatica Candia, de 30 a\u00f1os y domiciliado en la comuna de Lo Espejo en Santiago, pudieron retirar el cuerpo desde el Servicio M\u00e9dico Legal tras la autopsia de rigor, mientras la Polic\u00eda de Investigaciones intenta dar con la identidad del autor de este crimen cometido el lunes reci\u00e9n pasado en San Felipe, luego que se lograra con exactitud la identificaci\u00f3n del cuerpo de Jaime Gatica.<\/p>\n<p><strong>SALI\u00d3 DE PRISI\u00d3N<\/strong><br \/>\nSeg\u00fan los nuevos antecedentes recopilados por Diario El Trabajo, las primeras hip\u00f3tesis del caso apuntar\u00edan a que Jaime Gatica viaj\u00f3 con un amigo a bordo de un veh\u00edculo blanco desde la Regi\u00f3n Metropolitana, luego de haber cumplido una condena de cinco a\u00f1os en la c\u00e1rcel, recuperando su libertad reci\u00e9n el 5 de octubre reci\u00e9n pasado.<br \/>\nCerca del mediod\u00eda del lunes \u00faltimo, Gatica y su acompa\u00f1ante se habr\u00edan dirigido hasta Poblaci\u00f3n La Parras\u00eda para efectuar una supuesta transacci\u00f3n de drogas. Sin embargo por motivos que son materia de investigaci\u00f3n de la Polic\u00eda, ambos sujetos se movilizaron hasta Poblaci\u00f3n La Escuadra, donde Jaime Gatica descendi\u00f3 del autom\u00f3vil presumiblemente para \u2018ajustar cuentas\u2019 con un sujeto apodado \u2018El Gallina\u2019, quien ya lo esperaba y le habr\u00eda disparado con una escopeta en el pecho, dej\u00e1ndolo tendido sobre la calzada, inconsciente.<br \/>\nEl relato contin\u00faa se\u00f1alando que el acompa\u00f1ante del herido y que conduc\u00eda el veh\u00edculo, observ\u00f3 a su amigo que estaba moribundo y habr\u00eda registrado sus pertenencias como billetera y otros objetos, presumiblemente drogas, para apoderarse de ellas y huir del lugar en direcci\u00f3n desconocida. Tal como lo inform\u00e1ramos en nuestra edici\u00f3n del d\u00eda lunes de Diario El Trabajo, Jaime Gatica que hasta ese entonces era \u2018N.N.\u2019, fue auxiliado por personal del Samu, pese a lo cual m\u00e1s tarde falleci\u00f3, a las 13:18 horas, v\u00edctima de una herida penetrante del tipo homicida producida por un arma de fuego.<br \/>\nCabe destacar que esta hip\u00f3tesis est\u00e1 siendo investigada por efectivos de la Polic\u00eda de Investigaciones, quienes contin\u00faan realizando diligencias en Poblaci\u00f3n La Escuadra de San Felipe, recopilando m\u00e1s testimonios de los vecinos, quienes por temor a represalias no se atrev\u00edan a relatar lo sucedido; no obstante se espera que en definitiva aporten nuevos antecedentes para individualizar al autor del disparo que caus\u00f3 la muerte al joven.<br \/>\n<strong>PADRES ANGUSTIADOS<\/strong><br \/>\nPor su parte los padres de Jaime Gatica Candia, se\u00f1alaron que se enteraron de la noticia en horas de la madrugada del martes, debiendo viajar desde Santiago hasta la comuna de San Felipe para retirar el cuerpo de su hijo desde el Servicio M\u00e9dico Legal, argumentando que su reto\u00f1o, padre de una menor, estaba vinculado a las drogas y manten\u00eda una cantidad importante de dinero para comprar un terreno, luego de obtener hace poco m\u00e1s de un mes su libertad.<br \/>\n\u201cMe siento terrible, todav\u00eda no asumo lo que ha pasado, no tengo idea c\u00f3mo fue, a qu\u00e9 vino para ac\u00e1. Mi yerna (nuera) fue a la Comisar\u00eda y ah\u00ed le informaron que lo hab\u00edan matado. \u00c9l estuvo un tiempo detenido, el 5 de octubre le hab\u00edan dado la libertad y ah\u00ed conoci\u00f3 personas de ac\u00e1. Pido justicia, que se aclare todo porque no tengo idea de nada. Mi hijo era alegre, pero ahora estaba metido en las pastillas, \u00e9l vino para ac\u00e1 con plata, con cadenas de plata y oro, incluso con un notebook de mi hija, porque hace poco hab\u00edan vendido un departamento as\u00ed que andaba con buena plata, se hab\u00eda comprado un autito y un terreno en la playa. Que no quede impune la muerte de mi hijo\u201d, clam\u00f3 Nelly Candia, madre de Jaime.<br \/>\nAsimismo, el padre de la v\u00edctima de este homicidio, Jorge Gatica, dijo no confiar en la justicia chilena, esperando que el autor de este crimen pueda ser identificado y condenado a una pena privativa de libertad: \u201cLo \u00fanico que espero es que si alguien mata, le tiene que pasar lo mismo o caiga preso, yo no creo en la justicia chilena, porque a mi hijo lo condenaron a tres a\u00f1os y un d\u00eda sin derecho a nada por prestar una bicicleta, lo acusaron y qued\u00f3 fichado. Si Dios existe, va a haber justicia, andaba con dinero porque vendi\u00f3 un departamento hace un mes atr\u00e1s en $8 millones, andaba viendo un sitio en Padre Hurtado para comprarse o sino una casa en la playa. Ten\u00eda puros amigos, no ten\u00eda enemigos, tiene una hija estuvo esperando cinco a\u00f1os al pap\u00e1 para que saliera, pero no ten\u00eda enemigos\u201d, manifest\u00f3.<br \/>\nEl caso a\u00fan se mantiene inconcluso para la Polic\u00eda, que persigue atar cabos sobre este crimen a trav\u00e9s de los contactos que presumiblemente manten\u00eda Jaime Gatica Candia, toda vez que en sus antecedentes fue condenado por tr\u00e1fico de drogas y robo con intimidaci\u00f3n. Tal como lo se\u00f1alan sus padres, el m\u00f3vil podr\u00eda estar ligado al robo de su dinero o transacci\u00f3n de drogas.<br \/>\nNo obstante la Fiscal\u00eda de San Felipe espera con rigurosidad los informes preliminares de este delito con el objetivo de esclarecer los hechos que conmocionaron a los residentes de Poblaci\u00f3n La Escuadra.<br \/>\n\u201cSeg\u00fan el an\u00e1lisis pericial a las huellas dactilares del occiso, se logr\u00f3 determinar la identidad de aqu\u00e9l. Actualmente se est\u00e1 investigando a trav\u00e9s de la Brigada de Homicidios de la Polic\u00eda de Investigaciones de Los Andes, el homicidio de una persona el d\u00eda de ayer (lunes), la v\u00edctima falleci\u00f3 producto de una herida producida por un arma de fuego, se est\u00e1n indagando las motivaciones y los posibles responsables y estamos a la espera del informe policial para poder tomar decisiones respecto el caso\u201d, inform\u00f3 a Diario El Trabajo el Fiscal Jefe Osvaldo Basso.<br \/>\nPablo Salinas Sald\u00edas<\/p>\n<div class=\"tiled-gallery type-rectangular tiled-gallery-unresized\" data-original-width=\"640\" data-carousel-extra='null' itemscope itemtype=\"http:\/\/schema.org\/ImageGallery\" > <div class=\"gallery-row\" style=\"width: 640px; height: 398px;\" data-original-width=\"640\" data-original-height=\"398\" > <div class=\"gallery-group images-1\" style=\"width: 398px; height: 398px;\" data-original-width=\"398\" data-original-height=\"398\" > <div class=\"tiled-gallery-item tiled-gallery-item-large\" itemprop=\"associatedMedia\" itemscope itemtype=\"http:\/\/schema.org\/ImageObject\"> <a href=\"https:\/\/eltrabajo.cl\/portal\/acribillado-en-la-escuadra-tenia-8-millones-y-un-mes-de-estar-en-libertad\/jaime-gatica\/\" border=\"0\" itemprop=\"url\"> <meta itemprop=\"width\" content=\"394\"> <meta itemprop=\"height\" content=\"394\"> <img decoding=\"async\" class=\"\" data-attachment-id=\"53627\" data-orig-file=\"https:\/\/eltrabajo.cl\/portal\/wp-content\/uploads\/2014\/11\/Jaime-Gatica.jpg\" data-orig-size=\"530,530\" data-comments-opened=\"1\" data-image-meta=\"{&quot;aperture&quot;:&quot;0&quot;,&quot;credit&quot;:&quot;Picasa&quot;,&quot;camera&quot;:&quot;&quot;,&quot;caption&quot;:&quot;&quot;,&quot;created_timestamp&quot;:&quot;0&quot;,&quot;copyright&quot;:&quot;&quot;,&quot;focal_length&quot;:&quot;0&quot;,&quot;iso&quot;:&quot;0&quot;,&quot;shutter_speed&quot;:&quot;0&quot;,&quot;title&quot;:&quot;&quot;,&quot;orientation&quot;:&quot;0&quot;}\" data-image-title=\"Jaime Gatica\" data-image-description=\"&lt;p&gt;Jaime Gatica, padre de la v\u00edctima asesinada.&lt;\/p&gt; \" data-medium-file=\"https:\/\/i0.wp.com\/eltrabajo.cl\/portal\/wp-content\/uploads\/2014\/11\/Jaime-Gatica.jpg?fit=300%2C300&#038;ssl=1\" data-large-file=\"https:\/\/i0.wp.com\/eltrabajo.cl\/portal\/wp-content\/uploads\/2014\/11\/Jaime-Gatica.jpg?fit=530%2C530&#038;ssl=1\" src=\"https:\/\/i0.wp.com\/eltrabajo.cl\/portal\/wp-content\/uploads\/2014\/11\/Jaime-Gatica.jpg?w=394&#038;h=394&#038;crop=1&#038;ssl=1\" srcset=\"https:\/\/i0.wp.com\/eltrabajo.cl\/portal\/wp-content\/uploads\/2014\/11\/Jaime-Gatica.jpg?w=530&amp;ssl=1 530w, https:\/\/i0.wp.com\/eltrabajo.cl\/portal\/wp-content\/uploads\/2014\/11\/Jaime-Gatica.jpg?resize=150%2C150&amp;ssl=1 150w, https:\/\/i0.wp.com\/eltrabajo.cl\/portal\/wp-content\/uploads\/2014\/11\/Jaime-Gatica.jpg?resize=300%2C300&amp;ssl=1 300w, https:\/\/i0.wp.com\/eltrabajo.cl\/portal\/wp-content\/uploads\/2014\/11\/Jaime-Gatica.jpg?resize=400%2C400&amp;ssl=1 400w\" width=\"394\" height=\"394\" loading=\"lazy\" data-original-width=\"394\" data-original-height=\"394\" itemprop=\"http:\/\/schema.org\/image\" title=\"Jaime Gatica\" alt=\"Jaime Gatica, padre de la v\u00edctima asesinada.\" style=\"width: 394px; height: 394px;\" \/> <\/a> <div class=\"tiled-gallery-caption\" itemprop=\"caption description\"> Jaime Gatica, padre de la v\u00edctima asesinada. <\/div> <\/div> <\/div> <!-- close group --> <div class=\"gallery-group images-2\" style=\"width: 242px; height: 398px;\" data-original-width=\"242\" data-original-height=\"398\" > <div class=\"tiled-gallery-item tiled-gallery-item-small\" itemprop=\"associatedMedia\" itemscope itemtype=\"http:\/\/schema.org\/ImageObject\"> <a href=\"https:\/\/eltrabajo.cl\/portal\/acribillado-en-la-escuadra-tenia-8-millones-y-un-mes-de-estar-en-libertad\/fiscal-osvaldo-basso-18\/\" border=\"0\" itemprop=\"url\"> <meta itemprop=\"width\" content=\"238\"> <meta itemprop=\"height\" content=\"228\"> <img decoding=\"async\" class=\"\" data-attachment-id=\"53625\" data-orig-file=\"https:\/\/eltrabajo.cl\/portal\/wp-content\/uploads\/2014\/11\/Fiscal-Osvaldo-Basso.jpg\" data-orig-size=\"529,506\" data-comments-opened=\"1\" data-image-meta=\"{&quot;aperture&quot;:&quot;0&quot;,&quot;credit&quot;:&quot;&quot;,&quot;camera&quot;:&quot;&quot;,&quot;caption&quot;:&quot;&quot;,&quot;created_timestamp&quot;:&quot;0&quot;,&quot;copyright&quot;:&quot;&quot;,&quot;focal_length&quot;:&quot;0&quot;,&quot;iso&quot;:&quot;0&quot;,&quot;shutter_speed&quot;:&quot;0&quot;,&quot;title&quot;:&quot;&quot;,&quot;orientation&quot;:&quot;0&quot;}\" data-image-title=\"Fiscal Osvaldo Basso\" data-image-description=\"&lt;p&gt;Fiscal Jefe de San Felipe, Osvaldo Basso Cerda. &lt;\/p&gt; \" data-medium-file=\"https:\/\/i0.wp.com\/eltrabajo.cl\/portal\/wp-content\/uploads\/2014\/11\/Fiscal-Osvaldo-Basso.jpg?fit=300%2C286&#038;ssl=1\" data-large-file=\"https:\/\/i0.wp.com\/eltrabajo.cl\/portal\/wp-content\/uploads\/2014\/11\/Fiscal-Osvaldo-Basso.jpg?fit=529%2C506&#038;ssl=1\" src=\"https:\/\/i0.wp.com\/eltrabajo.cl\/portal\/wp-content\/uploads\/2014\/11\/Fiscal-Osvaldo-Basso.jpg?w=238&#038;h=228&#038;ssl=1\" srcset=\"https:\/\/i0.wp.com\/eltrabajo.cl\/portal\/wp-content\/uploads\/2014\/11\/Fiscal-Osvaldo-Basso.jpg?w=529&amp;ssl=1 529w, https:\/\/i0.wp.com\/eltrabajo.cl\/portal\/wp-content\/uploads\/2014\/11\/Fiscal-Osvaldo-Basso.jpg?resize=156%2C150&amp;ssl=1 156w, https:\/\/i0.wp.com\/eltrabajo.cl\/portal\/wp-content\/uploads\/2014\/11\/Fiscal-Osvaldo-Basso.jpg?resize=300%2C286&amp;ssl=1 300w, https:\/\/i0.wp.com\/eltrabajo.cl\/portal\/wp-content\/uploads\/2014\/11\/Fiscal-Osvaldo-Basso.jpg?resize=150%2C143&amp;ssl=1 150w, https:\/\/i0.wp.com\/eltrabajo.cl\/portal\/wp-content\/uploads\/2014\/11\/Fiscal-Osvaldo-Basso.jpg?resize=400%2C382&amp;ssl=1 400w\" width=\"238\" height=\"228\" loading=\"lazy\" data-original-width=\"238\" data-original-height=\"228\" itemprop=\"http:\/\/schema.org\/image\" title=\"Fiscal Osvaldo Basso\" alt=\"Fiscal Jefe de San Felipe, Osvaldo Basso Cerda.\" style=\"width: 238px; height: 228px;\" \/> <\/a> <div class=\"tiled-gallery-caption\" itemprop=\"caption description\"> Fiscal Jefe de San Felipe, Osvaldo Basso Cerda. <\/div> <\/div> <div class=\"tiled-gallery-item tiled-gallery-item-small\" itemprop=\"associatedMedia\" itemscope itemtype=\"http:\/\/schema.org\/ImageObject\"> <a href=\"https:\/\/eltrabajo.cl\/portal\/acribillado-en-la-escuadra-tenia-8-millones-y-un-mes-de-estar-en-libertad\/sitio-2\/\" border=\"0\" itemprop=\"url\"> <meta itemprop=\"width\" content=\"238\"> <meta itemprop=\"height\" content=\"162\"> <img decoding=\"async\" class=\"\" data-attachment-id=\"53626\" data-orig-file=\"https:\/\/eltrabajo.cl\/portal\/wp-content\/uploads\/2014\/11\/SITIO1.jpg\" data-orig-size=\"529,358\" data-comments-opened=\"1\" data-image-meta=\"{&quot;aperture&quot;:&quot;0&quot;,&quot;credit&quot;:&quot;&quot;,&quot;camera&quot;:&quot;&quot;,&quot;caption&quot;:&quot;&quot;,&quot;created_timestamp&quot;:&quot;0&quot;,&quot;copyright&quot;:&quot;&quot;,&quot;focal_length&quot;:&quot;0&quot;,&quot;iso&quot;:&quot;0&quot;,&quot;shutter_speed&quot;:&quot;0&quot;,&quot;title&quot;:&quot;&quot;,&quot;orientation&quot;:&quot;0&quot;}\" data-image-title=\"SITIO\" data-image-description=\"&lt;p&gt;El crimen que a\u00fan se mantiene en todo un misterio ocurri\u00f3 en Poblaci\u00f3n La Escuadra de San Felipe&lt;\/p&gt; \" data-medium-file=\"https:\/\/i0.wp.com\/eltrabajo.cl\/portal\/wp-content\/uploads\/2014\/11\/SITIO1.jpg?fit=300%2C203&#038;ssl=1\" data-large-file=\"https:\/\/i0.wp.com\/eltrabajo.cl\/portal\/wp-content\/uploads\/2014\/11\/SITIO1.jpg?fit=529%2C358&#038;ssl=1\" src=\"https:\/\/i0.wp.com\/eltrabajo.cl\/portal\/wp-content\/uploads\/2014\/11\/SITIO1.jpg?w=238&#038;h=162&#038;ssl=1\" srcset=\"https:\/\/i0.wp.com\/eltrabajo.cl\/portal\/wp-content\/uploads\/2014\/11\/SITIO1.jpg?w=529&amp;ssl=1 529w, https:\/\/i0.wp.com\/eltrabajo.cl\/portal\/wp-content\/uploads\/2014\/11\/SITIO1.jpg?resize=200%2C135&amp;ssl=1 200w, https:\/\/i0.wp.com\/eltrabajo.cl\/portal\/wp-content\/uploads\/2014\/11\/SITIO1.jpg?resize=300%2C203&amp;ssl=1 300w, https:\/\/i0.wp.com\/eltrabajo.cl\/portal\/wp-content\/uploads\/2014\/11\/SITIO1.jpg?resize=150%2C101&amp;ssl=1 150w, https:\/\/i0.wp.com\/eltrabajo.cl\/portal\/wp-content\/uploads\/2014\/11\/SITIO1.jpg?resize=400%2C270&amp;ssl=1 400w\" width=\"238\" height=\"162\" loading=\"lazy\" data-original-width=\"238\" data-original-height=\"162\" itemprop=\"http:\/\/schema.org\/image\" title=\"SITIO\" alt=\"El crimen que a\u00fan se mantiene en todo un misterio ocurri\u00f3 en Poblaci\u00f3n La Escuadra de San Felipe\" style=\"width: 238px; height: 162px;\" \/> <\/a> <div class=\"tiled-gallery-caption\" itemprop=\"caption description\"> El crimen que a\u00fan se mantiene en todo un misterio ocurri\u00f3 en Poblaci\u00f3n La Escuadra de San Felipe <\/div> <\/div> <\/div> <!-- close group --> <\/div> <!-- close row --> <\/div>\n","protected":false},"excerpt":{"rendered":"<p>En horas de la tarde de ayer martes los padres del joven que fue asesinado en Poblaci\u00f3n La Escuadra, identificado como Jaime Ad\u00e1n Gatica Candia, de 30 a\u00f1os y domiciliado en la&#8230;<\/p>\n","protected":false},"author":482,"featured_media":53624,"comment_status":"open","ping_status":"closed","sticky":false,"template":"","format":"standard","meta":{"advanced_seo_description":"","jetpack_seo_html_title":"","jetpack_seo_noindex":false,"_jetpack_memberships_contains_paid_content":false,"footnotes":""},"categories":[21],"tags":[],"class_list":["post-53623","post","type-post","status-publish","format-standard","has-post-thumbnail","hentry","category-policial"],"jetpack_featured_media_url":"https:\/\/i0.wp.com\/eltrabajo.cl\/portal\/wp-content\/uploads\/2014\/11\/Nelly-Candia.jpg?fit=529%2C539&ssl=1","jetpack_sharing_enabled":true,"jetpack_likes_enabled":true,"jetpack-related-posts":[],"_links":{"self":[{"href":"https:\/\/eltrabajo.cl\/portal\/wp-json\/wp\/v2\/posts\/53623","targetHints":{"allow":["GET"]}}],"collection":[{"href":"https:\/\/eltrabajo.cl\/portal\/wp-json\/wp\/v2\/posts"}],"about":[{"href":"https:\/\/eltrabajo.cl\/portal\/wp-json\/wp\/v2\/types\/post"}],"author":[{"embeddable":true,"href":"https:\/\/eltrabajo.cl\/portal\/wp-json\/wp\/v2\/users\/482"}],"replies":[{"embeddable":true,"href":"https:\/\/eltrabajo.cl\/portal\/wp-json\/wp\/v2\/comments?post=53623"}],"version-history":[{"count":0,"href":"https:\/\/eltrabajo.cl\/portal\/wp-json\/wp\/v2\/posts\/53623\/revisions"}],"wp:featuredmedia":[{"embeddable":true,"href":"https:\/\/eltrabajo.cl\/portal\/wp-json\/wp\/v2\/media\/53624"}],"wp:attachment":[{"href":"https:\/\/eltrabajo.cl\/portal\/wp-json\/wp\/v2\/media?parent=53623"}],"wp:term":[{"taxonomy":"category","embeddable":true,"href":"https:\/\/eltrabajo.cl\/portal\/wp-json\/wp\/v2\/categories?post=53623"},{"taxonomy":"post_tag","embeddable":true,"href":"https:\/\/eltrabajo.cl\/portal\/wp-json\/wp\/v2\/tags?post=53623"}],"curies":[{"name":"wp","href":"https:\/\/api.w.org\/{rel}","templated":true}]}}