{"id":5364,"date":"2011-10-25T08:31:10","date_gmt":"2011-10-25T12:31:10","guid":{"rendered":"http:\/\/www.eltrabajo.cl\/portal\/?p=5364"},"modified":"2011-10-25T08:31:10","modified_gmt":"2011-10-25T12:31:10","slug":"comite-pretende-quedarse-con-casi-dos-millones-de-pesos-de-ex-integrante","status":"publish","type":"post","link":"https:\/\/eltrabajo.cl\/portal\/comite-pretende-quedarse-con-casi-dos-millones-de-pesos-de-ex-integrante\/","title":{"rendered":"Comit\u00e9 pretende quedarse con casi  dos millones de pesos de ex integrante"},"content":{"rendered":"<figure id=\"attachment_5365\" aria-describedby=\"caption-attachment-5365\" style=\"width: 600px\" class=\"wp-caption alignnone\"><a href=\"http:\/\/www.eltrabajo.cl\/portal\/archives\/5364\/maria-garcia\" rel=\"attachment wp-att-5365\"><img data-recalc-dims=\"1\" loading=\"lazy\" decoding=\"async\" class=\"size-full wp-image-5365\" title=\"maria garcia\" src=\"https:\/\/i0.wp.com\/www.eltrabajo.cl\/portal\/wp-content\/uploads\/2011\/10\/maria-garcia.jpg?resize=600%2C450\" alt=\"\" width=\"600\" height=\"450\" srcset=\"https:\/\/i0.wp.com\/eltrabajo.cl\/portal\/wp-content\/uploads\/2011\/10\/maria-garcia.jpg?w=600&amp;ssl=1 600w, https:\/\/i0.wp.com\/eltrabajo.cl\/portal\/wp-content\/uploads\/2011\/10\/maria-garcia.jpg?resize=200%2C150&amp;ssl=1 200w, https:\/\/i0.wp.com\/eltrabajo.cl\/portal\/wp-content\/uploads\/2011\/10\/maria-garcia.jpg?resize=300%2C225&amp;ssl=1 300w, https:\/\/i0.wp.com\/eltrabajo.cl\/portal\/wp-content\/uploads\/2011\/10\/maria-garcia.jpg?resize=150%2C112&amp;ssl=1 150w, https:\/\/i0.wp.com\/eltrabajo.cl\/portal\/wp-content\/uploads\/2011\/10\/maria-garcia.jpg?resize=400%2C300&amp;ssl=1 400w\" sizes=\"auto, (max-width: 600px) 100vw, 600px\" \/><\/a><figcaption id=\"caption-attachment-5365\" class=\"wp-caption-text\">La afectada, Mar\u00eda Garc\u00eda, espera que le devuelvan el dinero, y no quiere volver al comit\u00e9, ya que al estar cesante, no puede seguir depositando.<\/figcaption><\/figure>\n<p>Problemas de salud impidieron a vecina seguir participando en el comit\u00e9, por lo que pidi\u00f3 el dinero reunido y se lo negaron asegurando que los estatutos no lo permitir\u00edan.<\/p>\n<p>Problemas de salud le impidieron a Mar\u00eda Garc\u00eda continuar participando en las reuniones del comit\u00e9 San Alfonso de La Troya para acceder a un vivienda, por ello fue informada que no pod\u00eda seguir en el proceso y que su ahorro de un mill\u00f3n 700 mil pesos se perder\u00eda.<\/p>\n<p>La decisi\u00f3n la habr\u00eda tomado la directiva y Mar\u00eda s\u00f3lo fue informada de la situaci\u00f3n, sin poder revocar ni apelar a la ins\u00f3lita medida, a pesar que lleva 8 a\u00f1os formando parte de este comit\u00e9.<\/p>\n<p>Mar\u00eda sufre de problemas a la columna desde hace tiempo y hace unos d\u00edas supo de la existencia de una hernia en la columna, por lo que se le hace imposible seguir colocando dinero en la cuenta que ella ten\u00eda al interior del comit\u00e9, situaci\u00f3n que se ve agravada porque ya no puede trabajar debido a los intensos dolores.<\/p>\n<p>\u00abEl dinero no me lo quieren devolver, y la explicaci\u00f3n que me dieron, me dijeron que no se devolv\u00eda el dinero. Patricia Riffo es la presidenta y ella no me escucha y me dice que no quiere hablar conmigo\u00bb, se\u00f1al\u00f3 Mar\u00eda.<\/p>\n<p>La afectada se\u00f1al\u00f3 que no quiere volver al comit\u00e9 debido principalmente porque al estar cesante no puede seguir aportando en su cuenta, y lo \u00fanico que espera es que le devuelvan el millonario monto acumulado, que logr\u00f3 juntar con mucho sacrificio y que su enfermedad actual le impide seguir reuniendo.<\/p>\n<p>Mar\u00eda est\u00e1 siendo apoyada por el presidente de la Junta de Vecinos de Tierras Blancas, Luis Lemus, quien se\u00f1al\u00f3 que nunca hab\u00eda conocido un caso de estas caracter\u00edsticas, \u00abporque puede ser que los estatutos digan ciertas cosas, pero cada ley o estatuto tienen su letra y esp\u00edritu, el esp\u00edritu de esto es tener una casita y ella con toda su poca capacidad de obtener los recursos participa en este tipo de organizaciones y juntan su dinero a costa de mucho sacrificio\u00bb.<\/p>\n<p>El dirigente apel\u00f3 al esp\u00edritu del comit\u00e9, porque la raz\u00f3n de Mar\u00eda de haber faltado a las reuniones, estuvo en sus problemas de salud, que son bastante complejos y que le impiden trabajar.<\/p>\n<p>\u00abLos comit\u00e9s pueden ser aut\u00f3nomos, pero apelo al esp\u00edritu del comit\u00e9, porque si fuera por alguna irresponsabilidad personal est\u00e1 bien, pero lo de ella no, es una situaci\u00f3n especial de salud, ella todav\u00eda no puede trabajar, tiene artrosis a la columna y ahora se le apareci\u00f3 una hernia y est\u00e1 cuidando a un caballero que est\u00e1 en silla de ruedas\u00bb.<\/p>\n<p>La explicaci\u00f3n que les entreg\u00f3 la presidenta del comit\u00e9 es que no se puede devolver el dinero, ya que Mar\u00eda hab\u00eda firmado los estatutos, que deben hacerse valer.<\/p>\n","protected":false},"excerpt":{"rendered":"<p>Problemas de salud impidieron a vecina seguir participando en el comit\u00e9, por lo que pidi\u00f3 el dinero reunido y se lo negaron asegurando que los estatutos no lo permitir\u00edan. Problemas de salud&#8230;<\/p>\n","protected":false},"author":482,"featured_media":5365,"comment_status":"open","ping_status":"open","sticky":false,"template":"","format":"standard","meta":{"advanced_seo_description":"","jetpack_seo_html_title":"","jetpack_seo_noindex":false,"_jetpack_memberships_contains_paid_content":false,"footnotes":""},"categories":[15],"tags":[],"class_list":["post-5364","post","type-post","status-publish","format-standard","has-post-thumbnail","hentry","category-comunidad"],"jetpack_featured_media_url":"https:\/\/i0.wp.com\/eltrabajo.cl\/portal\/wp-content\/uploads\/2011\/10\/maria-garcia.jpg?fit=600%2C450&ssl=1","jetpack_sharing_enabled":true,"jetpack_likes_enabled":true,"jetpack-related-posts":[],"_links":{"self":[{"href":"https:\/\/eltrabajo.cl\/portal\/wp-json\/wp\/v2\/posts\/5364","targetHints":{"allow":["GET"]}}],"collection":[{"href":"https:\/\/eltrabajo.cl\/portal\/wp-json\/wp\/v2\/posts"}],"about":[{"href":"https:\/\/eltrabajo.cl\/portal\/wp-json\/wp\/v2\/types\/post"}],"author":[{"embeddable":true,"href":"https:\/\/eltrabajo.cl\/portal\/wp-json\/wp\/v2\/users\/482"}],"replies":[{"embeddable":true,"href":"https:\/\/eltrabajo.cl\/portal\/wp-json\/wp\/v2\/comments?post=5364"}],"version-history":[{"count":0,"href":"https:\/\/eltrabajo.cl\/portal\/wp-json\/wp\/v2\/posts\/5364\/revisions"}],"wp:featuredmedia":[{"embeddable":true,"href":"https:\/\/eltrabajo.cl\/portal\/wp-json\/wp\/v2\/media\/5365"}],"wp:attachment":[{"href":"https:\/\/eltrabajo.cl\/portal\/wp-json\/wp\/v2\/media?parent=5364"}],"wp:term":[{"taxonomy":"category","embeddable":true,"href":"https:\/\/eltrabajo.cl\/portal\/wp-json\/wp\/v2\/categories?post=5364"},{"taxonomy":"post_tag","embeddable":true,"href":"https:\/\/eltrabajo.cl\/portal\/wp-json\/wp\/v2\/tags?post=5364"}],"curies":[{"name":"wp","href":"https:\/\/api.w.org\/{rel}","templated":true}]}}