{"id":53650,"date":"2014-11-27T09:38:33","date_gmt":"2014-11-27T12:38:33","guid":{"rendered":"http:\/\/www.eltrabajo.cl\/portal\/?p=53650"},"modified":"2014-11-27T09:39:02","modified_gmt":"2014-11-27T12:39:02","slug":"invitan-a-participar-en-actividades-deportivas-para-ayudar-a-la-teleton","status":"publish","type":"post","link":"https:\/\/eltrabajo.cl\/portal\/invitan-a-participar-en-actividades-deportivas-para-ayudar-a-la-teleton\/","title":{"rendered":"Invitan a participar en actividades deportivas para ayudar a la Telet\u00f3n"},"content":{"rendered":"<figure id=\"attachment_53651\" aria-describedby=\"caption-attachment-53651\" style=\"width: 400px\" class=\"wp-caption alignleft\"><a href=\"https:\/\/i0.wp.com\/www.eltrabajo.cl\/portal\/wp-content\/uploads\/2014\/11\/Teleton11.jpg\"><img data-recalc-dims=\"1\" loading=\"lazy\" decoding=\"async\" class=\"wp-image-53651\" src=\"https:\/\/i0.wp.com\/www.eltrabajo.cl\/portal\/wp-content\/uploads\/2014\/11\/Teleton11.jpg?resize=400%2C273\" alt=\"Una serie de actividades deportivas est\u00e1n programas para realizar durante este viernes 28 y s\u00e1bado 29 de noviembre, en el marco de la Telet\u00f3n 2014.\" width=\"400\" height=\"273\" srcset=\"https:\/\/i0.wp.com\/eltrabajo.cl\/portal\/wp-content\/uploads\/2014\/11\/Teleton11.jpg?w=528&amp;ssl=1 528w, https:\/\/i0.wp.com\/eltrabajo.cl\/portal\/wp-content\/uploads\/2014\/11\/Teleton11.jpg?resize=200%2C136&amp;ssl=1 200w, https:\/\/i0.wp.com\/eltrabajo.cl\/portal\/wp-content\/uploads\/2014\/11\/Teleton11.jpg?resize=300%2C204&amp;ssl=1 300w, https:\/\/i0.wp.com\/eltrabajo.cl\/portal\/wp-content\/uploads\/2014\/11\/Teleton11.jpg?resize=150%2C102&amp;ssl=1 150w, https:\/\/i0.wp.com\/eltrabajo.cl\/portal\/wp-content\/uploads\/2014\/11\/Teleton11.jpg?resize=400%2C272&amp;ssl=1 400w\" sizes=\"auto, (max-width: 400px) 100vw, 400px\" \/><\/a><figcaption id=\"caption-attachment-53651\" class=\"wp-caption-text\">Una serie de actividades deportivas est\u00e1n programas para realizar durante este viernes 28 y s\u00e1bado 29 de noviembre, en el marco de la Telet\u00f3n 2014.<\/figcaption><\/figure>\n<p>Una serie de actividades deportivas est\u00e1n programas para realizar durante este viernes 28 y s\u00e1bado 29 de noviembre, en el marco de la Telet\u00f3n 2014. Es as\u00ed que el viernes se efectuar\u00e1 un entretenido encuentro con escuelas de f\u00fatbol, a partir de las 17:00 horas, en el estadio municipal y m\u00e1s tarde, a eso de las 19:00 horas se realizar\u00e1 un partido entre autoridades de la comuna y los ex-futbolistas de San Felipe, por ello la invitaci\u00f3n es a la comunidad a disfrutar de esta entretenida actividad.<br \/>\n\u201cVamos a tener dos cajas auxiliares para recibir los aportes de parte de la gente que asista para luego ir en masa hasta el Banco de Chile, donde se har\u00e1n los dep\u00f3sitos correspondientes, as\u00ed que los invitamos a todos al estadio municipal, el estadio como lo ha dicho siempre nuestro Alcalde Patricio Freire, el estadio de todos, a disfrutar de esta actividad\u201d, se\u00f1al\u00f3 Danilo Pe\u00f1a, coordinador de Deportes del municipio.<br \/>\nEn la actividad participar\u00e1 Salvador G\u00e1lvez, ex-arquero de San Felipe, quien aprovech\u00f3 de invitar a los vecinos a ser parte de esta actividad, que busca ayudar en la cruzada solidaria. \u201cQueremos ser solidarios, no s\u00f3lo los ni\u00f1os que practican f\u00fatbol, sino tambi\u00e9n los papas, que tambi\u00e9n van a hacer un aporte y as\u00ed llegar con esa plata a la Telet\u00f3n\u201d, se\u00f1al\u00f3 el conocido deportista.<br \/>\nY el s\u00e1bado en tanto el centro de San Felipe se llenar\u00e1 de m\u00fasica, ya que cinco instructores realizar\u00e1n una entretenida zumbat\u00f3n, y para participar, quienes se acerquen hasta el centro deber\u00e1n mostrar la papeleta que acredita el dep\u00f3sito realizado en el Banco de Chile.<br \/>\n\u201cLa clase de zumba va a empezar a las 19:30 horas, vamos a haber cinco instructores en escena realizando una clase para toda la comunidad de San Felipe, que ya es parte de esta disciplina y el \u00fanico requisito para participar en la clase es mostrar el dep\u00f3sito bancario, as\u00ed que la invitaci\u00f3n es para toda la familia, abuelitos, pap\u00e1s, mam\u00e1s para que el s\u00e1bado vayan al Banco de Chile y con el dep\u00f3sito puedan participar en esta zumba fitness, donde vamos a estar poniendo toda la energ\u00eda\u201d, se\u00f1al\u00f3 el Instructor Pablo Osorio.<br \/>\nLa invitaci\u00f3n entonces es a participar en estas entretenidas actividades, donde se suman hacer deporte y colaborar en esta cruzada solidaria, y entre las recomendaciones se cuenta traer l\u00edquido ya que se esperan altas temperaturas en la comuna.<\/p>\n","protected":false},"excerpt":{"rendered":"<p>Una serie de actividades deportivas est\u00e1n programas para realizar durante este viernes 28 y s\u00e1bado 29 de noviembre, en el marco de la Telet\u00f3n 2014. Es as\u00ed que el viernes se efectuar\u00e1&#8230;<\/p>\n","protected":false},"author":482,"featured_media":53651,"comment_status":"open","ping_status":"closed","sticky":false,"template":"","format":"standard","meta":{"advanced_seo_description":"","jetpack_seo_html_title":"","jetpack_seo_noindex":false,"_jetpack_memberships_contains_paid_content":false,"footnotes":""},"categories":[15],"tags":[],"class_list":["post-53650","post","type-post","status-publish","format-standard","has-post-thumbnail","hentry","category-comunidad"],"jetpack_featured_media_url":"https:\/\/i0.wp.com\/eltrabajo.cl\/portal\/wp-content\/uploads\/2014\/11\/Teleton11.jpg?fit=528%2C360&ssl=1","jetpack_sharing_enabled":true,"jetpack_likes_enabled":true,"jetpack-related-posts":[],"_links":{"self":[{"href":"https:\/\/eltrabajo.cl\/portal\/wp-json\/wp\/v2\/posts\/53650","targetHints":{"allow":["GET"]}}],"collection":[{"href":"https:\/\/eltrabajo.cl\/portal\/wp-json\/wp\/v2\/posts"}],"about":[{"href":"https:\/\/eltrabajo.cl\/portal\/wp-json\/wp\/v2\/types\/post"}],"author":[{"embeddable":true,"href":"https:\/\/eltrabajo.cl\/portal\/wp-json\/wp\/v2\/users\/482"}],"replies":[{"embeddable":true,"href":"https:\/\/eltrabajo.cl\/portal\/wp-json\/wp\/v2\/comments?post=53650"}],"version-history":[{"count":0,"href":"https:\/\/eltrabajo.cl\/portal\/wp-json\/wp\/v2\/posts\/53650\/revisions"}],"wp:featuredmedia":[{"embeddable":true,"href":"https:\/\/eltrabajo.cl\/portal\/wp-json\/wp\/v2\/media\/53651"}],"wp:attachment":[{"href":"https:\/\/eltrabajo.cl\/portal\/wp-json\/wp\/v2\/media?parent=53650"}],"wp:term":[{"taxonomy":"category","embeddable":true,"href":"https:\/\/eltrabajo.cl\/portal\/wp-json\/wp\/v2\/categories?post=53650"},{"taxonomy":"post_tag","embeddable":true,"href":"https:\/\/eltrabajo.cl\/portal\/wp-json\/wp\/v2\/tags?post=53650"}],"curies":[{"name":"wp","href":"https:\/\/api.w.org\/{rel}","templated":true}]}}