{"id":53655,"date":"2014-11-27T09:43:23","date_gmt":"2014-11-27T12:43:23","guid":{"rendered":"http:\/\/www.eltrabajo.cl\/portal\/?p=53655"},"modified":"2014-11-27T09:43:23","modified_gmt":"2014-11-27T12:43:23","slug":"cae-el-tomatin-cuando-se-aprestaba-a-robar-en-centrico-restoran","status":"publish","type":"post","link":"https:\/\/eltrabajo.cl\/portal\/cae-el-tomatin-cuando-se-aprestaba-a-robar-en-centrico-restoran\/","title":{"rendered":"Cae \u2018El Tomat\u00edn\u2019 cuando se aprestaba a robar en c\u00e9ntrico restor\u00e1n"},"content":{"rendered":"<figure id=\"attachment_53656\" aria-describedby=\"caption-attachment-53656\" style=\"width: 300px\" class=\"wp-caption alignleft\"><a href=\"https:\/\/i0.wp.com\/www.eltrabajo.cl\/portal\/wp-content\/uploads\/2014\/11\/Tomatin1.jpg\"><img data-recalc-dims=\"1\" loading=\"lazy\" decoding=\"async\" class=\"wp-image-53656 size-medium\" src=\"https:\/\/i0.wp.com\/www.eltrabajo.cl\/portal\/wp-content\/uploads\/2014\/11\/Tomatin1-300x273.jpg?resize=300%2C273\" alt=\"Las c\u00e1maras de Diario El Trabajo registran el momento en que Pablo Tapia baj\u00f3 del techo.\" width=\"300\" height=\"273\" srcset=\"https:\/\/i0.wp.com\/eltrabajo.cl\/portal\/wp-content\/uploads\/2014\/11\/Tomatin1.jpg?resize=300%2C273&amp;ssl=1 300w, https:\/\/i0.wp.com\/eltrabajo.cl\/portal\/wp-content\/uploads\/2014\/11\/Tomatin1.jpg?resize=164%2C150&amp;ssl=1 164w, https:\/\/i0.wp.com\/eltrabajo.cl\/portal\/wp-content\/uploads\/2014\/11\/Tomatin1.jpg?resize=150%2C136&amp;ssl=1 150w, https:\/\/i0.wp.com\/eltrabajo.cl\/portal\/wp-content\/uploads\/2014\/11\/Tomatin1.jpg?resize=400%2C365&amp;ssl=1 400w, https:\/\/i0.wp.com\/eltrabajo.cl\/portal\/wp-content\/uploads\/2014\/11\/Tomatin1.jpg?w=529&amp;ssl=1 529w\" sizes=\"auto, (max-width: 300px) 100vw, 300px\" \/><\/a><figcaption id=\"caption-attachment-53656\" class=\"wp-caption-text\">Las c\u00e1maras de Diario El Trabajo registran el momento en que Pablo Tapia baj\u00f3 del techo.<\/figcaption><\/figure>\n<p><strong>LOS ANDES.<\/strong>&#8211; El aviso oportuno de un testigo y ruidos en el techo, permitieron a Carabineros de la Patrulla Centauro arrestar a un antisocial que la madrugada del martes se aprestaba a cometer un robo en un c\u00e9ntrico restor\u00e1n. Pasadas las dos de la madrugada un solitario hamp\u00f3n trep\u00f3 por las ramas de un \u00e1rbol hasta el techo de Cantina Andacollo, ubicada en Avenida Argentina frente al Hospital San Juan de Dios y desde all\u00ed recorri\u00f3 la techumbre de los locales aleda\u00f1os hasta llegar a Restor\u00e1n La pic\u00e1 de coco.<br \/>\nLa intenci\u00f3n del maleante era ingresar a robar, pero el ruido alert\u00f3 a testigos quienes observaron al delincuente sobre el techo, llamando de inmediato a Carabineros. Efectivos de la Patrulla Centauro llegaron al lugar y tambi\u00e9n escucharon ruidos, por lo que montaron guardia y patrullaje preventivo tanto por Calle Maip\u00fa como por Avenida Argentina.<br \/>\nA los pocos minutos asom\u00f3 sus narices por la cornisa de Restor\u00e1n Andacollo el solitario antisocial, quien fue visto por los efectivos policiales que lo conminaron a que se entregara. Lejos de hacerlo, el ladr\u00f3n se ocult\u00f3 en los techos, por lo que Carabineros debi\u00f3 conseguir una escalera para subir y apresarlo, bajando luego por sus propios medios.<br \/>\nEl maleante, identificado como Pablo Tapia, de 38 a\u00f1os, apodado el \u2018El Tomat\u00edn\u2019, confes\u00f3 a la Polic\u00eda haber subido al techo por el \u00e1rbol con la intenci\u00f3n de robar. Luego de su detenci\u00f3n pas\u00f3 a disposici\u00f3n del Tribunal de Garant\u00eda de Los Andes, donde fue requerido en Procedimiento Simplificado por el delito de Robo en lugar no habitado en calidad de tentado. Previo a ser dejado libre se fij\u00f3 una nueva audiencia para el mes de diciembre, donde deber\u00e1 responder si acepta o no su responsabilidad en los hechos.<\/p>\n","protected":false},"excerpt":{"rendered":"<p>LOS ANDES.&#8211; El aviso oportuno de un testigo y ruidos en el techo, permitieron a Carabineros de la Patrulla Centauro arrestar a un antisocial que la madrugada del martes se aprestaba a&#8230;<\/p>\n","protected":false},"author":482,"featured_media":53656,"comment_status":"open","ping_status":"closed","sticky":false,"template":"","format":"standard","meta":{"advanced_seo_description":"","jetpack_seo_html_title":"","jetpack_seo_noindex":false,"_jetpack_memberships_contains_paid_content":false,"footnotes":""},"categories":[21],"tags":[],"class_list":["post-53655","post","type-post","status-publish","format-standard","has-post-thumbnail","hentry","category-policial"],"jetpack_featured_media_url":"https:\/\/i0.wp.com\/eltrabajo.cl\/portal\/wp-content\/uploads\/2014\/11\/Tomatin1.jpg?fit=529%2C483&ssl=1","jetpack_sharing_enabled":true,"jetpack_likes_enabled":true,"jetpack-related-posts":[],"_links":{"self":[{"href":"https:\/\/eltrabajo.cl\/portal\/wp-json\/wp\/v2\/posts\/53655","targetHints":{"allow":["GET"]}}],"collection":[{"href":"https:\/\/eltrabajo.cl\/portal\/wp-json\/wp\/v2\/posts"}],"about":[{"href":"https:\/\/eltrabajo.cl\/portal\/wp-json\/wp\/v2\/types\/post"}],"author":[{"embeddable":true,"href":"https:\/\/eltrabajo.cl\/portal\/wp-json\/wp\/v2\/users\/482"}],"replies":[{"embeddable":true,"href":"https:\/\/eltrabajo.cl\/portal\/wp-json\/wp\/v2\/comments?post=53655"}],"version-history":[{"count":0,"href":"https:\/\/eltrabajo.cl\/portal\/wp-json\/wp\/v2\/posts\/53655\/revisions"}],"wp:featuredmedia":[{"embeddable":true,"href":"https:\/\/eltrabajo.cl\/portal\/wp-json\/wp\/v2\/media\/53656"}],"wp:attachment":[{"href":"https:\/\/eltrabajo.cl\/portal\/wp-json\/wp\/v2\/media?parent=53655"}],"wp:term":[{"taxonomy":"category","embeddable":true,"href":"https:\/\/eltrabajo.cl\/portal\/wp-json\/wp\/v2\/categories?post=53655"},{"taxonomy":"post_tag","embeddable":true,"href":"https:\/\/eltrabajo.cl\/portal\/wp-json\/wp\/v2\/tags?post=53655"}],"curies":[{"name":"wp","href":"https:\/\/api.w.org\/{rel}","templated":true}]}}