{"id":53658,"date":"2014-11-27T09:45:09","date_gmt":"2014-11-27T12:45:09","guid":{"rendered":"http:\/\/www.eltrabajo.cl\/portal\/?p=53658"},"modified":"2014-11-27T09:45:09","modified_gmt":"2014-11-27T12:45:09","slug":"voraz-incendio-destruyo-vivienda-de-calle-los-copihues-en-granallas","status":"publish","type":"post","link":"https:\/\/eltrabajo.cl\/portal\/voraz-incendio-destruyo-vivienda-de-calle-los-copihues-en-granallas\/","title":{"rendered":"Voraz incendio destruy\u00f3 vivienda de Calle Los Copihues en Granallas"},"content":{"rendered":"<figure id=\"attachment_53659\" aria-describedby=\"caption-attachment-53659\" style=\"width: 529px\" class=\"wp-caption alignnone\"><a href=\"https:\/\/i0.wp.com\/www.eltrabajo.cl\/portal\/wp-content\/uploads\/2014\/11\/Llamas1.jpg\"><img data-recalc-dims=\"1\" loading=\"lazy\" decoding=\"async\" class=\"size-full wp-image-53659\" src=\"https:\/\/i0.wp.com\/www.eltrabajo.cl\/portal\/wp-content\/uploads\/2014\/11\/Llamas1.jpg?resize=529%2C358\" alt=\"El incendio dej\u00f3 p\u00e9rdidas totales y este conocido vecino de Granallas qued\u00f3 s\u00f3lo con lo puesto.\" width=\"529\" height=\"358\" srcset=\"https:\/\/i0.wp.com\/eltrabajo.cl\/portal\/wp-content\/uploads\/2014\/11\/Llamas1.jpg?w=529&amp;ssl=1 529w, https:\/\/i0.wp.com\/eltrabajo.cl\/portal\/wp-content\/uploads\/2014\/11\/Llamas1.jpg?resize=200%2C135&amp;ssl=1 200w, https:\/\/i0.wp.com\/eltrabajo.cl\/portal\/wp-content\/uploads\/2014\/11\/Llamas1.jpg?resize=300%2C203&amp;ssl=1 300w, https:\/\/i0.wp.com\/eltrabajo.cl\/portal\/wp-content\/uploads\/2014\/11\/Llamas1.jpg?resize=150%2C101&amp;ssl=1 150w, https:\/\/i0.wp.com\/eltrabajo.cl\/portal\/wp-content\/uploads\/2014\/11\/Llamas1.jpg?resize=400%2C270&amp;ssl=1 400w\" sizes=\"auto, (max-width: 529px) 100vw, 529px\" \/><\/a><figcaption id=\"caption-attachment-53659\" class=\"wp-caption-text\">El incendio dej\u00f3 p\u00e9rdidas totales y este conocido vecino de Granallas qued\u00f3 s\u00f3lo con lo puesto.<\/figcaption><\/figure>\n<p><strong>PUTAENDO<\/strong>.- Un incendio totalmente fuera de control, consumi\u00f3 por completo una vivienda de material ligero ubicada en Calle Los Copihues de Granallas. Pasadas las 13:25 horas de ayer jueves, los vecinos del sector vieron c\u00f3mo la vivienda de propiedad de Don Nelson Contreras Leiva comenzaba a ser envuelta por el fuego que sal\u00eda desde el interior del inmueble, por lo que inmediatamente alertaron a Bomberos, que r\u00e1pidamente arrib\u00f3 al lugar.<\/p>\n<figure id=\"attachment_53660\" aria-describedby=\"caption-attachment-53660\" style=\"width: 400px\" class=\"wp-caption alignright\"><a href=\"https:\/\/i0.wp.com\/www.eltrabajo.cl\/portal\/wp-content\/uploads\/2014\/11\/Llamas2.jpg\"><img data-recalc-dims=\"1\" loading=\"lazy\" decoding=\"async\" class=\"wp-image-53660\" src=\"https:\/\/i0.wp.com\/www.eltrabajo.cl\/portal\/wp-content\/uploads\/2014\/11\/Llamas2.jpg?resize=400%2C271\" alt=\"Un incendio totalmente fuera de control, consumi\u00f3 por completo una vivienda de material ligero ubicada en Calle Los Copihues de Granallas.\" width=\"400\" height=\"271\" srcset=\"https:\/\/i0.wp.com\/eltrabajo.cl\/portal\/wp-content\/uploads\/2014\/11\/Llamas2.jpg?w=529&amp;ssl=1 529w, https:\/\/i0.wp.com\/eltrabajo.cl\/portal\/wp-content\/uploads\/2014\/11\/Llamas2.jpg?resize=200%2C135&amp;ssl=1 200w, https:\/\/i0.wp.com\/eltrabajo.cl\/portal\/wp-content\/uploads\/2014\/11\/Llamas2.jpg?resize=300%2C203&amp;ssl=1 300w, https:\/\/i0.wp.com\/eltrabajo.cl\/portal\/wp-content\/uploads\/2014\/11\/Llamas2.jpg?resize=150%2C101&amp;ssl=1 150w, https:\/\/i0.wp.com\/eltrabajo.cl\/portal\/wp-content\/uploads\/2014\/11\/Llamas2.jpg?resize=400%2C270&amp;ssl=1 400w\" sizes=\"auto, (max-width: 400px) 100vw, 400px\" \/><\/a><figcaption id=\"caption-attachment-53660\" class=\"wp-caption-text\">Un incendio totalmente fuera de control, consumi\u00f3 por completo una vivienda de material ligero ubicada en Calle Los Copihues de Granallas.<\/figcaption><\/figure>\n<p>La primera unidad bomberil se encontr\u00f3 con fuego violento y totalmente descontrolado, el que adem\u00e1s origin\u00f3 un siniestro de pastizales, ante lo cual Bomberos extrem\u00f3 su trabajo para evitar que el fuego se propagara a otras viviendas cercanas. Lamentablemente la vivienda afectada fue destruida completamente por el fuego.<br \/>\nMomentos de suma tensi\u00f3n se vivieron en los primeros instantes de este incendio, pues el personal de Carabineros que arrib\u00f3 al lugar, fue informado que eventualmente Don Nelson Contreras estaba al interior de la vivienda, ante lo cual personal policial cort\u00f3 el candado con un napole\u00f3n e intent\u00f3 entrar al inmueble en busca del due\u00f1o de casa, el cual afortunadamente no se encontraba en su hogar, pues hab\u00eda salido a las 07:00 horas de la ma\u00f1ana de este mi\u00e9rcoles a trabajar en Putaendo.<br \/>\nEl incendio dej\u00f3 p\u00e9rdidas totales y este conocido vecino de Granallas qued\u00f3 s\u00f3lo con lo puesto, por lo que la Municipalidad de Putaendo se comprometi\u00f3 a enviar una mediagua y un cami\u00f3n tolva para proceder a la remoci\u00f3n de escombros que quedaron en el lugar.<br \/>\nSobre el eventual origen del incendio, Carabineros y Bomberos no se refirieron en forma oficial, pues la situaci\u00f3n es materia de investigaci\u00f3n, mientras que el afectado asegur\u00f3 que como todos los d\u00edas sali\u00f3 a las siete de la ma\u00f1ana a su trabajo y no dej\u00f3 nada encendido, por lo que tampoco entiende c\u00f3mo se inici\u00f3 el siniestro, lo que deber\u00e1 ser dilucidado por el Departamento T\u00e9cnico de Bomberos de Putaendo.<br \/>\nPatricio Gallardo M.<\/p>\n","protected":false},"excerpt":{"rendered":"<p>PUTAENDO.- Un incendio totalmente fuera de control, consumi\u00f3 por completo una vivienda de material ligero ubicada en Calle Los Copihues de Granallas. Pasadas las 13:25 horas de ayer jueves, los vecinos del&#8230;<\/p>\n","protected":false},"author":482,"featured_media":53659,"comment_status":"open","ping_status":"closed","sticky":false,"template":"","format":"standard","meta":{"advanced_seo_description":"","jetpack_seo_html_title":"","jetpack_seo_noindex":false,"_jetpack_memberships_contains_paid_content":false,"footnotes":""},"categories":[21],"tags":[],"class_list":["post-53658","post","type-post","status-publish","format-standard","has-post-thumbnail","hentry","category-policial"],"jetpack_featured_media_url":"https:\/\/i0.wp.com\/eltrabajo.cl\/portal\/wp-content\/uploads\/2014\/11\/Llamas1.jpg?fit=529%2C358&ssl=1","jetpack_sharing_enabled":true,"jetpack_likes_enabled":true,"jetpack-related-posts":[],"_links":{"self":[{"href":"https:\/\/eltrabajo.cl\/portal\/wp-json\/wp\/v2\/posts\/53658","targetHints":{"allow":["GET"]}}],"collection":[{"href":"https:\/\/eltrabajo.cl\/portal\/wp-json\/wp\/v2\/posts"}],"about":[{"href":"https:\/\/eltrabajo.cl\/portal\/wp-json\/wp\/v2\/types\/post"}],"author":[{"embeddable":true,"href":"https:\/\/eltrabajo.cl\/portal\/wp-json\/wp\/v2\/users\/482"}],"replies":[{"embeddable":true,"href":"https:\/\/eltrabajo.cl\/portal\/wp-json\/wp\/v2\/comments?post=53658"}],"version-history":[{"count":0,"href":"https:\/\/eltrabajo.cl\/portal\/wp-json\/wp\/v2\/posts\/53658\/revisions"}],"wp:featuredmedia":[{"embeddable":true,"href":"https:\/\/eltrabajo.cl\/portal\/wp-json\/wp\/v2\/media\/53659"}],"wp:attachment":[{"href":"https:\/\/eltrabajo.cl\/portal\/wp-json\/wp\/v2\/media?parent=53658"}],"wp:term":[{"taxonomy":"category","embeddable":true,"href":"https:\/\/eltrabajo.cl\/portal\/wp-json\/wp\/v2\/categories?post=53658"},{"taxonomy":"post_tag","embeddable":true,"href":"https:\/\/eltrabajo.cl\/portal\/wp-json\/wp\/v2\/tags?post=53658"}],"curies":[{"name":"wp","href":"https:\/\/api.w.org\/{rel}","templated":true}]}}