{"id":53662,"date":"2014-11-27T09:46:26","date_gmt":"2014-11-27T12:46:26","guid":{"rendered":"http:\/\/www.eltrabajo.cl\/portal\/?p=53662"},"modified":"2014-11-27T09:46:26","modified_gmt":"2014-11-27T12:46:26","slug":"el-gallina-quiere-limpiar-su-nombre-yo-no-mate-a-nadie","status":"publish","type":"post","link":"https:\/\/eltrabajo.cl\/portal\/el-gallina-quiere-limpiar-su-nombre-yo-no-mate-a-nadie\/","title":{"rendered":"\u2018El Gallina\u2019 quiere limpiar su nombre: \u2018Yo no mat\u00e9 a nadie\u2019"},"content":{"rendered":"<figure id=\"attachment_53663\" aria-describedby=\"caption-attachment-53663\" style=\"width: 300px\" class=\"wp-caption alignleft\"><a href=\"https:\/\/i0.wp.com\/www.eltrabajo.cl\/portal\/wp-content\/uploads\/2014\/11\/Gallina1.jpg\"><img data-recalc-dims=\"1\" loading=\"lazy\" decoding=\"async\" class=\"wp-image-53663 size-medium\" src=\"https:\/\/i0.wp.com\/www.eltrabajo.cl\/portal\/wp-content\/uploads\/2014\/11\/Gallina1-300x290.jpg?resize=300%2C290\" alt=\"Juan Ram\u00f3n Salinas Rodr\u00edguez apodado \u2018El Gallina\u2019 quiere limpiar su nombre, asegurando que no es sospechoso del asesinato de Jaime Gatica Candia acribillado en Poblaci\u00f3n La Escuadra el pasado lunes. \" width=\"300\" height=\"290\" srcset=\"https:\/\/i0.wp.com\/eltrabajo.cl\/portal\/wp-content\/uploads\/2014\/11\/Gallina1.jpg?resize=300%2C290&amp;ssl=1 300w, https:\/\/i0.wp.com\/eltrabajo.cl\/portal\/wp-content\/uploads\/2014\/11\/Gallina1.jpg?resize=154%2C150&amp;ssl=1 154w, https:\/\/i0.wp.com\/eltrabajo.cl\/portal\/wp-content\/uploads\/2014\/11\/Gallina1.jpg?resize=150%2C145&amp;ssl=1 150w, https:\/\/i0.wp.com\/eltrabajo.cl\/portal\/wp-content\/uploads\/2014\/11\/Gallina1.jpg?resize=400%2C387&amp;ssl=1 400w, https:\/\/i0.wp.com\/eltrabajo.cl\/portal\/wp-content\/uploads\/2014\/11\/Gallina1.jpg?w=529&amp;ssl=1 529w\" sizes=\"auto, (max-width: 300px) 100vw, 300px\" \/><\/a><figcaption id=\"caption-attachment-53663\" class=\"wp-caption-text\">Juan Ram\u00f3n Salinas Rodr\u00edguez apodado \u2018El Gallina\u2019 quiere limpiar su nombre, asegurando que no es sospechoso del asesinato de Jaime Gatica Candia acribillado en Poblaci\u00f3n La Escuadra el pasado lunes.<\/figcaption><\/figure>\n<p>A ra\u00edz de la publicaci\u00f3n de Diario El Trabajo emitida el d\u00eda de ayer mi\u00e9rcoles 26 de noviembre en la p\u00e1gina 13, en la que se refiere a la identificaci\u00f3n del cuerpo del asesinado Jaime Gatica Candia en Poblaci\u00f3n La Escuadra de San Felipe, cuyos vecinos e informaci\u00f3n proporcionada a nuestro medio apuntaban como sospechoso a un sujeto apodado \u2018El Gallina\u2019, hasta nuestra sala de redacci\u00f3n lleg\u00f3 Juan Ram\u00f3n Salinas Rodr\u00edguez, quien asegur\u00f3 ser el denominado &#8216;Gallina&#8217; y que se presentaba para limpiar su nombre, asegurando que \u00e9l no tiene ning\u00fan v\u00ednculo que lo sit\u00fae como autor del crimen.<br \/>\nCabe destacar que la informaci\u00f3n publicada se refer\u00eda en t\u00e9rminos de hip\u00f3tesis del crimen y sin culpar con nombres y apellidos al autor del crimen, la cual por lo dem\u00e1s estaba referida en condicional sobre este homicidio que investiga la Polic\u00eda de Investigaciones.<br \/>\n\u201cA m\u00ed me ha afectado mucho, porque yo estaba trabajando el d\u00eda que falleci\u00f3 este ni\u00f1o y tengo pruebas con mi patr\u00f3n, yo estoy parando parrones en la parcela 2 en Los Molles. Me ha afectado porque esto puede traer complicaciones que puede llegar gente a cobrar y yo no tengo nada que ver con ese asunto\u201d, dice Salinas.<br \/>\n\u2018El Gallina\u2019 asegura ser el \u00fanico apodado en esa poblaci\u00f3n, aunque mencion\u00f3 estar residiendo actualmente en Poblaci\u00f3n Esperanza de San Felipe, \u201cpueden ser enemigos por maldad, porque la gente nos tiene mala en La Escuadra, por eso siempre han tomado mi nombre para cualquier cosa. Yo no s\u00e9 nada del crimen porque ven\u00eda llegando, porque estaba trabajando y cuando me dijeron que hab\u00edan matado a un ni\u00f1o en La Escuadra, a las 17:00 horas salgo de mi trabajo y llam\u00e9 a mi se\u00f1ora para saber c\u00f3mo estaban y nada m\u00e1s, y de ah\u00ed yo me fui para mi casa donde mi mam\u00e1. Yo fui a Investigaciones y ellos me dijeron que no, lo \u00fanico que sali\u00f3 en el diario con mi nombre y por eso quiero limpiar ni nombre, yo no mat\u00e9 a nadie\u201d, argument\u00f3.<\/p>\n","protected":false},"excerpt":{"rendered":"<p>A ra\u00edz de la publicaci\u00f3n de Diario El Trabajo emitida el d\u00eda de ayer mi\u00e9rcoles 26 de noviembre en la p\u00e1gina 13, en la que se refiere a la identificaci\u00f3n del cuerpo&#8230;<\/p>\n","protected":false},"author":482,"featured_media":53663,"comment_status":"open","ping_status":"closed","sticky":false,"template":"","format":"standard","meta":{"advanced_seo_description":"","jetpack_seo_html_title":"","jetpack_seo_noindex":false,"_jetpack_memberships_contains_paid_content":false,"footnotes":""},"categories":[21],"tags":[],"class_list":["post-53662","post","type-post","status-publish","format-standard","has-post-thumbnail","hentry","category-policial"],"jetpack_featured_media_url":"https:\/\/i0.wp.com\/eltrabajo.cl\/portal\/wp-content\/uploads\/2014\/11\/Gallina1.jpg?fit=529%2C512&ssl=1","jetpack_sharing_enabled":true,"jetpack_likes_enabled":true,"jetpack-related-posts":[],"_links":{"self":[{"href":"https:\/\/eltrabajo.cl\/portal\/wp-json\/wp\/v2\/posts\/53662","targetHints":{"allow":["GET"]}}],"collection":[{"href":"https:\/\/eltrabajo.cl\/portal\/wp-json\/wp\/v2\/posts"}],"about":[{"href":"https:\/\/eltrabajo.cl\/portal\/wp-json\/wp\/v2\/types\/post"}],"author":[{"embeddable":true,"href":"https:\/\/eltrabajo.cl\/portal\/wp-json\/wp\/v2\/users\/482"}],"replies":[{"embeddable":true,"href":"https:\/\/eltrabajo.cl\/portal\/wp-json\/wp\/v2\/comments?post=53662"}],"version-history":[{"count":0,"href":"https:\/\/eltrabajo.cl\/portal\/wp-json\/wp\/v2\/posts\/53662\/revisions"}],"wp:featuredmedia":[{"embeddable":true,"href":"https:\/\/eltrabajo.cl\/portal\/wp-json\/wp\/v2\/media\/53663"}],"wp:attachment":[{"href":"https:\/\/eltrabajo.cl\/portal\/wp-json\/wp\/v2\/media?parent=53662"}],"wp:term":[{"taxonomy":"category","embeddable":true,"href":"https:\/\/eltrabajo.cl\/portal\/wp-json\/wp\/v2\/categories?post=53662"},{"taxonomy":"post_tag","embeddable":true,"href":"https:\/\/eltrabajo.cl\/portal\/wp-json\/wp\/v2\/tags?post=53662"}],"curies":[{"name":"wp","href":"https:\/\/api.w.org\/{rel}","templated":true}]}}