{"id":53681,"date":"2014-11-28T09:08:10","date_gmt":"2014-11-28T12:08:10","guid":{"rendered":"http:\/\/www.eltrabajo.cl\/portal\/?p=53681"},"modified":"2014-11-28T09:08:10","modified_gmt":"2014-11-28T12:08:10","slug":"lideres-juveniles-conversan-sobre-sexualidad-con-profesionales-de-la-salud","status":"publish","type":"post","link":"https:\/\/eltrabajo.cl\/portal\/lideres-juveniles-conversan-sobre-sexualidad-con-profesionales-de-la-salud\/","title":{"rendered":"L\u00edderes juveniles conversan sobre sexualidad con profesionales de la salud"},"content":{"rendered":"<figure id=\"attachment_53682\" aria-describedby=\"caption-attachment-53682\" style=\"width: 529px\" class=\"wp-caption alignnone\"><a href=\"https:\/\/i0.wp.com\/www.eltrabajo.cl\/portal\/wp-content\/uploads\/2014\/11\/Sexualidad1.jpg\"><img data-recalc-dims=\"1\" loading=\"lazy\" decoding=\"async\" class=\"size-full wp-image-53682\" src=\"https:\/\/i0.wp.com\/www.eltrabajo.cl\/portal\/wp-content\/uploads\/2014\/11\/Sexualidad1.jpg?resize=529%2C302\" alt=\"Ni\u00f1os y adolescentes de la comuna plantearon la necesidad de abordar la tem\u00e1tica en el marco de una nueva edici\u00f3n del Caf\u00e9 Di\u00e1logo Ciudadano organizado por la OPD San Felipe.\" width=\"529\" height=\"302\" srcset=\"https:\/\/i0.wp.com\/eltrabajo.cl\/portal\/wp-content\/uploads\/2014\/11\/Sexualidad1.jpg?w=529&amp;ssl=1 529w, https:\/\/i0.wp.com\/eltrabajo.cl\/portal\/wp-content\/uploads\/2014\/11\/Sexualidad1.jpg?resize=200%2C114&amp;ssl=1 200w, https:\/\/i0.wp.com\/eltrabajo.cl\/portal\/wp-content\/uploads\/2014\/11\/Sexualidad1.jpg?resize=300%2C171&amp;ssl=1 300w, https:\/\/i0.wp.com\/eltrabajo.cl\/portal\/wp-content\/uploads\/2014\/11\/Sexualidad1.jpg?resize=150%2C85&amp;ssl=1 150w, https:\/\/i0.wp.com\/eltrabajo.cl\/portal\/wp-content\/uploads\/2014\/11\/Sexualidad1.jpg?resize=400%2C228&amp;ssl=1 400w\" sizes=\"auto, (max-width: 529px) 100vw, 529px\" \/><\/a><figcaption id=\"caption-attachment-53682\" class=\"wp-caption-text\">Ni\u00f1os y adolescentes de la comuna plantearon la necesidad de abordar la tem\u00e1tica en el marco de una nueva edici\u00f3n del Caf\u00e9 Di\u00e1logo Ciudadano organizado por la OPD San Felipe.<\/figcaption><\/figure>\n<p>Fue a prop\u00f3sito de la inquietud planteada por los propios ni\u00f1os y adolescentes de la comuna, certificados en agosto como l\u00edderes juveniles, el abordar el tema con profesionales expertos, que la nueva edici\u00f3n del Caf\u00e9 Di\u00e1logo Ciudadano organizado por la OPD San Felipe, centr\u00f3 la atenci\u00f3n de los participantes en el tema de la sexualidad.<br \/>\nLa actividad, que cont\u00f3 con el pleno respaldo de la Direcci\u00f3n de Salud Municipal es ya tradicional en la comuna de San Felipe, favoreciendo una instancia de di\u00e1logo pero sobre todo de intercambio de opiniones entre ni\u00f1os y adolescentes con el mundo adulto, lo que de paso permite garantizar el derecho de la infancia a opinar y a expresarse libremente.<br \/>\nSeg\u00fan explic\u00f3 la coordinadora comunal de la OPD, la Asistente Social Francisca Hidalgo, el tenor de la conversaci\u00f3n en el caf\u00e9 di\u00e1logo, es propuesto por los propios ni\u00f1os integrantes del Consejo Consultivo, pero en este caso, la idea de abordar el tema de la sexualidad pas\u00f3 tambi\u00e9n por los resultados \u2013hasta ahora parciales- de una consulta comunal infanto-adolescente, que estableci\u00f3 que un 29% de los encuestados manifest\u00f3 su inter\u00e9s por informarse m\u00e1s y mejor en torno a esta tem\u00e1tica.<br \/>\nLos participantes del Caf\u00e9 Di\u00e1logo son l\u00edderes juveniles que integran el Consejo Consultivo de Infancia y su intenci\u00f3n en esta conversaci\u00f3n con profesionales del \u00e1rea de la salud municipal, era tambi\u00e9n levantar propuestas que permitan a los especialistas del \u00e1rea, fomentar la discusi\u00f3n y la educaci\u00f3n sexual. Hidalgo se\u00f1al\u00f3 en todo caso la encuesta estableci\u00f3 que el tema de la sexualidad dej\u00f3 de ser un tema tab\u00fa en las familias, ya que un alto porcentaje de los ni\u00f1os amigos, a\u00fan cuando con los primeros tambi\u00e9n se informan.<br \/>\nAun as\u00ed, la Directora de Salud municipal, Jenny Henr\u00edquez, manifest\u00f3 que resulta fundamental seguir abordando la tem\u00e1tica y por ello esta instancia de di\u00e1logo permiti\u00f3 obtener un insumo importante, en cuanto a los requerimientos que tienen los ni\u00f1os respecto de este tema. Precis\u00f3 que en el pa\u00eds han existido muchas instancias orientadas a abordar el tema con los escolares, siempre ser\u00e1 necesario desarrollar acciones que permitan trabajar el tema.<br \/>\nEn este mismo sentido, resalt\u00f3 que el Plan Comunal de Salud ya aprobado por el Concejo Municipal, considera un fuerte trabajo con ni\u00f1os y adolescentes en torno a temas relativos a prevenci\u00f3n de enfermedades de transmisi\u00f3n sexual, como el VIH, as\u00ed como de temas referidos a embarazo adolescente y otras inquietudes surgidas de esta misma instancia de conversaci\u00f3n.<\/p>\n","protected":false},"excerpt":{"rendered":"<p>Fue a prop\u00f3sito de la inquietud planteada por los propios ni\u00f1os y adolescentes de la comuna, certificados en agosto como l\u00edderes juveniles, el abordar el tema con profesionales expertos, que la nueva&#8230;<\/p>\n","protected":false},"author":482,"featured_media":53682,"comment_status":"open","ping_status":"closed","sticky":false,"template":"","format":"standard","meta":{"advanced_seo_description":"","jetpack_seo_html_title":"","jetpack_seo_noindex":false,"_jetpack_memberships_contains_paid_content":false,"footnotes":""},"categories":[15],"tags":[],"class_list":["post-53681","post","type-post","status-publish","format-standard","has-post-thumbnail","hentry","category-comunidad"],"jetpack_featured_media_url":"https:\/\/i0.wp.com\/eltrabajo.cl\/portal\/wp-content\/uploads\/2014\/11\/Sexualidad1.jpg?fit=529%2C302&ssl=1","jetpack_sharing_enabled":true,"jetpack_likes_enabled":true,"jetpack-related-posts":[],"_links":{"self":[{"href":"https:\/\/eltrabajo.cl\/portal\/wp-json\/wp\/v2\/posts\/53681","targetHints":{"allow":["GET"]}}],"collection":[{"href":"https:\/\/eltrabajo.cl\/portal\/wp-json\/wp\/v2\/posts"}],"about":[{"href":"https:\/\/eltrabajo.cl\/portal\/wp-json\/wp\/v2\/types\/post"}],"author":[{"embeddable":true,"href":"https:\/\/eltrabajo.cl\/portal\/wp-json\/wp\/v2\/users\/482"}],"replies":[{"embeddable":true,"href":"https:\/\/eltrabajo.cl\/portal\/wp-json\/wp\/v2\/comments?post=53681"}],"version-history":[{"count":0,"href":"https:\/\/eltrabajo.cl\/portal\/wp-json\/wp\/v2\/posts\/53681\/revisions"}],"wp:featuredmedia":[{"embeddable":true,"href":"https:\/\/eltrabajo.cl\/portal\/wp-json\/wp\/v2\/media\/53682"}],"wp:attachment":[{"href":"https:\/\/eltrabajo.cl\/portal\/wp-json\/wp\/v2\/media?parent=53681"}],"wp:term":[{"taxonomy":"category","embeddable":true,"href":"https:\/\/eltrabajo.cl\/portal\/wp-json\/wp\/v2\/categories?post=53681"},{"taxonomy":"post_tag","embeddable":true,"href":"https:\/\/eltrabajo.cl\/portal\/wp-json\/wp\/v2\/tags?post=53681"}],"curies":[{"name":"wp","href":"https:\/\/api.w.org\/{rel}","templated":true}]}}