{"id":53684,"date":"2014-11-28T09:11:59","date_gmt":"2014-11-28T12:11:59","guid":{"rendered":"http:\/\/www.eltrabajo.cl\/portal\/?p=53684"},"modified":"2014-11-28T09:11:59","modified_gmt":"2014-11-28T12:11:59","slug":"comunidad-educativa-de-escuela-san-rafael-celebro-su-106o-aniversario","status":"publish","type":"post","link":"https:\/\/eltrabajo.cl\/portal\/comunidad-educativa-de-escuela-san-rafael-celebro-su-106o-aniversario\/","title":{"rendered":"Comunidad educativa de Escuela San Rafael celebr\u00f3 su 106\u00ba aniversario"},"content":{"rendered":"<figure id=\"attachment_53685\" aria-describedby=\"caption-attachment-53685\" style=\"width: 529px\" class=\"wp-caption alignnone\"><a href=\"https:\/\/i0.wp.com\/www.eltrabajo.cl\/portal\/wp-content\/uploads\/2014\/11\/ESR-corrida-1.jpg\"><img data-recalc-dims=\"1\" loading=\"lazy\" decoding=\"async\" class=\"size-full wp-image-53685\" src=\"https:\/\/i0.wp.com\/www.eltrabajo.cl\/portal\/wp-content\/uploads\/2014\/11\/ESR-corrida-1.jpg?resize=529%2C401\" alt=\"Los alumnos tambi\u00e9n participaron de actividades deportivas como la corrida saludable.\" width=\"529\" height=\"401\" srcset=\"https:\/\/i0.wp.com\/eltrabajo.cl\/portal\/wp-content\/uploads\/2014\/11\/ESR-corrida-1.jpg?w=529&amp;ssl=1 529w, https:\/\/i0.wp.com\/eltrabajo.cl\/portal\/wp-content\/uploads\/2014\/11\/ESR-corrida-1.jpg?resize=197%2C150&amp;ssl=1 197w, https:\/\/i0.wp.com\/eltrabajo.cl\/portal\/wp-content\/uploads\/2014\/11\/ESR-corrida-1.jpg?resize=300%2C227&amp;ssl=1 300w, https:\/\/i0.wp.com\/eltrabajo.cl\/portal\/wp-content\/uploads\/2014\/11\/ESR-corrida-1.jpg?resize=150%2C113&amp;ssl=1 150w, https:\/\/i0.wp.com\/eltrabajo.cl\/portal\/wp-content\/uploads\/2014\/11\/ESR-corrida-1.jpg?resize=400%2C303&amp;ssl=1 400w\" sizes=\"auto, (max-width: 529px) 100vw, 529px\" \/><\/a><figcaption id=\"caption-attachment-53685\" class=\"wp-caption-text\">Los alumnos tambi\u00e9n participaron de actividades deportivas como la corrida saludable.<\/figcaption><\/figure>\n<p>Con diversas actividades sociales, deportivas y recreativas, la comunidad educativa de la Escuela San Rafael estuvo celebrando el 106\u00ba (cent\u00e9simo sexto) aniversario de su fundaci\u00f3n.<br \/>\nAs\u00ed lo inform\u00f3 Uberlinda Gonz\u00e1lez, Directora de la Escuela San Rafael, quien destac\u00f3 que las actividades se desarrollaron en la semana del 17 al 21 de noviembre. Respecto a las actividades mismas, entre otras se realiz\u00f3 una visita al Aer\u00f3dromo de San Rafael; un desayuno especial solo para abuelitos de alumnos pertenecientes al colegio; una corrida saludable.<br \/>\nLos actos celebratorios finalizaron el viernes 21 en una jornada donde destacaron los n\u00fameros art\u00edsticos, donde adem\u00e1s todos los ni\u00f1os se sintieron reinas y pr\u00edncipes e hicieron realidad sus fantas\u00edas con festivos disfraces, contando con la participaci\u00f3n de toda la comunidad escolar, profesores directivos, paradocentes, apoderados y alumnos.<br \/>\nCabe destacar que la Escuela San Rafael es una peque\u00f1a comunidad escolar de solo 45 alumnos entre prekinder a 6\u00ba b\u00e1sico. Al respecto, Uberlinda Gonz\u00e1lez destac\u00f3 que se ha incrementado significativamente la matr\u00edcula en el colegio, esperando aumentar a\u00fan m\u00e1s para el 2015 con su proyecto educativo ecol\u00f3gico sustentable en el tiempo, el cual pretende lograr algo tan sencillo pero trascendente como es ayudar a los peque\u00f1os a tomar conciencia sobre la importancia del cuidado del medio ambiente.<br \/>\nFinalmente la Directora del establecimiento destac\u00f3 el gran equipo de profesores que trabaja en la escuela, quienes, asegur\u00f3, \u00abse la juegan por los alumnos\u00bb.<\/p>\n<div class=\"tiled-gallery type-rectangular tiled-gallery-unresized\" data-original-width=\"640\" data-carousel-extra='null' itemscope itemtype=\"http:\/\/schema.org\/ImageGallery\" > <div class=\"gallery-row\" style=\"width: 640px; height: 237px;\" data-original-width=\"640\" data-original-height=\"237\" > <div class=\"gallery-group images-1\" style=\"width: 328px; height: 237px;\" data-original-width=\"328\" data-original-height=\"237\" > <div class=\"tiled-gallery-item tiled-gallery-item-large\" itemprop=\"associatedMedia\" itemscope itemtype=\"http:\/\/schema.org\/ImageObject\"> <a href=\"https:\/\/eltrabajo.cl\/portal\/comunidad-educativa-de-escuela-san-rafael-celebro-su-106o-aniversario\/esr-aerodromo\/\" border=\"0\" itemprop=\"url\"> <meta itemprop=\"width\" content=\"324\"> <meta itemprop=\"height\" content=\"233\"> <img decoding=\"async\" class=\"\" data-attachment-id=\"53686\" data-orig-file=\"https:\/\/eltrabajo.cl\/portal\/wp-content\/uploads\/2014\/11\/ESR-aerodromo.jpg\" data-orig-size=\"528,380\" data-comments-opened=\"1\" data-image-meta=\"{&quot;aperture&quot;:&quot;0&quot;,&quot;credit&quot;:&quot;&quot;,&quot;camera&quot;:&quot;&quot;,&quot;caption&quot;:&quot;&quot;,&quot;created_timestamp&quot;:&quot;0&quot;,&quot;copyright&quot;:&quot;&quot;,&quot;focal_length&quot;:&quot;0&quot;,&quot;iso&quot;:&quot;0&quot;,&quot;shutter_speed&quot;:&quot;0&quot;,&quot;title&quot;:&quot;&quot;,&quot;orientation&quot;:&quot;0&quot;}\" data-image-title=\"ESR-aerodromo\" data-image-description=\"&lt;p&gt;Durante la visita al aer\u00f3dromo, los peque\u00f1os pudieron conocer de cerca las naves a\u00e9reas que utilizan la pista de aterrizaje. &lt;\/p&gt; \" data-medium-file=\"https:\/\/i0.wp.com\/eltrabajo.cl\/portal\/wp-content\/uploads\/2014\/11\/ESR-aerodromo.jpg?fit=300%2C215&#038;ssl=1\" data-large-file=\"https:\/\/i0.wp.com\/eltrabajo.cl\/portal\/wp-content\/uploads\/2014\/11\/ESR-aerodromo.jpg?fit=528%2C380&#038;ssl=1\" src=\"https:\/\/i0.wp.com\/eltrabajo.cl\/portal\/wp-content\/uploads\/2014\/11\/ESR-aerodromo.jpg?w=324&#038;h=233&#038;ssl=1\" srcset=\"https:\/\/i0.wp.com\/eltrabajo.cl\/portal\/wp-content\/uploads\/2014\/11\/ESR-aerodromo.jpg?w=528&amp;ssl=1 528w, https:\/\/i0.wp.com\/eltrabajo.cl\/portal\/wp-content\/uploads\/2014\/11\/ESR-aerodromo.jpg?resize=200%2C143&amp;ssl=1 200w, https:\/\/i0.wp.com\/eltrabajo.cl\/portal\/wp-content\/uploads\/2014\/11\/ESR-aerodromo.jpg?resize=300%2C215&amp;ssl=1 300w, https:\/\/i0.wp.com\/eltrabajo.cl\/portal\/wp-content\/uploads\/2014\/11\/ESR-aerodromo.jpg?resize=150%2C107&amp;ssl=1 150w, https:\/\/i0.wp.com\/eltrabajo.cl\/portal\/wp-content\/uploads\/2014\/11\/ESR-aerodromo.jpg?resize=400%2C287&amp;ssl=1 400w\" width=\"324\" height=\"233\" loading=\"lazy\" data-original-width=\"324\" data-original-height=\"233\" itemprop=\"http:\/\/schema.org\/image\" title=\"ESR-aerodromo\" alt=\"Durante la visita al aer\u00f3dromo, los peque\u00f1os pudieron conocer de cerca las naves a\u00e9reas que utilizan la pista de aterrizaje.\" style=\"width: 324px; height: 233px;\" \/> <\/a> <div class=\"tiled-gallery-caption\" itemprop=\"caption description\"> Durante la visita al aer\u00f3dromo, los peque\u00f1os pudieron conocer de cerca las naves a\u00e9reas que utilizan la pista de aterrizaje. <\/div> <\/div> <\/div> <!-- close group --> <div class=\"gallery-group images-1\" style=\"width: 312px; height: 237px;\" data-original-width=\"312\" data-original-height=\"237\" > <div class=\"tiled-gallery-item tiled-gallery-item-large\" itemprop=\"associatedMedia\" itemscope itemtype=\"http:\/\/schema.org\/ImageObject\"> <a href=\"https:\/\/eltrabajo.cl\/portal\/comunidad-educativa-de-escuela-san-rafael-celebro-su-106o-aniversario\/esr-desayuno-abuelos\/\" border=\"0\" itemprop=\"url\"> <meta itemprop=\"width\" content=\"308\"> <meta itemprop=\"height\" content=\"233\"> <img decoding=\"async\" class=\"\" data-attachment-id=\"53687\" data-orig-file=\"https:\/\/eltrabajo.cl\/portal\/wp-content\/uploads\/2014\/11\/ESR-desayuno-abuelos.jpg\" data-orig-size=\"529,401\" data-comments-opened=\"1\" data-image-meta=\"{&quot;aperture&quot;:&quot;0&quot;,&quot;credit&quot;:&quot;&quot;,&quot;camera&quot;:&quot;&quot;,&quot;caption&quot;:&quot;&quot;,&quot;created_timestamp&quot;:&quot;0&quot;,&quot;copyright&quot;:&quot;&quot;,&quot;focal_length&quot;:&quot;0&quot;,&quot;iso&quot;:&quot;0&quot;,&quot;shutter_speed&quot;:&quot;0&quot;,&quot;title&quot;:&quot;&quot;,&quot;orientation&quot;:&quot;0&quot;}\" data-image-title=\"ESR-desayuno abuelos\" data-image-description=\"&lt;p&gt;Los alumnos tambi\u00e9n compartieron un desayuno con sus propios abuelitos.&lt;\/p&gt; \" data-medium-file=\"https:\/\/i0.wp.com\/eltrabajo.cl\/portal\/wp-content\/uploads\/2014\/11\/ESR-desayuno-abuelos.jpg?fit=300%2C227&#038;ssl=1\" data-large-file=\"https:\/\/i0.wp.com\/eltrabajo.cl\/portal\/wp-content\/uploads\/2014\/11\/ESR-desayuno-abuelos.jpg?fit=529%2C401&#038;ssl=1\" src=\"https:\/\/i0.wp.com\/eltrabajo.cl\/portal\/wp-content\/uploads\/2014\/11\/ESR-desayuno-abuelos.jpg?w=308&#038;h=233&#038;ssl=1\" srcset=\"https:\/\/i0.wp.com\/eltrabajo.cl\/portal\/wp-content\/uploads\/2014\/11\/ESR-desayuno-abuelos.jpg?w=529&amp;ssl=1 529w, https:\/\/i0.wp.com\/eltrabajo.cl\/portal\/wp-content\/uploads\/2014\/11\/ESR-desayuno-abuelos.jpg?resize=197%2C150&amp;ssl=1 197w, https:\/\/i0.wp.com\/eltrabajo.cl\/portal\/wp-content\/uploads\/2014\/11\/ESR-desayuno-abuelos.jpg?resize=300%2C227&amp;ssl=1 300w, https:\/\/i0.wp.com\/eltrabajo.cl\/portal\/wp-content\/uploads\/2014\/11\/ESR-desayuno-abuelos.jpg?resize=150%2C113&amp;ssl=1 150w, https:\/\/i0.wp.com\/eltrabajo.cl\/portal\/wp-content\/uploads\/2014\/11\/ESR-desayuno-abuelos.jpg?resize=400%2C303&amp;ssl=1 400w\" width=\"308\" height=\"233\" loading=\"lazy\" data-original-width=\"308\" data-original-height=\"233\" itemprop=\"http:\/\/schema.org\/image\" title=\"ESR-desayuno abuelos\" alt=\"Los alumnos tambi\u00e9n compartieron un desayuno con sus propios abuelitos.\" style=\"width: 308px; height: 233px;\" \/> <\/a> <div class=\"tiled-gallery-caption\" itemprop=\"caption description\"> Los alumnos tambi\u00e9n compartieron un desayuno con sus propios abuelitos. <\/div> <\/div> <\/div> <!-- close group --> <\/div> <!-- close row --> <\/div>\n","protected":false},"excerpt":{"rendered":"<p>Con diversas actividades sociales, deportivas y recreativas, la comunidad educativa de la Escuela San Rafael estuvo celebrando el 106\u00ba (cent\u00e9simo sexto) aniversario de su fundaci\u00f3n. As\u00ed lo inform\u00f3 Uberlinda Gonz\u00e1lez, Directora de&#8230;<\/p>\n","protected":false},"author":482,"featured_media":53685,"comment_status":"open","ping_status":"closed","sticky":false,"template":"","format":"standard","meta":{"advanced_seo_description":"","jetpack_seo_html_title":"","jetpack_seo_noindex":false,"_jetpack_memberships_contains_paid_content":false,"footnotes":""},"categories":[15],"tags":[],"class_list":["post-53684","post","type-post","status-publish","format-standard","has-post-thumbnail","hentry","category-comunidad"],"jetpack_featured_media_url":"https:\/\/i0.wp.com\/eltrabajo.cl\/portal\/wp-content\/uploads\/2014\/11\/ESR-corrida-1.jpg?fit=529%2C401&ssl=1","jetpack_sharing_enabled":true,"jetpack_likes_enabled":true,"jetpack-related-posts":[],"_links":{"self":[{"href":"https:\/\/eltrabajo.cl\/portal\/wp-json\/wp\/v2\/posts\/53684","targetHints":{"allow":["GET"]}}],"collection":[{"href":"https:\/\/eltrabajo.cl\/portal\/wp-json\/wp\/v2\/posts"}],"about":[{"href":"https:\/\/eltrabajo.cl\/portal\/wp-json\/wp\/v2\/types\/post"}],"author":[{"embeddable":true,"href":"https:\/\/eltrabajo.cl\/portal\/wp-json\/wp\/v2\/users\/482"}],"replies":[{"embeddable":true,"href":"https:\/\/eltrabajo.cl\/portal\/wp-json\/wp\/v2\/comments?post=53684"}],"version-history":[{"count":0,"href":"https:\/\/eltrabajo.cl\/portal\/wp-json\/wp\/v2\/posts\/53684\/revisions"}],"wp:featuredmedia":[{"embeddable":true,"href":"https:\/\/eltrabajo.cl\/portal\/wp-json\/wp\/v2\/media\/53685"}],"wp:attachment":[{"href":"https:\/\/eltrabajo.cl\/portal\/wp-json\/wp\/v2\/media?parent=53684"}],"wp:term":[{"taxonomy":"category","embeddable":true,"href":"https:\/\/eltrabajo.cl\/portal\/wp-json\/wp\/v2\/categories?post=53684"},{"taxonomy":"post_tag","embeddable":true,"href":"https:\/\/eltrabajo.cl\/portal\/wp-json\/wp\/v2\/tags?post=53684"}],"curies":[{"name":"wp","href":"https:\/\/api.w.org\/{rel}","templated":true}]}}