{"id":53689,"date":"2014-11-28T09:12:45","date_gmt":"2014-11-28T12:12:45","guid":{"rendered":"http:\/\/www.eltrabajo.cl\/portal\/?p=53689"},"modified":"2014-11-28T09:12:45","modified_gmt":"2014-11-28T12:12:45","slug":"ajedrecistas-sanfelipenos-son-los-mejores-de-la-v-region","status":"publish","type":"post","link":"https:\/\/eltrabajo.cl\/portal\/ajedrecistas-sanfelipenos-son-los-mejores-de-la-v-region\/","title":{"rendered":"Ajedrecistas sanfelipe\u00f1os son los mejores de la V Regi\u00f3n"},"content":{"rendered":"<figure id=\"attachment_53690\" aria-describedby=\"caption-attachment-53690\" style=\"width: 529px\" class=\"wp-caption alignnone\"><a href=\"https:\/\/i0.wp.com\/www.eltrabajo.cl\/portal\/wp-content\/uploads\/2014\/11\/Copa1.jpg\"><img data-recalc-dims=\"1\" loading=\"lazy\" decoding=\"async\" class=\"size-full wp-image-53690\" src=\"https:\/\/i0.wp.com\/www.eltrabajo.cl\/portal\/wp-content\/uploads\/2014\/11\/Copa1.jpg?resize=529%2C321\" alt=\"LOS MEJORES.- Felices, estos j\u00f3venes estudiantes dejaron el nombre de San Felipe muy en alto en la ciudad capital dentro del mundo deportivo en la disciplina del Ajedrez.\" width=\"529\" height=\"321\" srcset=\"https:\/\/i0.wp.com\/eltrabajo.cl\/portal\/wp-content\/uploads\/2014\/11\/Copa1.jpg?w=529&amp;ssl=1 529w, https:\/\/i0.wp.com\/eltrabajo.cl\/portal\/wp-content\/uploads\/2014\/11\/Copa1.jpg?resize=200%2C121&amp;ssl=1 200w, https:\/\/i0.wp.com\/eltrabajo.cl\/portal\/wp-content\/uploads\/2014\/11\/Copa1.jpg?resize=300%2C182&amp;ssl=1 300w, https:\/\/i0.wp.com\/eltrabajo.cl\/portal\/wp-content\/uploads\/2014\/11\/Copa1.jpg?resize=150%2C91&amp;ssl=1 150w, https:\/\/i0.wp.com\/eltrabajo.cl\/portal\/wp-content\/uploads\/2014\/11\/Copa1.jpg?resize=400%2C242&amp;ssl=1 400w\" sizes=\"auto, (max-width: 529px) 100vw, 529px\" \/><\/a><figcaption id=\"caption-attachment-53690\" class=\"wp-caption-text\">LOS MEJORES.- Felices, estos j\u00f3venes estudiantes dejaron el nombre de San Felipe muy en alto en la ciudad capital dentro del mundo deportivo en la disciplina del Ajedrez.<\/figcaption><\/figure>\n<p>Una delegaci\u00f3n de estudiantes, profesores y apoderados en representaci\u00f3n del Liceo Dr. Roberto Humeres Oyaneder, asisti\u00f3 este mi\u00e9rcoles 26 de noviembre y a partir de las 19:00 horas, a la fiesta final y ceremonia de Premiaci\u00f3n de los deportes inter-escolares Soprole, realizada en el Aula Magna de la Escuela Militar en la comuna de Las Condes &#8211; Santiago.<br \/>\nEn esta oportunidad el Liceo Dr. Roberto Humeres Oyaneder obtuvo el premio como Mejor colegio de la V Regi\u00f3n de Valpara\u00edso en Ajedrez 2014. Adem\u00e1s, entre los sorteos realizados durante la ceremonia una de las estudiantes de la delegaci\u00f3n del Liceo Dr. Roberto Humeres Oyaneder, obtuvo el Premio Colaci\u00f3n, consistente en 540 unidades de jugos y leche.<br \/>\nEn t\u00e9rminos gen\u00e9ricos, la ceremonia de premiaci\u00f3n contempl\u00f3 distintos est\u00edmulos tanto a deportistas como a las barras, en los diferentes deportes, valorando no s\u00f3lo los \u00e9xitos deportivos sino tambi\u00e9n el esfuerzo, la perseverancia y la voluntad. La ceremonia premi\u00f3 como elemento central del evento al mejor deportista escolar por cada disciplina. Sin lugar a dudas este premio galardona un cierre de a\u00f1o espectacular de este deporte ciencia en el Valle Aconcagua.<\/p>\n","protected":false},"excerpt":{"rendered":"<p>Una delegaci\u00f3n de estudiantes, profesores y apoderados en representaci\u00f3n del Liceo Dr. Roberto Humeres Oyaneder, asisti\u00f3 este mi\u00e9rcoles 26 de noviembre y a partir de las 19:00 horas, a la fiesta final&#8230;<\/p>\n","protected":false},"author":482,"featured_media":53690,"comment_status":"open","ping_status":"closed","sticky":false,"template":"","format":"standard","meta":{"advanced_seo_description":"","jetpack_seo_html_title":"","jetpack_seo_noindex":false,"_jetpack_memberships_contains_paid_content":false,"footnotes":""},"categories":[15],"tags":[],"class_list":["post-53689","post","type-post","status-publish","format-standard","has-post-thumbnail","hentry","category-comunidad"],"jetpack_featured_media_url":"https:\/\/i0.wp.com\/eltrabajo.cl\/portal\/wp-content\/uploads\/2014\/11\/Copa1.jpg?fit=529%2C321&ssl=1","jetpack_sharing_enabled":true,"jetpack_likes_enabled":true,"jetpack-related-posts":[],"_links":{"self":[{"href":"https:\/\/eltrabajo.cl\/portal\/wp-json\/wp\/v2\/posts\/53689","targetHints":{"allow":["GET"]}}],"collection":[{"href":"https:\/\/eltrabajo.cl\/portal\/wp-json\/wp\/v2\/posts"}],"about":[{"href":"https:\/\/eltrabajo.cl\/portal\/wp-json\/wp\/v2\/types\/post"}],"author":[{"embeddable":true,"href":"https:\/\/eltrabajo.cl\/portal\/wp-json\/wp\/v2\/users\/482"}],"replies":[{"embeddable":true,"href":"https:\/\/eltrabajo.cl\/portal\/wp-json\/wp\/v2\/comments?post=53689"}],"version-history":[{"count":0,"href":"https:\/\/eltrabajo.cl\/portal\/wp-json\/wp\/v2\/posts\/53689\/revisions"}],"wp:featuredmedia":[{"embeddable":true,"href":"https:\/\/eltrabajo.cl\/portal\/wp-json\/wp\/v2\/media\/53690"}],"wp:attachment":[{"href":"https:\/\/eltrabajo.cl\/portal\/wp-json\/wp\/v2\/media?parent=53689"}],"wp:term":[{"taxonomy":"category","embeddable":true,"href":"https:\/\/eltrabajo.cl\/portal\/wp-json\/wp\/v2\/categories?post=53689"},{"taxonomy":"post_tag","embeddable":true,"href":"https:\/\/eltrabajo.cl\/portal\/wp-json\/wp\/v2\/tags?post=53689"}],"curies":[{"name":"wp","href":"https:\/\/api.w.org\/{rel}","templated":true}]}}