{"id":53692,"date":"2014-11-28T09:13:55","date_gmt":"2014-11-28T12:13:55","guid":{"rendered":"http:\/\/www.eltrabajo.cl\/portal\/?p=53692"},"modified":"2014-11-28T09:13:55","modified_gmt":"2014-11-28T12:13:55","slug":"testigos-de-jehova-realizaran-su-asamblea-anual-2014","status":"publish","type":"post","link":"https:\/\/eltrabajo.cl\/portal\/testigos-de-jehova-realizaran-su-asamblea-anual-2014\/","title":{"rendered":"Testigos de Jehov\u00e1 realizar\u00e1n su Asamblea anual 2014"},"content":{"rendered":"<figure id=\"attachment_53693\" aria-describedby=\"caption-attachment-53693\" style=\"width: 400px\" class=\"wp-caption alignleft\"><a href=\"https:\/\/i0.wp.com\/www.eltrabajo.cl\/portal\/wp-content\/uploads\/2014\/11\/Testigos1.jpg\"><img data-recalc-dims=\"1\" loading=\"lazy\" decoding=\"async\" class=\"wp-image-53693\" src=\"https:\/\/i0.wp.com\/www.eltrabajo.cl\/portal\/wp-content\/uploads\/2014\/11\/Testigos1.jpg?resize=400%2C256\" alt=\"Se calcula que unas 5.500 personas acudir\u00e1n a este evento, en todo el mundo hay m\u00e1s de 7.900.000 feligreses organizados en m\u00e1s de 113.000 congregaciones.\" width=\"400\" height=\"256\" srcset=\"https:\/\/i0.wp.com\/eltrabajo.cl\/portal\/wp-content\/uploads\/2014\/11\/Testigos1.jpg?w=529&amp;ssl=1 529w, https:\/\/i0.wp.com\/eltrabajo.cl\/portal\/wp-content\/uploads\/2014\/11\/Testigos1.jpg?resize=200%2C128&amp;ssl=1 200w, https:\/\/i0.wp.com\/eltrabajo.cl\/portal\/wp-content\/uploads\/2014\/11\/Testigos1.jpg?resize=300%2C192&amp;ssl=1 300w, https:\/\/i0.wp.com\/eltrabajo.cl\/portal\/wp-content\/uploads\/2014\/11\/Testigos1.jpg?resize=150%2C96&amp;ssl=1 150w, https:\/\/i0.wp.com\/eltrabajo.cl\/portal\/wp-content\/uploads\/2014\/11\/Testigos1.jpg?resize=400%2C256&amp;ssl=1 400w\" sizes=\"auto, (max-width: 400px) 100vw, 400px\" \/><\/a><figcaption id=\"caption-attachment-53693\" class=\"wp-caption-text\">Se calcula que unas 5.500 personas acudir\u00e1n a este evento, en todo el mundo hay m\u00e1s de 7.900.000 feligreses organizados en m\u00e1s de 113.000 congregaciones.<\/figcaption><\/figure>\n<p>Los Testigos de Jehov\u00e1 de San Felipe est\u00e1n invitando a todos sus vecinos a asistir a las asambleas anuales que se celebraran en el Estadio Lucio Fari\u00f1a en la ciudad de Quillota, en donde se desarrollar\u00e1 el programa de la asamblea de este a\u00f1o es \u2018Sigamos buscando primero el Reino de Dios\u2019. Personas de muchas religiones piden al rezar que venga el Reino de Dios. Esta asamblea explicar\u00eda qu\u00e9 es el Reino y c\u00f3mo puede afectar de forma positiva nuestras vidas.<br \/>\n\u201cUna de las partes destacadas del programa ser\u00e1 el discurso tem\u00e1tico, que se presentara el viernes por la ma\u00f1ana y explicar\u00e1 c\u00f3mo nos ayuda el Reino de Dios en la actualidad, una creencia fundamental de los Testigos de Jehov\u00e1, basada en lo que revela la historia y la Biblia, es que Jesucristo empez\u00f3 a gobernar como Rey del Reino de Dios en 1914. El programa de la asamblea se\u00f1ala que este a\u00f1o se cumplen 100 a\u00f1os de ese acontecimiento\u201d, coment\u00f3 a Diario El Trabajo Oscar Romo Herrera, vocero de la instituci\u00f3n religiosa.<br \/>\nA partir de este fin de semana y durante las pr\u00f3ximas (dos) semanas, los Testigos de Jehov\u00e1 entregaran invitaciones a todos los residentes de las ciudades de San Felipe, Los Andes, Santa Mar\u00eda y alrededores, para que los acompa\u00f1en en su asamblea. En esta actividad participar\u00e1n las congregaciones de los Testigos de Jehov\u00e1 que hay en la zona. La jornada de esta asamblea de tres d\u00edas que tendr\u00e1 lugar en Quillota se celebrara el viernes 5 al 7 de diciembre del 2014 y empezar\u00e1 a las 9:20 horas.<br \/>\n\u201cLa entrada ser\u00e1 gratis, pues las asambleas se sufragan enteramente por donaciones voluntarias. Un momento especial de la asamblea ser\u00e1 la presentaci\u00f3n del discurso con el que se pondr\u00e1 fin a la asamblea el domingo por la tarde, \u2018Nunca se inquieten, sigan buscando primero el Reino de Dios.<\/p>\n","protected":false},"excerpt":{"rendered":"<p>Los Testigos de Jehov\u00e1 de San Felipe est\u00e1n invitando a todos sus vecinos a asistir a las asambleas anuales que se celebraran en el Estadio Lucio Fari\u00f1a en la ciudad de Quillota,&#8230;<\/p>\n","protected":false},"author":482,"featured_media":53693,"comment_status":"open","ping_status":"closed","sticky":false,"template":"","format":"standard","meta":{"advanced_seo_description":"","jetpack_seo_html_title":"","jetpack_seo_noindex":false,"_jetpack_memberships_contains_paid_content":false,"footnotes":""},"categories":[15],"tags":[],"class_list":["post-53692","post","type-post","status-publish","format-standard","has-post-thumbnail","hentry","category-comunidad"],"jetpack_featured_media_url":"https:\/\/i0.wp.com\/eltrabajo.cl\/portal\/wp-content\/uploads\/2014\/11\/Testigos1.jpg?fit=529%2C339&ssl=1","jetpack_sharing_enabled":true,"jetpack_likes_enabled":true,"jetpack-related-posts":[],"_links":{"self":[{"href":"https:\/\/eltrabajo.cl\/portal\/wp-json\/wp\/v2\/posts\/53692","targetHints":{"allow":["GET"]}}],"collection":[{"href":"https:\/\/eltrabajo.cl\/portal\/wp-json\/wp\/v2\/posts"}],"about":[{"href":"https:\/\/eltrabajo.cl\/portal\/wp-json\/wp\/v2\/types\/post"}],"author":[{"embeddable":true,"href":"https:\/\/eltrabajo.cl\/portal\/wp-json\/wp\/v2\/users\/482"}],"replies":[{"embeddable":true,"href":"https:\/\/eltrabajo.cl\/portal\/wp-json\/wp\/v2\/comments?post=53692"}],"version-history":[{"count":0,"href":"https:\/\/eltrabajo.cl\/portal\/wp-json\/wp\/v2\/posts\/53692\/revisions"}],"wp:featuredmedia":[{"embeddable":true,"href":"https:\/\/eltrabajo.cl\/portal\/wp-json\/wp\/v2\/media\/53693"}],"wp:attachment":[{"href":"https:\/\/eltrabajo.cl\/portal\/wp-json\/wp\/v2\/media?parent=53692"}],"wp:term":[{"taxonomy":"category","embeddable":true,"href":"https:\/\/eltrabajo.cl\/portal\/wp-json\/wp\/v2\/categories?post=53692"},{"taxonomy":"post_tag","embeddable":true,"href":"https:\/\/eltrabajo.cl\/portal\/wp-json\/wp\/v2\/tags?post=53692"}],"curies":[{"name":"wp","href":"https:\/\/api.w.org\/{rel}","templated":true}]}}