{"id":53695,"date":"2014-11-28T09:15:55","date_gmt":"2014-11-28T12:15:55","guid":{"rendered":"http:\/\/www.eltrabajo.cl\/portal\/?p=53695"},"modified":"2014-11-28T09:15:55","modified_gmt":"2014-11-28T12:15:55","slug":"vecinas-de-poblacion-hidalgo-levantaron-barricadas","status":"publish","type":"post","link":"https:\/\/eltrabajo.cl\/portal\/vecinas-de-poblacion-hidalgo-levantaron-barricadas\/","title":{"rendered":"Vecinas de Poblaci\u00f3n Hidalgo levantaron barricadas"},"content":{"rendered":"<figure id=\"attachment_53696\" aria-describedby=\"caption-attachment-53696\" style=\"width: 528px\" class=\"wp-caption alignnone\"><a href=\"https:\/\/i0.wp.com\/www.eltrabajo.cl\/portal\/wp-content\/uploads\/2014\/11\/Barricadas1.jpg\"><img data-recalc-dims=\"1\" loading=\"lazy\" decoding=\"async\" class=\"size-full wp-image-53696\" src=\"https:\/\/i0.wp.com\/www.eltrabajo.cl\/portal\/wp-content\/uploads\/2014\/11\/Barricadas1.jpg?resize=528%2C387\" alt=\"Un grupo de m\u00e1s de 15 vecinas de Poblaci\u00f3n Hidalgo y apoderadas de la Escuela Alejandrina Carvajal del sector, levantaron barricadas y se manifestaron ante el clima de inseguridad vial y contra la empresa OHL.\" width=\"528\" height=\"387\" srcset=\"https:\/\/i0.wp.com\/eltrabajo.cl\/portal\/wp-content\/uploads\/2014\/11\/Barricadas1.jpg?w=528&amp;ssl=1 528w, https:\/\/i0.wp.com\/eltrabajo.cl\/portal\/wp-content\/uploads\/2014\/11\/Barricadas1.jpg?resize=200%2C146&amp;ssl=1 200w, https:\/\/i0.wp.com\/eltrabajo.cl\/portal\/wp-content\/uploads\/2014\/11\/Barricadas1.jpg?resize=300%2C219&amp;ssl=1 300w, https:\/\/i0.wp.com\/eltrabajo.cl\/portal\/wp-content\/uploads\/2014\/11\/Barricadas1.jpg?resize=150%2C109&amp;ssl=1 150w, https:\/\/i0.wp.com\/eltrabajo.cl\/portal\/wp-content\/uploads\/2014\/11\/Barricadas1.jpg?resize=400%2C293&amp;ssl=1 400w\" sizes=\"auto, (max-width: 528px) 100vw, 528px\" \/><\/a><figcaption id=\"caption-attachment-53696\" class=\"wp-caption-text\">Un grupo de m\u00e1s de 15 vecinas de Poblaci\u00f3n Hidalgo y apoderadas de la Escuela Alejandrina Carvajal del sector, levantaron barricadas y se manifestaron ante el clima de inseguridad vial y contra la empresa OHL.<\/figcaption><\/figure>\n<p><strong>PUTAENDO<\/strong>.- Un grupo de m\u00e1s de 15 vecinas de Poblaci\u00f3n Hidalgo y apoderadas de la Escuela Alejandrina Carvajal del sector, levantaron barricadas y se manifestaron ante el clima de inseguridad vial y contra la empresa OHL, a cuyos conductores acusan de guiar sus veh\u00edculos a altas velocidades, poniendo en riesgo incluso la vida de sus hijos debido a que el colegio est\u00e1 a un costado del camino que es utilizado para llegar a Embalse Chacrillas.<br \/>\nA eso de las siete de la ma\u00f1ana de este jueves, las vecinas decidieron cortar el camino frente a la Escuela Alejandrina Carvajal portando carteles contra OHL y Vialidad, entidad que, seg\u00fan aseguraron las manifestantes, no tiene el m\u00e1s m\u00ednimo inter\u00e9s por solucionar los inconvenientes que se viven a diario en el sector en lo relacionado a seguridad vial.<br \/>\nLas apoderadas de la Escuela Alejandrina Carvajal sostuvieron que desde hace bastante tiempo vienen pidiendo una soluci\u00f3n, e indicaron que incluso Vialidad les habr\u00eda se\u00f1alado que, a pesar de la sugerencia del Concejal Carlos Gallardo de realizar medidas de mitigaci\u00f3n, no es viable realizar una intervenci\u00f3n en ese sector, pues hay pocos ni\u00f1os, lo que calificaron como inaceptable y fue una de las razones por las cuales decidieron realizar esta manifestaci\u00f3n.<\/p>\n<p><strong>DESESPERADOS<\/strong><br \/>\nIsabel P\u00e9rez, apoderada de la Escuela Alejandrina Carvajal, record\u00f3 la primera movilizaci\u00f3n que realizaron en abril de este a\u00f1o por la misma tem\u00e1tica, asegurando que la desesperaci\u00f3n de padres y apoderados es latente al dejar y retirar a sus hijos del colegio, pues ven c\u00f3mo los conductores de camiones y otros veh\u00edculos que se dirigen al embalse no respetan el hecho que el establecimiento est\u00e9 ubicado a orilla de la calle y transitan a altas velocidades, poni\u00e9ndolos en riesgo de atropello.<br \/>\nP\u00e9rez fue enf\u00e1tica en se\u00f1alar que se ha jugado con el sector de Poblaci\u00f3n Hidalgo y que han sido una zona m\u00e1s donde se han realizado promesas sin cumplir, \u00abnosotras estamos velando por el bienestar de nuestros hijos, hace tres meses fuimos al concejo municipal y el alcalde hizo una serie de compromisos para supuestamente buscar una soluci\u00f3n al problema que estamos viviendo, incluso nos ofreci\u00f3 pavimentar los patios del colegio, pues nuestros hijos siguen jugando en la tierra y hasta la fecha todo sigue igual, no se ha hecho absolutamente nada\u00bb, sentenci\u00f3 la apoderada.<br \/>\nA eso de las 07:40 horas arrib\u00f3 el Alcalde Guillermo Reyes para dialogar con las apoderadas, mientras pasadas las 08:00 horas arrib\u00f3 al lugar el Gobernador Eduardo Le\u00f3n y se desarroll\u00f3 una reuni\u00f3n en dependencias de la Escuela Alejandrina Carvajal para abordar las problem\u00e1ticas de las apoderadas y vecinas del sector, existiendo un principio de acuerdo y la b\u00fasqueda de soluciones concretas.<br \/>\nEl Gobernador Eduardo Le\u00f3n sostuvo que tom\u00f3 conocimiento de esta situaci\u00f3n a trav\u00e9s del Concejal Carlos Gallardo y la Uni\u00f3n Comunal de Juntas de Vecinos Valle de Putaendo y luego con el Concejal Julio Aravena y los mismos vecinos del sector y ante la realidad que expresaron las apoderadas, indic\u00f3 que la primera medida que tomar\u00e1 la Gobernaci\u00f3n Provincial de San Felipe ser\u00e1 solicitar que se audite el contrato con la empresa OHL, \u00abpues ellos saben que tienen t\u00e9rminos y condiciones y eso se tiene que respetar, he escuchado a los vecinos de Poblaci\u00f3n Hidalgo y concuerdo plenamente con que esto no puede seguir as\u00ed\u00bb.<br \/>\nPatricio Gallardo M.<\/p>\n<div class=\"tiled-gallery type-rectangular tiled-gallery-unresized\" data-original-width=\"640\" data-carousel-extra='null' itemscope itemtype=\"http:\/\/schema.org\/ImageGallery\" > <div class=\"gallery-row\" style=\"width: 640px; height: 203px;\" data-original-width=\"640\" data-original-height=\"203\" > <div class=\"gallery-group images-1\" style=\"width: 342px; height: 203px;\" data-original-width=\"342\" data-original-height=\"203\" > <div class=\"tiled-gallery-item tiled-gallery-item-large\" itemprop=\"associatedMedia\" itemscope itemtype=\"http:\/\/schema.org\/ImageObject\"> <a href=\"https:\/\/eltrabajo.cl\/portal\/vecinas-de-poblacion-hidalgo-levantaron-barricadas\/barricadas2-2\/\" border=\"0\" itemprop=\"url\"> <meta itemprop=\"width\" content=\"338\"> <meta itemprop=\"height\" content=\"199\"> <img decoding=\"async\" class=\"\" data-attachment-id=\"53697\" data-orig-file=\"https:\/\/eltrabajo.cl\/portal\/wp-content\/uploads\/2014\/11\/Barricadas2.jpg\" data-orig-size=\"529,312\" data-comments-opened=\"1\" data-image-meta=\"{&quot;aperture&quot;:&quot;0&quot;,&quot;credit&quot;:&quot;&quot;,&quot;camera&quot;:&quot;&quot;,&quot;caption&quot;:&quot;&quot;,&quot;created_timestamp&quot;:&quot;0&quot;,&quot;copyright&quot;:&quot;[wopmind]&quot;,&quot;focal_length&quot;:&quot;0&quot;,&quot;iso&quot;:&quot;0&quot;,&quot;shutter_speed&quot;:&quot;0&quot;,&quot;title&quot;:&quot;&quot;,&quot;orientation&quot;:&quot;0&quot;}\" data-image-title=\"Barricadas2\" data-image-description=\"&lt;p&gt;A eso de las 07:40 horas arrib\u00f3 el Alcalde Guillermo Reyes para dialogar con las apoderadas, mientras pasadas las 08:00 horas arrib\u00f3 al lugar el Gobernador Eduardo Le\u00f3n.&lt;\/p&gt; \" data-medium-file=\"https:\/\/i0.wp.com\/eltrabajo.cl\/portal\/wp-content\/uploads\/2014\/11\/Barricadas2.jpg?fit=300%2C176&#038;ssl=1\" data-large-file=\"https:\/\/i0.wp.com\/eltrabajo.cl\/portal\/wp-content\/uploads\/2014\/11\/Barricadas2.jpg?fit=529%2C312&#038;ssl=1\" src=\"https:\/\/i0.wp.com\/eltrabajo.cl\/portal\/wp-content\/uploads\/2014\/11\/Barricadas2.jpg?w=338&#038;h=199&#038;ssl=1\" srcset=\"https:\/\/i0.wp.com\/eltrabajo.cl\/portal\/wp-content\/uploads\/2014\/11\/Barricadas2.jpg?w=529&amp;ssl=1 529w, https:\/\/i0.wp.com\/eltrabajo.cl\/portal\/wp-content\/uploads\/2014\/11\/Barricadas2.jpg?resize=200%2C117&amp;ssl=1 200w, https:\/\/i0.wp.com\/eltrabajo.cl\/portal\/wp-content\/uploads\/2014\/11\/Barricadas2.jpg?resize=300%2C176&amp;ssl=1 300w, https:\/\/i0.wp.com\/eltrabajo.cl\/portal\/wp-content\/uploads\/2014\/11\/Barricadas2.jpg?resize=150%2C88&amp;ssl=1 150w, https:\/\/i0.wp.com\/eltrabajo.cl\/portal\/wp-content\/uploads\/2014\/11\/Barricadas2.jpg?resize=400%2C235&amp;ssl=1 400w\" width=\"338\" height=\"199\" loading=\"lazy\" data-original-width=\"338\" data-original-height=\"199\" itemprop=\"http:\/\/schema.org\/image\" title=\"Barricadas2\" alt=\"A eso de las 07:40 horas arrib\u00f3 el Alcalde Guillermo Reyes para dialogar con las apoderadas, mientras pasadas las 08:00 horas arrib\u00f3 al lugar el Gobernador Eduardo Le\u00f3n.\" style=\"width: 338px; height: 199px;\" \/> <\/a> <div class=\"tiled-gallery-caption\" itemprop=\"caption description\"> A eso de las 07:40 horas arrib\u00f3 el Alcalde Guillermo Reyes para dialogar con las apoderadas, mientras pasadas las 08:00 horas arrib\u00f3 al lugar el Gobernador Eduardo Le\u00f3n. <\/div> <\/div> <\/div> <!-- close group --> <div class=\"gallery-group images-1\" style=\"width: 298px; height: 203px;\" data-original-width=\"298\" data-original-height=\"203\" > <div class=\"tiled-gallery-item tiled-gallery-item-large\" itemprop=\"associatedMedia\" itemscope itemtype=\"http:\/\/schema.org\/ImageObject\"> <a href=\"https:\/\/eltrabajo.cl\/portal\/vecinas-de-poblacion-hidalgo-levantaron-barricadas\/barricadas3\/\" border=\"0\" itemprop=\"url\"> <meta itemprop=\"width\" content=\"294\"> <meta itemprop=\"height\" content=\"199\"> <img decoding=\"async\" class=\"\" data-attachment-id=\"53698\" data-orig-file=\"https:\/\/eltrabajo.cl\/portal\/wp-content\/uploads\/2014\/11\/Barricadas3.jpg\" data-orig-size=\"529,358\" data-comments-opened=\"1\" data-image-meta=\"{&quot;aperture&quot;:&quot;0&quot;,&quot;credit&quot;:&quot;&quot;,&quot;camera&quot;:&quot;&quot;,&quot;caption&quot;:&quot;&quot;,&quot;created_timestamp&quot;:&quot;0&quot;,&quot;copyright&quot;:&quot;[wopmind]&quot;,&quot;focal_length&quot;:&quot;0&quot;,&quot;iso&quot;:&quot;0&quot;,&quot;shutter_speed&quot;:&quot;0&quot;,&quot;title&quot;:&quot;&quot;,&quot;orientation&quot;:&quot;0&quot;}\" data-image-title=\"Barricadas3\" data-image-description=\"&lt;p&gt;Las apoderadas de la Escuela Alejandrina Carvajal sostuvieron que desde hace bastante tiempo vienen pidiendo una soluci\u00f3n.&lt;\/p&gt; \" data-medium-file=\"https:\/\/i0.wp.com\/eltrabajo.cl\/portal\/wp-content\/uploads\/2014\/11\/Barricadas3.jpg?fit=300%2C203&#038;ssl=1\" data-large-file=\"https:\/\/i0.wp.com\/eltrabajo.cl\/portal\/wp-content\/uploads\/2014\/11\/Barricadas3.jpg?fit=529%2C358&#038;ssl=1\" src=\"https:\/\/i0.wp.com\/eltrabajo.cl\/portal\/wp-content\/uploads\/2014\/11\/Barricadas3.jpg?w=294&#038;h=199&#038;ssl=1\" srcset=\"https:\/\/i0.wp.com\/eltrabajo.cl\/portal\/wp-content\/uploads\/2014\/11\/Barricadas3.jpg?w=529&amp;ssl=1 529w, https:\/\/i0.wp.com\/eltrabajo.cl\/portal\/wp-content\/uploads\/2014\/11\/Barricadas3.jpg?resize=200%2C135&amp;ssl=1 200w, https:\/\/i0.wp.com\/eltrabajo.cl\/portal\/wp-content\/uploads\/2014\/11\/Barricadas3.jpg?resize=300%2C203&amp;ssl=1 300w, https:\/\/i0.wp.com\/eltrabajo.cl\/portal\/wp-content\/uploads\/2014\/11\/Barricadas3.jpg?resize=150%2C101&amp;ssl=1 150w, https:\/\/i0.wp.com\/eltrabajo.cl\/portal\/wp-content\/uploads\/2014\/11\/Barricadas3.jpg?resize=400%2C270&amp;ssl=1 400w\" width=\"294\" height=\"199\" loading=\"lazy\" data-original-width=\"294\" data-original-height=\"199\" itemprop=\"http:\/\/schema.org\/image\" title=\"Barricadas3\" alt=\"Las apoderadas de la Escuela Alejandrina Carvajal sostuvieron que desde hace bastante tiempo vienen pidiendo una soluci\u00f3n.\" style=\"width: 294px; height: 199px;\" \/> <\/a> <div class=\"tiled-gallery-caption\" itemprop=\"caption description\"> Las apoderadas de la Escuela Alejandrina Carvajal sostuvieron que desde hace bastante tiempo vienen pidiendo una soluci\u00f3n. <\/div> <\/div> <\/div> <!-- close group --> <\/div> <!-- close row --> <\/div>\n","protected":false},"excerpt":{"rendered":"<p>PUTAENDO.- Un grupo de m\u00e1s de 15 vecinas de Poblaci\u00f3n Hidalgo y apoderadas de la Escuela Alejandrina Carvajal del sector, levantaron barricadas y se manifestaron ante el clima de inseguridad vial y&#8230;<\/p>\n","protected":false},"author":482,"featured_media":53696,"comment_status":"open","ping_status":"closed","sticky":false,"template":"","format":"standard","meta":{"advanced_seo_description":"","jetpack_seo_html_title":"","jetpack_seo_noindex":false,"_jetpack_memberships_contains_paid_content":false,"footnotes":""},"categories":[15],"tags":[],"class_list":["post-53695","post","type-post","status-publish","format-standard","has-post-thumbnail","hentry","category-comunidad"],"jetpack_featured_media_url":"https:\/\/i0.wp.com\/eltrabajo.cl\/portal\/wp-content\/uploads\/2014\/11\/Barricadas1.jpg?fit=528%2C387&ssl=1","jetpack_sharing_enabled":true,"jetpack_likes_enabled":true,"jetpack-related-posts":[],"_links":{"self":[{"href":"https:\/\/eltrabajo.cl\/portal\/wp-json\/wp\/v2\/posts\/53695","targetHints":{"allow":["GET"]}}],"collection":[{"href":"https:\/\/eltrabajo.cl\/portal\/wp-json\/wp\/v2\/posts"}],"about":[{"href":"https:\/\/eltrabajo.cl\/portal\/wp-json\/wp\/v2\/types\/post"}],"author":[{"embeddable":true,"href":"https:\/\/eltrabajo.cl\/portal\/wp-json\/wp\/v2\/users\/482"}],"replies":[{"embeddable":true,"href":"https:\/\/eltrabajo.cl\/portal\/wp-json\/wp\/v2\/comments?post=53695"}],"version-history":[{"count":0,"href":"https:\/\/eltrabajo.cl\/portal\/wp-json\/wp\/v2\/posts\/53695\/revisions"}],"wp:featuredmedia":[{"embeddable":true,"href":"https:\/\/eltrabajo.cl\/portal\/wp-json\/wp\/v2\/media\/53696"}],"wp:attachment":[{"href":"https:\/\/eltrabajo.cl\/portal\/wp-json\/wp\/v2\/media?parent=53695"}],"wp:term":[{"taxonomy":"category","embeddable":true,"href":"https:\/\/eltrabajo.cl\/portal\/wp-json\/wp\/v2\/categories?post=53695"},{"taxonomy":"post_tag","embeddable":true,"href":"https:\/\/eltrabajo.cl\/portal\/wp-json\/wp\/v2\/tags?post=53695"}],"curies":[{"name":"wp","href":"https:\/\/api.w.org\/{rel}","templated":true}]}}