{"id":53710,"date":"2014-11-28T09:22:25","date_gmt":"2014-11-28T12:22:25","guid":{"rendered":"http:\/\/www.eltrabajo.cl\/portal\/?p=53710"},"modified":"2014-11-28T09:22:25","modified_gmt":"2014-11-28T12:22:25","slug":"auto-liviano-metido-en-canal-tras-choque-con-camioneta","status":"publish","type":"post","link":"https:\/\/eltrabajo.cl\/portal\/auto-liviano-metido-en-canal-tras-choque-con-camioneta\/","title":{"rendered":"Auto liviano metido en canal tras choque con camioneta"},"content":{"rendered":"<figure id=\"attachment_53711\" aria-describedby=\"caption-attachment-53711\" style=\"width: 528px\" class=\"wp-caption alignnone\"><a href=\"https:\/\/i0.wp.com\/www.eltrabajo.cl\/portal\/wp-content\/uploads\/2014\/11\/Choque1.jpg\"><img data-recalc-dims=\"1\" loading=\"lazy\" decoding=\"async\" class=\"size-full wp-image-53711\" src=\"https:\/\/i0.wp.com\/www.eltrabajo.cl\/portal\/wp-content\/uploads\/2014\/11\/Choque1.jpg?resize=528%2C401\" alt=\"CASI CASI.- As\u00ed qued\u00f3 el peque\u00f1o veh\u00edculo tras el choque ayer en la tarde entre Toro Mazote y Chacabuco. No hubo heridos.\" width=\"528\" height=\"401\" srcset=\"https:\/\/i0.wp.com\/eltrabajo.cl\/portal\/wp-content\/uploads\/2014\/11\/Choque1.jpg?w=528&amp;ssl=1 528w, https:\/\/i0.wp.com\/eltrabajo.cl\/portal\/wp-content\/uploads\/2014\/11\/Choque1.jpg?resize=197%2C150&amp;ssl=1 197w, https:\/\/i0.wp.com\/eltrabajo.cl\/portal\/wp-content\/uploads\/2014\/11\/Choque1.jpg?resize=300%2C227&amp;ssl=1 300w, https:\/\/i0.wp.com\/eltrabajo.cl\/portal\/wp-content\/uploads\/2014\/11\/Choque1.jpg?resize=150%2C113&amp;ssl=1 150w, https:\/\/i0.wp.com\/eltrabajo.cl\/portal\/wp-content\/uploads\/2014\/11\/Choque1.jpg?resize=400%2C303&amp;ssl=1 400w\" sizes=\"auto, (max-width: 528px) 100vw, 528px\" \/><\/a><figcaption id=\"caption-attachment-53711\" class=\"wp-caption-text\">CASI CASI.- As\u00ed qued\u00f3 el peque\u00f1o veh\u00edculo tras el choque ayer en la tarde entre Toro Mazote y Chacabuco. No hubo heridos.<\/figcaption><\/figure>\n<p>El auto liviano Chevrolet patente CF HT 15 que se movilizaba por Avenida Chacabuco la tarde de ayer jueves, fue colisionado fuertemente por la camioneta Mitsubishi patente DX CD 53, quien ven\u00eda por Calle Toro Mazote y colisionando en la esquina, quedando el primero a ra\u00edz del golpe incrustado en pleno canal de la alameda.<\/p>\n<figure id=\"attachment_53712\" aria-describedby=\"caption-attachment-53712\" style=\"width: 400px\" class=\"wp-caption alignright\"><a href=\"https:\/\/i0.wp.com\/www.eltrabajo.cl\/portal\/wp-content\/uploads\/2014\/11\/choque2.jpg\"><img data-recalc-dims=\"1\" loading=\"lazy\" decoding=\"async\" class=\"wp-image-53712\" src=\"https:\/\/i0.wp.com\/www.eltrabajo.cl\/portal\/wp-content\/uploads\/2014\/11\/choque2.jpg?resize=400%2C247\" alt=\"NI UN RASGU\u00d1O.- Esta camioneta es la que colision\u00f3 con el auto menor, la Siat ser\u00e1 quien determine responsabilidades.\" width=\"400\" height=\"247\" srcset=\"https:\/\/i0.wp.com\/eltrabajo.cl\/portal\/wp-content\/uploads\/2014\/11\/choque2.jpg?w=528&amp;ssl=1 528w, https:\/\/i0.wp.com\/eltrabajo.cl\/portal\/wp-content\/uploads\/2014\/11\/choque2.jpg?resize=200%2C123&amp;ssl=1 200w, https:\/\/i0.wp.com\/eltrabajo.cl\/portal\/wp-content\/uploads\/2014\/11\/choque2.jpg?resize=300%2C185&amp;ssl=1 300w, https:\/\/i0.wp.com\/eltrabajo.cl\/portal\/wp-content\/uploads\/2014\/11\/choque2.jpg?resize=150%2C92&amp;ssl=1 150w, https:\/\/i0.wp.com\/eltrabajo.cl\/portal\/wp-content\/uploads\/2014\/11\/choque2.jpg?resize=400%2C246&amp;ssl=1 400w\" sizes=\"auto, (max-width: 400px) 100vw, 400px\" \/><\/a><figcaption id=\"caption-attachment-53712\" class=\"wp-caption-text\">NI UN RASGU\u00d1O.- Esta camioneta es la que colision\u00f3 con el auto menor, la Siat ser\u00e1 quien determine responsabilidades.<\/figcaption><\/figure>\n<p>Ambos conductores no sufrieron da\u00f1os y ser\u00e1 Carabineros el organismo que determine la responsabilidad en este accidente, pues al haber un sem\u00e1foro en el lugar, la Siat ser\u00e1 quien diga la \u00faltima palabra.<\/p>\n","protected":false},"excerpt":{"rendered":"<p>El auto liviano Chevrolet patente CF HT 15 que se movilizaba por Avenida Chacabuco la tarde de ayer jueves, fue colisionado fuertemente por la camioneta Mitsubishi patente DX CD 53, quien ven\u00eda&#8230;<\/p>\n","protected":false},"author":482,"featured_media":53711,"comment_status":"open","ping_status":"closed","sticky":false,"template":"","format":"standard","meta":{"advanced_seo_description":"","jetpack_seo_html_title":"","jetpack_seo_noindex":false,"_jetpack_memberships_contains_paid_content":false,"footnotes":""},"categories":[21],"tags":[],"class_list":["post-53710","post","type-post","status-publish","format-standard","has-post-thumbnail","hentry","category-policial"],"jetpack_featured_media_url":"https:\/\/i0.wp.com\/eltrabajo.cl\/portal\/wp-content\/uploads\/2014\/11\/Choque1.jpg?fit=528%2C401&ssl=1","jetpack_sharing_enabled":true,"jetpack_likes_enabled":true,"jetpack-related-posts":[],"_links":{"self":[{"href":"https:\/\/eltrabajo.cl\/portal\/wp-json\/wp\/v2\/posts\/53710","targetHints":{"allow":["GET"]}}],"collection":[{"href":"https:\/\/eltrabajo.cl\/portal\/wp-json\/wp\/v2\/posts"}],"about":[{"href":"https:\/\/eltrabajo.cl\/portal\/wp-json\/wp\/v2\/types\/post"}],"author":[{"embeddable":true,"href":"https:\/\/eltrabajo.cl\/portal\/wp-json\/wp\/v2\/users\/482"}],"replies":[{"embeddable":true,"href":"https:\/\/eltrabajo.cl\/portal\/wp-json\/wp\/v2\/comments?post=53710"}],"version-history":[{"count":0,"href":"https:\/\/eltrabajo.cl\/portal\/wp-json\/wp\/v2\/posts\/53710\/revisions"}],"wp:featuredmedia":[{"embeddable":true,"href":"https:\/\/eltrabajo.cl\/portal\/wp-json\/wp\/v2\/media\/53711"}],"wp:attachment":[{"href":"https:\/\/eltrabajo.cl\/portal\/wp-json\/wp\/v2\/media?parent=53710"}],"wp:term":[{"taxonomy":"category","embeddable":true,"href":"https:\/\/eltrabajo.cl\/portal\/wp-json\/wp\/v2\/categories?post=53710"},{"taxonomy":"post_tag","embeddable":true,"href":"https:\/\/eltrabajo.cl\/portal\/wp-json\/wp\/v2\/tags?post=53710"}],"curies":[{"name":"wp","href":"https:\/\/api.w.org\/{rel}","templated":true}]}}