{"id":53714,"date":"2014-11-28T09:23:31","date_gmt":"2014-11-28T12:23:31","guid":{"rendered":"http:\/\/www.eltrabajo.cl\/portal\/?p=53714"},"modified":"2014-11-28T09:23:31","modified_gmt":"2014-11-28T12:23:31","slug":"buscan-a-nina-de-14-anos-que-desaparecio-sin-dejar-rastros","status":"publish","type":"post","link":"https:\/\/eltrabajo.cl\/portal\/buscan-a-nina-de-14-anos-que-desaparecio-sin-dejar-rastros\/","title":{"rendered":"Buscan a ni\u00f1a de 14 a\u00f1os que desapareci\u00f3 sin dejar rastros"},"content":{"rendered":"<figure id=\"attachment_53715\" aria-describedby=\"caption-attachment-53715\" style=\"width: 300px\" class=\"wp-caption alignleft\"><a href=\"https:\/\/i0.wp.com\/www.eltrabajo.cl\/portal\/wp-content\/uploads\/2014\/11\/desaparecida.jpg\"><img data-recalc-dims=\"1\" loading=\"lazy\" decoding=\"async\" class=\"wp-image-53715 size-medium\" src=\"https:\/\/i0.wp.com\/www.eltrabajo.cl\/portal\/wp-content\/uploads\/2014\/11\/desaparecida-300x293.jpg?resize=300%2C293\" alt=\"Meybol Vega Cort\u00e9z de catorce a\u00f1os, desapareci\u00f3 el pasado mi\u00e9rcoles desde su vivienda en Poblaci\u00f3n Aguas Claras de San Felipe.\" width=\"300\" height=\"293\" srcset=\"https:\/\/i0.wp.com\/eltrabajo.cl\/portal\/wp-content\/uploads\/2014\/11\/desaparecida.jpg?resize=300%2C293&amp;ssl=1 300w, https:\/\/i0.wp.com\/eltrabajo.cl\/portal\/wp-content\/uploads\/2014\/11\/desaparecida.jpg?resize=153%2C150&amp;ssl=1 153w, https:\/\/i0.wp.com\/eltrabajo.cl\/portal\/wp-content\/uploads\/2014\/11\/desaparecida.jpg?resize=150%2C146&amp;ssl=1 150w, https:\/\/i0.wp.com\/eltrabajo.cl\/portal\/wp-content\/uploads\/2014\/11\/desaparecida.jpg?resize=400%2C390&amp;ssl=1 400w, https:\/\/i0.wp.com\/eltrabajo.cl\/portal\/wp-content\/uploads\/2014\/11\/desaparecida.jpg?w=529&amp;ssl=1 529w\" sizes=\"auto, (max-width: 300px) 100vw, 300px\" \/><\/a><figcaption id=\"caption-attachment-53715\" class=\"wp-caption-text\">Meybol Vega Cort\u00e9z de catorce a\u00f1os, desapareci\u00f3 el pasado mi\u00e9rcoles desde su vivienda en Poblaci\u00f3n Aguas Claras de San Felipe.<\/figcaption><\/figure>\n<p>Un desesperado llamado a quien pueda entregar cualquier tipo de informaci\u00f3n, claman los familiares de Meybol Vega Cort\u00e9z de catorce a\u00f1os de edad, quien en extra\u00f1as circunstancias abandon\u00f3 su hogar en Poblaci\u00f3n Aguas Claras de San Felipe el pasado mi\u00e9rcoles a eso de las 17:00 horas. Seg\u00fan la familia de Meybol, la noche anterior a su desaparici\u00f3n estuvo conectada a su computador por largas horas, por lo que se presume que habr\u00eda contactado a una persona para reunirse y que la haya inducido a abandonar la vivienda toda vez que tom\u00f3 algunas prendas de vestir en su mochila sin contar con dinero.<br \/>\nMyriam Gonz\u00e1lez, abuela de la menor indic\u00f3 a Diario El Trabajo que su nieta era una ni\u00f1a muy tranquila y hab\u00eda terminado de buena forma su per\u00edodo escolar. Agreg\u00f3 que ambas ten\u00edan una buena relaci\u00f3n ya que conviven juntas en su domicilio en Poblaci\u00f3n Aguas Claras de San Felipe.<br \/>\nLa familia de Meybol est\u00e1 devastada y muy preocupada por el paradero de la menor, por lo que han pegado afiches por las calles de San Felipe obteniendo informaci\u00f3n a trav\u00e9s de sus amistades por las redes sociales. La denuncia por presunta desgracia se formul\u00f3 ante Carabineros y la Fiscal\u00eda de San Felipe reiterando el llamado a la comunidad a quien pueda entregar informaci\u00f3n al tel\u00e9fono 78202948.<br \/>\nPablo Salinas Sald\u00edas<\/p>\n","protected":false},"excerpt":{"rendered":"<p>Un desesperado llamado a quien pueda entregar cualquier tipo de informaci\u00f3n, claman los familiares de Meybol Vega Cort\u00e9z de catorce a\u00f1os de edad, quien en extra\u00f1as circunstancias abandon\u00f3 su hogar en Poblaci\u00f3n&#8230;<\/p>\n","protected":false},"author":482,"featured_media":53715,"comment_status":"open","ping_status":"closed","sticky":false,"template":"","format":"standard","meta":{"advanced_seo_description":"","jetpack_seo_html_title":"","jetpack_seo_noindex":false,"_jetpack_memberships_contains_paid_content":false,"footnotes":""},"categories":[21],"tags":[],"class_list":["post-53714","post","type-post","status-publish","format-standard","has-post-thumbnail","hentry","category-policial"],"jetpack_featured_media_url":"https:\/\/i0.wp.com\/eltrabajo.cl\/portal\/wp-content\/uploads\/2014\/11\/desaparecida.jpg?fit=529%2C517&ssl=1","jetpack_sharing_enabled":true,"jetpack_likes_enabled":true,"jetpack-related-posts":[],"_links":{"self":[{"href":"https:\/\/eltrabajo.cl\/portal\/wp-json\/wp\/v2\/posts\/53714","targetHints":{"allow":["GET"]}}],"collection":[{"href":"https:\/\/eltrabajo.cl\/portal\/wp-json\/wp\/v2\/posts"}],"about":[{"href":"https:\/\/eltrabajo.cl\/portal\/wp-json\/wp\/v2\/types\/post"}],"author":[{"embeddable":true,"href":"https:\/\/eltrabajo.cl\/portal\/wp-json\/wp\/v2\/users\/482"}],"replies":[{"embeddable":true,"href":"https:\/\/eltrabajo.cl\/portal\/wp-json\/wp\/v2\/comments?post=53714"}],"version-history":[{"count":0,"href":"https:\/\/eltrabajo.cl\/portal\/wp-json\/wp\/v2\/posts\/53714\/revisions"}],"wp:featuredmedia":[{"embeddable":true,"href":"https:\/\/eltrabajo.cl\/portal\/wp-json\/wp\/v2\/media\/53715"}],"wp:attachment":[{"href":"https:\/\/eltrabajo.cl\/portal\/wp-json\/wp\/v2\/media?parent=53714"}],"wp:term":[{"taxonomy":"category","embeddable":true,"href":"https:\/\/eltrabajo.cl\/portal\/wp-json\/wp\/v2\/categories?post=53714"},{"taxonomy":"post_tag","embeddable":true,"href":"https:\/\/eltrabajo.cl\/portal\/wp-json\/wp\/v2\/tags?post=53714"}],"curies":[{"name":"wp","href":"https:\/\/api.w.org\/{rel}","templated":true}]}}