{"id":53717,"date":"2014-11-28T09:29:39","date_gmt":"2014-11-28T12:29:39","guid":{"rendered":"http:\/\/www.eltrabajo.cl\/portal\/?p=53717"},"modified":"2014-11-28T09:29:39","modified_gmt":"2014-11-28T12:29:39","slug":"ejemplar-condena-contra-ex-funcionario-municipal-por-abusador-sexual","status":"publish","type":"post","link":"https:\/\/eltrabajo.cl\/portal\/ejemplar-condena-contra-ex-funcionario-municipal-por-abusador-sexual\/","title":{"rendered":"Ejemplar condena contra ex-funcionario municipal por abusador sexual"},"content":{"rendered":"<figure id=\"attachment_53718\" aria-describedby=\"caption-attachment-53718\" style=\"width: 226px\" class=\"wp-caption alignleft\"><a href=\"https:\/\/i0.wp.com\/www.eltrabajo.cl\/portal\/wp-content\/uploads\/2014\/11\/Fiscal-Daniela-Quevedo.jpg\"><img data-recalc-dims=\"1\" loading=\"lazy\" decoding=\"async\" class=\"wp-image-53718 size-medium\" src=\"https:\/\/i0.wp.com\/www.eltrabajo.cl\/portal\/wp-content\/uploads\/2014\/11\/Fiscal-Daniela-Quevedo-226x300.jpg?resize=226%2C300\" alt=\"La Fiscal Daniela Quevedo del Ministerio P\u00fablico de San Felipe.\" width=\"226\" height=\"300\" srcset=\"https:\/\/i0.wp.com\/eltrabajo.cl\/portal\/wp-content\/uploads\/2014\/11\/Fiscal-Daniela-Quevedo.jpg?resize=226%2C300&amp;ssl=1 226w, https:\/\/i0.wp.com\/eltrabajo.cl\/portal\/wp-content\/uploads\/2014\/11\/Fiscal-Daniela-Quevedo.jpg?resize=113%2C150&amp;ssl=1 113w, https:\/\/i0.wp.com\/eltrabajo.cl\/portal\/wp-content\/uploads\/2014\/11\/Fiscal-Daniela-Quevedo.jpg?resize=400%2C530&amp;ssl=1 400w, https:\/\/i0.wp.com\/eltrabajo.cl\/portal\/wp-content\/uploads\/2014\/11\/Fiscal-Daniela-Quevedo.jpg?w=529&amp;ssl=1 529w\" sizes=\"auto, (max-width: 226px) 100vw, 226px\" \/><\/a><figcaption id=\"caption-attachment-53718\" class=\"wp-caption-text\">La Fiscal Daniela Quevedo del Ministerio P\u00fablico de San Felipe.<\/figcaption><\/figure>\n<p>De acuerdo a las investigaciones que encabez\u00f3 la Fiscal\u00eda de San Felipe, se logr\u00f3 acreditar a trav\u00e9s de pruebas periciales y los importantes testimonios de dos v\u00edctimas, que Eugenio Gabriel Silva Molina de 52 a\u00f1os es culpable de dos delitos de Abuso Sexual Reiterado contra dos menores cinco y ocho a\u00f1os de edad, por lo que el Tribunal Oral en Lo Penal de San Felipe lo conden\u00f3 a la pena de doce a\u00f1os y seis meses.<br \/>\nDurante un juicio oral la fiscal especializada en Delitos Sexuales, Daniela Quevedo Henr\u00edquez, acus\u00f3 a Silva Molina, quien se desempe\u00f1aba como funcionario municipal, de los reiterados abusos cometidos desde el a\u00f1o 2008 al 2012, cuando el condenado trasladaba a un ni\u00f1o y una ni\u00f1a, quienes son sobrinos de su ex-pareja hasta una parcela en el sector de Cerrillos en Catemu, para realizarle tocaciones de \u00edndole sexual en sus partes \u00edntimas.<br \/>\nEstas aberraciones se fueron reiterando por cuatro a\u00f1os, donde los ni\u00f1os amenazados tem\u00edan revelar lo sucedido a sus padres tras la cercan\u00eda que manten\u00edan con este individuo, ya que manten\u00eda una relaci\u00f3n sentimental con un familiar cercano.<\/p>\n<figure id=\"attachment_53719\" aria-describedby=\"caption-attachment-53719\" style=\"width: 300px\" class=\"wp-caption alignright\"><a href=\"https:\/\/i0.wp.com\/www.eltrabajo.cl\/portal\/wp-content\/uploads\/2014\/11\/NI%C3%91OS.jpg\"><img data-recalc-dims=\"1\" loading=\"lazy\" decoding=\"async\" class=\"wp-image-53719 size-medium\" src=\"https:\/\/i0.wp.com\/www.eltrabajo.cl\/portal\/wp-content\/uploads\/2014\/11\/NI%C3%91OS-300x184.jpg?resize=300%2C184\" alt=\"Los ni\u00f1os fueron objeto de las perversiones sexuales de este sujeto durante cuatro a\u00f1os en el sector de Cerrillos al interior de una parcela de Catemu. (Foto Referencial)\" width=\"300\" height=\"184\" srcset=\"https:\/\/i0.wp.com\/eltrabajo.cl\/portal\/wp-content\/uploads\/2014\/11\/NI%C3%91OS.jpg?resize=300%2C184&amp;ssl=1 300w, https:\/\/i0.wp.com\/eltrabajo.cl\/portal\/wp-content\/uploads\/2014\/11\/NI%C3%91OS.jpg?resize=200%2C122&amp;ssl=1 200w, https:\/\/i0.wp.com\/eltrabajo.cl\/portal\/wp-content\/uploads\/2014\/11\/NI%C3%91OS.jpg?resize=150%2C92&amp;ssl=1 150w, https:\/\/i0.wp.com\/eltrabajo.cl\/portal\/wp-content\/uploads\/2014\/11\/NI%C3%91OS.jpg?resize=400%2C245&amp;ssl=1 400w, https:\/\/i0.wp.com\/eltrabajo.cl\/portal\/wp-content\/uploads\/2014\/11\/NI%C3%91OS.jpg?w=529&amp;ssl=1 529w\" sizes=\"auto, (max-width: 300px) 100vw, 300px\" \/><\/a><figcaption id=\"caption-attachment-53719\" class=\"wp-caption-text\">Los ni\u00f1os fueron objeto de las perversiones sexuales de este sujeto durante cuatro a\u00f1os en el sector de Cerrillos al interior de una parcela de Catemu. (Foto Referencial)<\/figcaption><\/figure>\n<p>La Fiscal Daniela Quevedo indic\u00f3 a Diario El Trabajo que el Ministerio P\u00fablico manten\u00eda antecedentes de un episodio de violaci\u00f3n hacia la menor de estos hechos, cuyas pruebas no fueron consideradas por el tribunal tras no lograr acreditarse en un 100% su participaci\u00f3n.<br \/>\n<strong>POR FIN HABLAN<\/strong><br \/>\nSin embargo, luego de muchos a\u00f1os de las vejaciones cometidas por Eugenio Silva, los menores con el tiempo delataron a su agresor, relatando a la Polic\u00eda los escabrosos episodios, los cuales fueron v\u00edctimas de agresiones sexuales logrando en el mes de abril pasado ser procesado por la fiscal\u00eda, que requiri\u00f3 la cautelar de Prisi\u00f3n Preventiva por representar un peligro para los ni\u00f1os y el resto de la sociedad, solicitud que fue concedida por el Juzgado de Garant\u00eda de San Felipe.<br \/>\nLuego de siete meses de permanecer en la c\u00e1rcel como imputado, Eugenio Silva Molina fue sometido a juicio en el Tribunal Oral en Lo Penal de San Felipe, donde se debatieron los informes del perito del Servicio M\u00e9dico Legal, perito psicol\u00f3gicos, personal de la Brigada de Delitos Sexuales de la Polic\u00eda de Investigaciones y el importante testimonio de los ni\u00f1os abusados, que lograron poner tras las rejas a este abusador.<br \/>\n\u201cSe logr\u00f3 acreditar que este sujeto realiz\u00f3 tocaciones en las partes \u00edntimas de un ni\u00f1o y una ni\u00f1a en varias oportunidades al interior de una vivienda en el sector de Cerrillos de la comuna de Catemu. Nosotros tambi\u00e9n hab\u00edamos acusado por Violaci\u00f3n en contra de la ni\u00f1a, pero no se dio por acreditada la participaci\u00f3n del imputado, quien se desempe\u00f1aba en la Municipalidad de Catemu. Se condena por Abuso Sexual a menor de catorce a\u00f1os reiterado hacia dos v\u00edctimas, estamos conformes con la condena y todo el trabajo realizado a favor de las v\u00edctimas\u201d, sostuvo Quevedo.<br \/>\nPablo Salinas Sald\u00edas<\/p>\n","protected":false},"excerpt":{"rendered":"<p>De acuerdo a las investigaciones que encabez\u00f3 la Fiscal\u00eda de San Felipe, se logr\u00f3 acreditar a trav\u00e9s de pruebas periciales y los importantes testimonios de dos v\u00edctimas, que Eugenio Gabriel Silva Molina&#8230;<\/p>\n","protected":false},"author":482,"featured_media":53718,"comment_status":"open","ping_status":"closed","sticky":false,"template":"","format":"standard","meta":{"advanced_seo_description":"","jetpack_seo_html_title":"","jetpack_seo_noindex":false,"_jetpack_memberships_contains_paid_content":false,"footnotes":""},"categories":[21],"tags":[],"class_list":["post-53717","post","type-post","status-publish","format-standard","has-post-thumbnail","hentry","category-policial"],"jetpack_featured_media_url":"https:\/\/i0.wp.com\/eltrabajo.cl\/portal\/wp-content\/uploads\/2014\/11\/Fiscal-Daniela-Quevedo.jpg?fit=529%2C701&ssl=1","jetpack_sharing_enabled":true,"jetpack_likes_enabled":true,"jetpack-related-posts":[],"_links":{"self":[{"href":"https:\/\/eltrabajo.cl\/portal\/wp-json\/wp\/v2\/posts\/53717","targetHints":{"allow":["GET"]}}],"collection":[{"href":"https:\/\/eltrabajo.cl\/portal\/wp-json\/wp\/v2\/posts"}],"about":[{"href":"https:\/\/eltrabajo.cl\/portal\/wp-json\/wp\/v2\/types\/post"}],"author":[{"embeddable":true,"href":"https:\/\/eltrabajo.cl\/portal\/wp-json\/wp\/v2\/users\/482"}],"replies":[{"embeddable":true,"href":"https:\/\/eltrabajo.cl\/portal\/wp-json\/wp\/v2\/comments?post=53717"}],"version-history":[{"count":0,"href":"https:\/\/eltrabajo.cl\/portal\/wp-json\/wp\/v2\/posts\/53717\/revisions"}],"wp:featuredmedia":[{"embeddable":true,"href":"https:\/\/eltrabajo.cl\/portal\/wp-json\/wp\/v2\/media\/53718"}],"wp:attachment":[{"href":"https:\/\/eltrabajo.cl\/portal\/wp-json\/wp\/v2\/media?parent=53717"}],"wp:term":[{"taxonomy":"category","embeddable":true,"href":"https:\/\/eltrabajo.cl\/portal\/wp-json\/wp\/v2\/categories?post=53717"},{"taxonomy":"post_tag","embeddable":true,"href":"https:\/\/eltrabajo.cl\/portal\/wp-json\/wp\/v2\/tags?post=53717"}],"curies":[{"name":"wp","href":"https:\/\/api.w.org\/{rel}","templated":true}]}}