{"id":53729,"date":"2014-12-01T09:32:33","date_gmt":"2014-12-01T12:32:33","guid":{"rendered":"http:\/\/www.eltrabajo.cl\/portal\/?p=53729"},"modified":"2014-12-01T09:32:33","modified_gmt":"2014-12-01T12:32:33","slug":"centros-de-madres-realizan-exposicion-de-manualidades","status":"publish","type":"post","link":"https:\/\/eltrabajo.cl\/portal\/centros-de-madres-realizan-exposicion-de-manualidades\/","title":{"rendered":"Centros de madres realizan exposici\u00f3n de manualidades"},"content":{"rendered":"<figure id=\"attachment_53730\" aria-describedby=\"caption-attachment-53730\" style=\"width: 528px\" class=\"wp-caption alignnone\"><a href=\"https:\/\/i0.wp.com\/www.eltrabajo.cl\/portal\/wp-content\/uploads\/2014\/12\/Madres1.jpg\"><img data-recalc-dims=\"1\" loading=\"lazy\" decoding=\"async\" class=\"size-full wp-image-53730\" src=\"https:\/\/i0.wp.com\/www.eltrabajo.cl\/portal\/wp-content\/uploads\/2014\/12\/Madres1.jpg?resize=528%2C257\" alt=\"La actividad cultural se realiz\u00f3 en patio de la 1\u00aa Cia. de Bomberos y estuvo marcada por una gran interacci\u00f3n humana.\" width=\"528\" height=\"257\" srcset=\"https:\/\/i0.wp.com\/eltrabajo.cl\/portal\/wp-content\/uploads\/2014\/12\/Madres1.jpg?w=528&amp;ssl=1 528w, https:\/\/i0.wp.com\/eltrabajo.cl\/portal\/wp-content\/uploads\/2014\/12\/Madres1.jpg?resize=200%2C97&amp;ssl=1 200w, https:\/\/i0.wp.com\/eltrabajo.cl\/portal\/wp-content\/uploads\/2014\/12\/Madres1.jpg?resize=300%2C146&amp;ssl=1 300w, https:\/\/i0.wp.com\/eltrabajo.cl\/portal\/wp-content\/uploads\/2014\/12\/Madres1.jpg?resize=150%2C73&amp;ssl=1 150w, https:\/\/i0.wp.com\/eltrabajo.cl\/portal\/wp-content\/uploads\/2014\/12\/Madres1.jpg?resize=400%2C194&amp;ssl=1 400w\" sizes=\"auto, (max-width: 528px) 100vw, 528px\" \/><\/a><figcaption id=\"caption-attachment-53730\" class=\"wp-caption-text\">La actividad cultural se realiz\u00f3 en patio de la 1\u00aa Cia. de Bomberos y estuvo marcada por una gran interacci\u00f3n humana.<\/figcaption><\/figure>\n<p><strong>LLAY LLAY.<\/strong>&#8211; La actividad cultural se realiz\u00f3 en patio de la 1\u00aa Cia. de Bomberos y estuvo marcada por una gran interacci\u00f3n humana, donde participaron los vecinos de la comunidad, las socias e integrantes de los centros y autoridades que visitaron la exposici\u00f3n.<br \/>\nA la entrada del recinto, a la mano izquierda se instal\u00f3 el Centro de madres Rayito de sol, con prendas tejidas a crochet, palillo, bordado en cinta, confecci\u00f3n de manteles, cubrecamas trabajadas a mano y creativos arreglos y cojines. Unas 16 socias integran la instituci\u00f3n de Poblaci\u00f3n Inducor, estando presentes en el momento de esta entrevista Rosemary Segura Morales, Margarita Puebla Aguilera, Magaly D\u00edaz Zamora, Ana Beltr\u00e1n Silva y Zoila Venegas Berr\u00edos, quienes manifestaron estar muy contentas por poder desarrollar este arte y agradecieron el aporte municipal que entrega el Alcalde Mario Marillanca a la Uni\u00f3n Comunal de Centros de Madres, el cu\u00e1l es repartido entre todos los centros equitativamente.<\/p>\n<figure id=\"attachment_53731\" aria-describedby=\"caption-attachment-53731\" style=\"width: 400px\" class=\"wp-caption alignright\"><a href=\"https:\/\/i0.wp.com\/www.eltrabajo.cl\/portal\/wp-content\/uploads\/2014\/12\/Madres2.jpg\"><img data-recalc-dims=\"1\" loading=\"lazy\" decoding=\"async\" class=\"wp-image-53731\" src=\"https:\/\/i0.wp.com\/www.eltrabajo.cl\/portal\/wp-content\/uploads\/2014\/12\/Madres2.jpg?resize=400%2C271\" alt=\"Desde el 26 de marzo de 1971 funciona el Centro de madres, La victoria, de Poblaci\u00f3n Santa Teresa, integran 15 socias.\" width=\"400\" height=\"271\" srcset=\"https:\/\/i0.wp.com\/eltrabajo.cl\/portal\/wp-content\/uploads\/2014\/12\/Madres2.jpg?w=529&amp;ssl=1 529w, https:\/\/i0.wp.com\/eltrabajo.cl\/portal\/wp-content\/uploads\/2014\/12\/Madres2.jpg?resize=200%2C135&amp;ssl=1 200w, https:\/\/i0.wp.com\/eltrabajo.cl\/portal\/wp-content\/uploads\/2014\/12\/Madres2.jpg?resize=300%2C203&amp;ssl=1 300w, https:\/\/i0.wp.com\/eltrabajo.cl\/portal\/wp-content\/uploads\/2014\/12\/Madres2.jpg?resize=150%2C101&amp;ssl=1 150w, https:\/\/i0.wp.com\/eltrabajo.cl\/portal\/wp-content\/uploads\/2014\/12\/Madres2.jpg?resize=400%2C270&amp;ssl=1 400w\" sizes=\"auto, (max-width: 400px) 100vw, 400px\" \/><\/a><figcaption id=\"caption-attachment-53731\" class=\"wp-caption-text\">Desde el 26 de marzo de 1971 funciona el Centro de madres, La victoria, de Poblaci\u00f3n Santa Teresa, integran 15 socias.<\/figcaption><\/figure>\n<p>Una de las organizaciones sociales presentes y quiz\u00e1s la m\u00e1s longeva, es el Centro de madres Juanita Aguirre, de Sector 4, con m\u00e1s de 50 a\u00f1os de vida; las integrantes de la instituci\u00f3n desarrollan habilidades en tejido a crochet y palillo, trabajos de joyer\u00eda y bordado en cinta. Integran este Centro 15 socias, estando presentes Eliana Venegas, Norma Olmos, Albertina Parada, Laura Cisterna y Brunilda Ramos Herrera.<br \/>\nDesde el 26 de marzo de 1971 funciona el Centro de madres, La victoria, de Poblaci\u00f3n Santa Teresa, integran 15 socias, quienes realizan trabajos de tejido a crochet y palillos. Sus integrantes dicen pasarla bien y disfrutar de cada actividad, habiendo rotado los turnos durante el d\u00eda, encontramos por la tarde a Eliana R\u00edos, Fresia Pizarro y Mar\u00eda Morales. El Centro de madres Isabel Riquelme, de Poblaci\u00f3n Juan Cort\u00e9s y el Centro de madres Maravillas del viento, de Poblaci\u00f3n Chorrillos, mostraron una gran gama de prendas tejidas a palillo, crochet y bordado en cinta.<br \/>\nEntre el Centro de madre El para\u00edso, que entreg\u00f3 una propuesta ecol\u00f3gica, confecci\u00f3n de adornos navide\u00f1os con material recuperado reciclable, y el Centro de madres Las rosas, con sus prendas de vestir a crochet; encontramos al Centro Los copihues rojos, con una bien surtida colecci\u00f3n de prendas tejidas para ni\u00f1os.<br \/>\nMientras tanto en la misma fila, Las estrellas de Chile, mostraron una gran variedad de art\u00edculos confeccionados con la t\u00e9cnica capitoni, artesan\u00eda reciclable y restauraci\u00f3n de muebles y bordado en cinta. Dentro del abanico de las organizaciones sociales presentes estaban un grupo de socias independientes, cuyo lugar de reuni\u00f3n es la sede la de la Uni\u00f3n Comunal de Centros de Madres, instituci\u00f3n representada por su m\u00e1xima dirigente, Patricia D\u00edaz.<br \/>\nMarianela Quevedo<\/p>\n","protected":false},"excerpt":{"rendered":"<p>LLAY LLAY.&#8211; La actividad cultural se realiz\u00f3 en patio de la 1\u00aa Cia. de Bomberos y estuvo marcada por una gran interacci\u00f3n humana, donde participaron los vecinos de la comunidad, las socias&#8230;<\/p>\n","protected":false},"author":482,"featured_media":53730,"comment_status":"open","ping_status":"closed","sticky":false,"template":"","format":"standard","meta":{"advanced_seo_description":"","jetpack_seo_html_title":"","jetpack_seo_noindex":false,"_jetpack_memberships_contains_paid_content":false,"footnotes":""},"categories":[15],"tags":[],"class_list":["post-53729","post","type-post","status-publish","format-standard","has-post-thumbnail","hentry","category-comunidad"],"jetpack_featured_media_url":"https:\/\/i0.wp.com\/eltrabajo.cl\/portal\/wp-content\/uploads\/2014\/12\/Madres1.jpg?fit=528%2C257&ssl=1","jetpack_sharing_enabled":true,"jetpack_likes_enabled":true,"jetpack-related-posts":[],"_links":{"self":[{"href":"https:\/\/eltrabajo.cl\/portal\/wp-json\/wp\/v2\/posts\/53729","targetHints":{"allow":["GET"]}}],"collection":[{"href":"https:\/\/eltrabajo.cl\/portal\/wp-json\/wp\/v2\/posts"}],"about":[{"href":"https:\/\/eltrabajo.cl\/portal\/wp-json\/wp\/v2\/types\/post"}],"author":[{"embeddable":true,"href":"https:\/\/eltrabajo.cl\/portal\/wp-json\/wp\/v2\/users\/482"}],"replies":[{"embeddable":true,"href":"https:\/\/eltrabajo.cl\/portal\/wp-json\/wp\/v2\/comments?post=53729"}],"version-history":[{"count":0,"href":"https:\/\/eltrabajo.cl\/portal\/wp-json\/wp\/v2\/posts\/53729\/revisions"}],"wp:featuredmedia":[{"embeddable":true,"href":"https:\/\/eltrabajo.cl\/portal\/wp-json\/wp\/v2\/media\/53730"}],"wp:attachment":[{"href":"https:\/\/eltrabajo.cl\/portal\/wp-json\/wp\/v2\/media?parent=53729"}],"wp:term":[{"taxonomy":"category","embeddable":true,"href":"https:\/\/eltrabajo.cl\/portal\/wp-json\/wp\/v2\/categories?post=53729"},{"taxonomy":"post_tag","embeddable":true,"href":"https:\/\/eltrabajo.cl\/portal\/wp-json\/wp\/v2\/tags?post=53729"}],"curies":[{"name":"wp","href":"https:\/\/api.w.org\/{rel}","templated":true}]}}