{"id":53755,"date":"2014-12-01T09:48:46","date_gmt":"2014-12-01T12:48:46","guid":{"rendered":"http:\/\/www.eltrabajo.cl\/portal\/?p=53755"},"modified":"2014-12-01T09:48:46","modified_gmt":"2014-12-01T12:48:46","slug":"putaendo-recaudo-15-171-825-para-la-teleton","status":"publish","type":"post","link":"https:\/\/eltrabajo.cl\/portal\/putaendo-recaudo-15-171-825-para-la-teleton\/","title":{"rendered":"Putaendo recaud\u00f3 $15.171.825 para la Telet\u00f3n"},"content":{"rendered":"<figure id=\"attachment_53756\" aria-describedby=\"caption-attachment-53756\" style=\"width: 529px\" class=\"wp-caption alignnone\"><a href=\"https:\/\/i0.wp.com\/www.eltrabajo.cl\/portal\/wp-content\/uploads\/2014\/12\/Teleton1.jpg\"><img data-recalc-dims=\"1\" loading=\"lazy\" decoding=\"async\" class=\"size-full wp-image-53756\" src=\"https:\/\/i0.wp.com\/www.eltrabajo.cl\/portal\/wp-content\/uploads\/2014\/12\/Teleton1.jpg?resize=529%2C358\" alt=\"El equipo de la Comisi\u00f3n Telet\u00f3n de Las Coimas, encabezados por Javier Zamora no se detuvo y trabaj\u00f3 en forma ininterrumpida durante las 27 horas de la Telet\u00f3n.\" width=\"529\" height=\"358\" srcset=\"https:\/\/i0.wp.com\/eltrabajo.cl\/portal\/wp-content\/uploads\/2014\/12\/Teleton1.jpg?w=529&amp;ssl=1 529w, https:\/\/i0.wp.com\/eltrabajo.cl\/portal\/wp-content\/uploads\/2014\/12\/Teleton1.jpg?resize=200%2C135&amp;ssl=1 200w, https:\/\/i0.wp.com\/eltrabajo.cl\/portal\/wp-content\/uploads\/2014\/12\/Teleton1.jpg?resize=300%2C203&amp;ssl=1 300w, https:\/\/i0.wp.com\/eltrabajo.cl\/portal\/wp-content\/uploads\/2014\/12\/Teleton1.jpg?resize=150%2C101&amp;ssl=1 150w, https:\/\/i0.wp.com\/eltrabajo.cl\/portal\/wp-content\/uploads\/2014\/12\/Teleton1.jpg?resize=400%2C270&amp;ssl=1 400w\" sizes=\"auto, (max-width: 529px) 100vw, 529px\" \/><\/a><figcaption id=\"caption-attachment-53756\" class=\"wp-caption-text\">El equipo de la Comisi\u00f3n Telet\u00f3n de Las Coimas, encabezados por Javier Zamora no se detuvo y trabaj\u00f3 en forma ininterrumpida durante las 27 horas de la Telet\u00f3n.<\/figcaption><\/figure>\n<p><strong>PUTAENDO<\/strong>.- Los putaendinos recaudaron en total la importante suma de $15.171.825 para los ni\u00f1os de la Telet\u00f3n. Si bien es cierto, no se logr\u00f3 superar la meta del a\u00f1o 2012, que ascendi\u00f3 a la suma de $17.109.034, de todas formas el monto alcanzado fue considerado exitoso por parte de todos quienes trabajaron en la organizaci\u00f3n de la Telet\u00f3n en Putaendo.<br \/>\nEn la plaza de Putaendo la noche del viernes, con la presentaci\u00f3n de varios artistas locales, entre los que se encontraban instructores de zumba, Sahara Danza, el Grupo Folcl\u00f3rico Los Carmelitos de Rinconada de Silva, el Grupo Amigos con Derechos y el Grupo Folcl\u00f3rico San Antonio de Putaendo, se dio inicio a una marat\u00f3nica jornada que se extendi\u00f3 hasta altas horas de la madrugada.<\/p>\n<figure id=\"attachment_53757\" aria-describedby=\"caption-attachment-53757\" style=\"width: 400px\" class=\"wp-caption alignright\"><a href=\"https:\/\/i0.wp.com\/www.eltrabajo.cl\/portal\/wp-content\/uploads\/2014\/12\/Teleton2.jpg\"><img data-recalc-dims=\"1\" loading=\"lazy\" decoding=\"async\" class=\"wp-image-53757\" src=\"https:\/\/i0.wp.com\/www.eltrabajo.cl\/portal\/wp-content\/uploads\/2014\/12\/Teleton2.jpg?resize=400%2C271\" alt=\"Durante el s\u00e1bado, muchas personas llegaron hasta la caja auxiliar de Banco de Chile ubicada en la Municipalidad de Putaendo.\" width=\"400\" height=\"271\" srcset=\"https:\/\/i0.wp.com\/eltrabajo.cl\/portal\/wp-content\/uploads\/2014\/12\/Teleton2.jpg?w=529&amp;ssl=1 529w, https:\/\/i0.wp.com\/eltrabajo.cl\/portal\/wp-content\/uploads\/2014\/12\/Teleton2.jpg?resize=200%2C135&amp;ssl=1 200w, https:\/\/i0.wp.com\/eltrabajo.cl\/portal\/wp-content\/uploads\/2014\/12\/Teleton2.jpg?resize=300%2C203&amp;ssl=1 300w, https:\/\/i0.wp.com\/eltrabajo.cl\/portal\/wp-content\/uploads\/2014\/12\/Teleton2.jpg?resize=150%2C101&amp;ssl=1 150w, https:\/\/i0.wp.com\/eltrabajo.cl\/portal\/wp-content\/uploads\/2014\/12\/Teleton2.jpg?resize=400%2C270&amp;ssl=1 400w\" sizes=\"auto, (max-width: 400px) 100vw, 400px\" \/><\/a><figcaption id=\"caption-attachment-53757\" class=\"wp-caption-text\">Durante el s\u00e1bado, muchas personas llegaron hasta la caja auxiliar de Banco de Chile ubicada en la Municipalidad de Putaendo.<\/figcaption><\/figure>\n<p>Durante el s\u00e1bado, muchas personas llegaron hasta la caja auxiliar de Banco de Chile ubicada en la Municipalidad de Putaendo, donde los funcionarios municipales se turnaron para atender esta caja, en un esfuerzo valorable de todo el personal del municipio. El fr\u00edo y la lluvia no fueron impedimento para que durante todo el d\u00eda llegaran vecinos de distintos sectores de Putaendo a entregar su aporte.<br \/>\nLamentablemente, debido a la lluvia y la humedad que hubo luego en el centro de la comuna, la Municipalidad decidi\u00f3 suspender el show de clausura de la Telet\u00f3n que estaba programado para la noche del s\u00e1bado como una medida de seguridad, ya que estaban contempladas actividades para ni\u00f1os, por lo que trabajar con electricidad en esas condiciones fue considerado riesgoso.<\/p>\n<p><strong>GRANDE LAS COIMAS<\/strong><br \/>\nLo vivido en Las Coimas fue sencillamente espectacular de principio a fin, y vale la pena recordar que este sector comenz\u00f3 a trabajar por la Telet\u00f3n hace varios meses atr\u00e1s. Con un espect\u00e1culo que reuni\u00f3 a muchos artistas, algunos de los cuales incluso no pudieron subir al escenario, parti\u00f3 la gran fiesta en la cancha del Club Deportivo O\u2019Higgins la noche del viernes, la que se extendi\u00f3 durante toda la noche y la madrugada.<br \/>\nEl equipo de la Comisi\u00f3n Telet\u00f3n de Las Coimas, encabezados por Javier Zamora no se detuvo y trabaj\u00f3 en forma ininterrumpida durante las 27 horas de la Telet\u00f3n, a lo que se sum\u00f3 el trabajo de los animadores Nelson \u2018Papudano\u2019 Sagredo y de Julio Aravena. Cuando llov\u00eda intensamente en horas de la tarde del s\u00e1bado, el agua complic\u00f3 a los organizadores, pero no disminuy\u00f3 el \u00e1nimo de los vecinos de Las Coimas, quienes a eso de las 22:10 horas escuchaban el \u00faltimo c\u00f3mputo que ascend\u00eda a la suma de $6.959.343.<br \/>\nLuego de ese emotivo momento donde todos se abrazaron, una interminable caravana de veh\u00edculos se dirigi\u00f3 hasta el centro de Putaendo para entregar su aporte.<br \/>\nEl frontis del municipio y las gradas de la iglesia se repletaron de cientos de vecinos de Las Coimas, quienes felices contagiaban la alegr\u00eda a los pocos vecinos que a esa hora estaban en el centro de la comuna, producto del fr\u00edo.<br \/>\nPara sorpresa de los organizadores de la Telet\u00f3n Las Coimas, el Alcalde Guillermo Reyes y el Concejal Julio Aravena aportaron en conjunto los $41.000 que faltaban para completar los $7.000.000. Una hermosa jornada, en la cual una vez m\u00e1s Putaendo, a pesar de no alcanzar la meta del a\u00f1o 2012, tambi\u00e9n estuvo presente en esta hermosa cruzada de amor.<br \/>\nPatricio Gallardo M.<\/p>\n","protected":false},"excerpt":{"rendered":"<p>PUTAENDO.- Los putaendinos recaudaron en total la importante suma de $15.171.825 para los ni\u00f1os de la Telet\u00f3n. Si bien es cierto, no se logr\u00f3 superar la meta del a\u00f1o 2012, que ascendi\u00f3&#8230;<\/p>\n","protected":false},"author":482,"featured_media":53756,"comment_status":"open","ping_status":"closed","sticky":false,"template":"","format":"standard","meta":{"advanced_seo_description":"","jetpack_seo_html_title":"","jetpack_seo_noindex":false,"_jetpack_memberships_contains_paid_content":false,"footnotes":""},"categories":[15],"tags":[],"class_list":["post-53755","post","type-post","status-publish","format-standard","has-post-thumbnail","hentry","category-comunidad"],"jetpack_featured_media_url":"https:\/\/i0.wp.com\/eltrabajo.cl\/portal\/wp-content\/uploads\/2014\/12\/Teleton1.jpg?fit=529%2C358&ssl=1","jetpack_sharing_enabled":true,"jetpack_likes_enabled":true,"jetpack-related-posts":[],"_links":{"self":[{"href":"https:\/\/eltrabajo.cl\/portal\/wp-json\/wp\/v2\/posts\/53755","targetHints":{"allow":["GET"]}}],"collection":[{"href":"https:\/\/eltrabajo.cl\/portal\/wp-json\/wp\/v2\/posts"}],"about":[{"href":"https:\/\/eltrabajo.cl\/portal\/wp-json\/wp\/v2\/types\/post"}],"author":[{"embeddable":true,"href":"https:\/\/eltrabajo.cl\/portal\/wp-json\/wp\/v2\/users\/482"}],"replies":[{"embeddable":true,"href":"https:\/\/eltrabajo.cl\/portal\/wp-json\/wp\/v2\/comments?post=53755"}],"version-history":[{"count":0,"href":"https:\/\/eltrabajo.cl\/portal\/wp-json\/wp\/v2\/posts\/53755\/revisions"}],"wp:featuredmedia":[{"embeddable":true,"href":"https:\/\/eltrabajo.cl\/portal\/wp-json\/wp\/v2\/media\/53756"}],"wp:attachment":[{"href":"https:\/\/eltrabajo.cl\/portal\/wp-json\/wp\/v2\/media?parent=53755"}],"wp:term":[{"taxonomy":"category","embeddable":true,"href":"https:\/\/eltrabajo.cl\/portal\/wp-json\/wp\/v2\/categories?post=53755"},{"taxonomy":"post_tag","embeddable":true,"href":"https:\/\/eltrabajo.cl\/portal\/wp-json\/wp\/v2\/tags?post=53755"}],"curies":[{"name":"wp","href":"https:\/\/api.w.org\/{rel}","templated":true}]}}