{"id":53759,"date":"2014-12-01T09:52:11","date_gmt":"2014-12-01T12:52:11","guid":{"rendered":"http:\/\/www.eltrabajo.cl\/portal\/?p=53759"},"modified":"2014-12-01T09:52:11","modified_gmt":"2014-12-01T12:52:11","slug":"cuatro-lesionados-deja-colision-entre-auto-y-camioneta","status":"publish","type":"post","link":"https:\/\/eltrabajo.cl\/portal\/cuatro-lesionados-deja-colision-entre-auto-y-camioneta\/","title":{"rendered":"Cuatro lesionados deja colisi\u00f3n entre auto y camioneta"},"content":{"rendered":"<figure id=\"attachment_53760\" aria-describedby=\"caption-attachment-53760\" style=\"width: 528px\" class=\"wp-caption alignnone\"><a href=\"https:\/\/i0.wp.com\/www.eltrabajo.cl\/portal\/wp-content\/uploads\/2014\/12\/Choque1.jpg\"><img data-recalc-dims=\"1\" loading=\"lazy\" decoding=\"async\" class=\"size-full wp-image-53760\" src=\"https:\/\/i0.wp.com\/www.eltrabajo.cl\/portal\/wp-content\/uploads\/2014\/12\/Choque1.jpg?resize=528%2C358\" alt=\"Cuatro personas lesionadas de diversa consideraci\u00f3n, fue el saldo de una colisi\u00f3n entre una camioneta y un autom\u00f3vil particular ocurrida la tarde del s\u00e1bado en el paradero 20 de Calle Larga, frente a Fundo El guindal.\" width=\"528\" height=\"358\" srcset=\"https:\/\/i0.wp.com\/eltrabajo.cl\/portal\/wp-content\/uploads\/2014\/12\/Choque1.jpg?w=528&amp;ssl=1 528w, https:\/\/i0.wp.com\/eltrabajo.cl\/portal\/wp-content\/uploads\/2014\/12\/Choque1.jpg?resize=200%2C135&amp;ssl=1 200w, https:\/\/i0.wp.com\/eltrabajo.cl\/portal\/wp-content\/uploads\/2014\/12\/Choque1.jpg?resize=300%2C203&amp;ssl=1 300w, https:\/\/i0.wp.com\/eltrabajo.cl\/portal\/wp-content\/uploads\/2014\/12\/Choque1.jpg?resize=150%2C101&amp;ssl=1 150w, https:\/\/i0.wp.com\/eltrabajo.cl\/portal\/wp-content\/uploads\/2014\/12\/Choque1.jpg?resize=400%2C271&amp;ssl=1 400w\" sizes=\"auto, (max-width: 528px) 100vw, 528px\" \/><\/a><figcaption id=\"caption-attachment-53760\" class=\"wp-caption-text\">Cuatro personas lesionadas de diversa consideraci\u00f3n, fue el saldo de una colisi\u00f3n entre una camioneta y un autom\u00f3vil particular ocurrida la tarde del s\u00e1bado en el paradero 20 de Calle Larga, frente a Fundo El guindal.<\/figcaption><\/figure>\n<p><strong>CALLE LARGA<\/strong>.-Cuatro personas lesionadas de diversa consideraci\u00f3n, fue el saldo de una colisi\u00f3n entre una camioneta y un autom\u00f3vil particular ocurrida la tarde del s\u00e1bado en el paradero 20 de Calle Larga, frente a Fundo El guindal.<br \/>\nEl accidente ocurri\u00f3 pasadas las 18:00 horas a la altura del paradero 20, frente a Fundo El guindal, cuando un autom\u00f3vil Citroen AX que se desplazaba de norte a sur colision\u00f3 de manera frontal con una camioneta Ssangyong que iba en sentido opuesto.<\/p>\n<figure id=\"attachment_53761\" aria-describedby=\"caption-attachment-53761\" style=\"width: 400px\" class=\"wp-caption alignright\"><a href=\"https:\/\/i0.wp.com\/www.eltrabajo.cl\/portal\/wp-content\/uploads\/2014\/12\/Choque2.jpg\"><img data-recalc-dims=\"1\" loading=\"lazy\" decoding=\"async\" class=\"wp-image-53761\" src=\"https:\/\/i0.wp.com\/www.eltrabajo.cl\/portal\/wp-content\/uploads\/2014\/12\/Choque2.jpg?resize=400%2C271\" alt=\"Los ocupantes del veh\u00edculo menor quedaron atrapados en el interior de la cabina, siendo necesaria la presencia de la Unidad de Rescate del Cuerpo de Bomberos de Los Andes.\" width=\"400\" height=\"271\" srcset=\"https:\/\/i0.wp.com\/eltrabajo.cl\/portal\/wp-content\/uploads\/2014\/12\/Choque2.jpg?w=529&amp;ssl=1 529w, https:\/\/i0.wp.com\/eltrabajo.cl\/portal\/wp-content\/uploads\/2014\/12\/Choque2.jpg?resize=200%2C135&amp;ssl=1 200w, https:\/\/i0.wp.com\/eltrabajo.cl\/portal\/wp-content\/uploads\/2014\/12\/Choque2.jpg?resize=300%2C203&amp;ssl=1 300w, https:\/\/i0.wp.com\/eltrabajo.cl\/portal\/wp-content\/uploads\/2014\/12\/Choque2.jpg?resize=150%2C101&amp;ssl=1 150w, https:\/\/i0.wp.com\/eltrabajo.cl\/portal\/wp-content\/uploads\/2014\/12\/Choque2.jpg?resize=400%2C270&amp;ssl=1 400w\" sizes=\"auto, (max-width: 400px) 100vw, 400px\" \/><\/a><figcaption id=\"caption-attachment-53761\" class=\"wp-caption-text\">Los ocupantes del veh\u00edculo menor quedaron atrapados en el interior de la cabina, siendo necesaria la presencia de la Unidad de Rescate del Cuerpo de Bomberos de Los Andes.<\/figcaption><\/figure>\n<p>A causa de lo anterior, los ocupantes del veh\u00edculo menor quedaron atrapados en el interior de la cabina, siendo necesaria la presencia de la Unidad de Rescate del Cuerpo de Bomberos de Los Andes. Posteriormente fueron entregados a personal del Samu y derivados hasta el Servicio de Urgencia del Hospital San Juan de Dios. Carabineros de la Tenencia de Calle Larga adopt\u00f3 el procedimiento de rigor, estim\u00e1ndose como causa basal de este accidente lo resbaladizo del pavimento debido a la lluvia ca\u00edda que se mezcl\u00f3 con la resina de los moreros que existen en esa zona.<\/p>\n","protected":false},"excerpt":{"rendered":"<p>CALLE LARGA.-Cuatro personas lesionadas de diversa consideraci\u00f3n, fue el saldo de una colisi\u00f3n entre una camioneta y un autom\u00f3vil particular ocurrida la tarde del s\u00e1bado en el paradero 20 de Calle Larga,&#8230;<\/p>\n","protected":false},"author":482,"featured_media":53760,"comment_status":"open","ping_status":"closed","sticky":false,"template":"","format":"standard","meta":{"advanced_seo_description":"","jetpack_seo_html_title":"","jetpack_seo_noindex":false,"_jetpack_memberships_contains_paid_content":false,"footnotes":""},"categories":[21],"tags":[],"class_list":["post-53759","post","type-post","status-publish","format-standard","has-post-thumbnail","hentry","category-policial"],"jetpack_featured_media_url":"https:\/\/i0.wp.com\/eltrabajo.cl\/portal\/wp-content\/uploads\/2014\/12\/Choque1.jpg?fit=528%2C358&ssl=1","jetpack_sharing_enabled":true,"jetpack_likes_enabled":true,"jetpack-related-posts":[],"_links":{"self":[{"href":"https:\/\/eltrabajo.cl\/portal\/wp-json\/wp\/v2\/posts\/53759","targetHints":{"allow":["GET"]}}],"collection":[{"href":"https:\/\/eltrabajo.cl\/portal\/wp-json\/wp\/v2\/posts"}],"about":[{"href":"https:\/\/eltrabajo.cl\/portal\/wp-json\/wp\/v2\/types\/post"}],"author":[{"embeddable":true,"href":"https:\/\/eltrabajo.cl\/portal\/wp-json\/wp\/v2\/users\/482"}],"replies":[{"embeddable":true,"href":"https:\/\/eltrabajo.cl\/portal\/wp-json\/wp\/v2\/comments?post=53759"}],"version-history":[{"count":0,"href":"https:\/\/eltrabajo.cl\/portal\/wp-json\/wp\/v2\/posts\/53759\/revisions"}],"wp:featuredmedia":[{"embeddable":true,"href":"https:\/\/eltrabajo.cl\/portal\/wp-json\/wp\/v2\/media\/53760"}],"wp:attachment":[{"href":"https:\/\/eltrabajo.cl\/portal\/wp-json\/wp\/v2\/media?parent=53759"}],"wp:term":[{"taxonomy":"category","embeddable":true,"href":"https:\/\/eltrabajo.cl\/portal\/wp-json\/wp\/v2\/categories?post=53759"},{"taxonomy":"post_tag","embeddable":true,"href":"https:\/\/eltrabajo.cl\/portal\/wp-json\/wp\/v2\/tags?post=53759"}],"curies":[{"name":"wp","href":"https:\/\/api.w.org\/{rel}","templated":true}]}}