{"id":53763,"date":"2014-12-01T09:55:22","date_gmt":"2014-12-01T12:55:22","guid":{"rendered":"http:\/\/www.eltrabajo.cl\/portal\/?p=53763"},"modified":"2014-12-01T09:55:22","modified_gmt":"2014-12-01T12:55:22","slug":"cabina-de-camion-resulto-quemada-al-interior-en-las-coimas","status":"publish","type":"post","link":"https:\/\/eltrabajo.cl\/portal\/cabina-de-camion-resulto-quemada-al-interior-en-las-coimas\/","title":{"rendered":"Cabina de cami\u00f3n result\u00f3 quemada al interior en Las Coimas"},"content":{"rendered":"<figure id=\"attachment_53764\" aria-describedby=\"caption-attachment-53764\" style=\"width: 529px\" class=\"wp-caption alignnone\"><a href=\"https:\/\/i0.wp.com\/www.eltrabajo.cl\/portal\/wp-content\/uploads\/2014\/12\/Camioneta1.jpg\"><img data-recalc-dims=\"1\" loading=\"lazy\" decoding=\"async\" class=\"size-full wp-image-53764\" src=\"https:\/\/i0.wp.com\/www.eltrabajo.cl\/portal\/wp-content\/uploads\/2014\/12\/Camioneta1.jpg?resize=529%2C305\" alt=\"La cabina de un cami\u00f3n result\u00f3 completamente destruida por el fuego al interior de la F\u00e1brica de Ladrillos de Las Coimas la tarde de este jueves.\" width=\"529\" height=\"305\" srcset=\"https:\/\/i0.wp.com\/eltrabajo.cl\/portal\/wp-content\/uploads\/2014\/12\/Camioneta1.jpg?w=529&amp;ssl=1 529w, https:\/\/i0.wp.com\/eltrabajo.cl\/portal\/wp-content\/uploads\/2014\/12\/Camioneta1.jpg?resize=200%2C115&amp;ssl=1 200w, https:\/\/i0.wp.com\/eltrabajo.cl\/portal\/wp-content\/uploads\/2014\/12\/Camioneta1.jpg?resize=300%2C172&amp;ssl=1 300w, https:\/\/i0.wp.com\/eltrabajo.cl\/portal\/wp-content\/uploads\/2014\/12\/Camioneta1.jpg?resize=150%2C86&amp;ssl=1 150w, https:\/\/i0.wp.com\/eltrabajo.cl\/portal\/wp-content\/uploads\/2014\/12\/Camioneta1.jpg?resize=400%2C230&amp;ssl=1 400w\" sizes=\"auto, (max-width: 529px) 100vw, 529px\" \/><\/a><figcaption id=\"caption-attachment-53764\" class=\"wp-caption-text\">La cabina de un cami\u00f3n result\u00f3 completamente destruida por el fuego al interior de la F\u00e1brica de Ladrillos de Las Coimas la tarde de este jueves.<\/figcaption><\/figure>\n<p><strong>PUTAENDO<\/strong>.- La cabina de un cami\u00f3n result\u00f3 completamente destruida por el fuego al interior de la F\u00e1brica de Ladrillos de Las Coimas la tarde de este jueves, aparentemente debido a un problema el\u00e9ctrico. El hecho ocurri\u00f3 pasadas las 18:30 horas de este jueves en la f\u00e1brica de ladrillos de Las Coimas, cuando mientras se realizaban labores con normalidad, de pronto comenz\u00f3 a incendiarse la cabina de uno de los camiones, ante lo cual r\u00e1pidamente los trabajadores intentaron apagarla y al ver que el fuego se expand\u00eda al interior del veh\u00edculo de carga, decidieron dar aviso inmediato a Bomberos de Putaendo.<\/p>\n<figure id=\"attachment_53765\" aria-describedby=\"caption-attachment-53765\" style=\"width: 400px\" class=\"wp-caption alignright\"><a href=\"https:\/\/i0.wp.com\/www.eltrabajo.cl\/portal\/wp-content\/uploads\/2014\/12\/Camioneta2.jpg\"><img data-recalc-dims=\"1\" loading=\"lazy\" decoding=\"async\" class=\"wp-image-53765\" src=\"https:\/\/i0.wp.com\/www.eltrabajo.cl\/portal\/wp-content\/uploads\/2014\/12\/Camioneta2.jpg?resize=400%2C231\" alt=\"Al llegar al lugar, Bomberos se encontr\u00f3 con fuego menor y ya controlado casi en su totalidad por los trabajadores y propietarios de la f\u00e1brica de ladrillos.\" width=\"400\" height=\"231\" srcset=\"https:\/\/i0.wp.com\/eltrabajo.cl\/portal\/wp-content\/uploads\/2014\/12\/Camioneta2.jpg?w=529&amp;ssl=1 529w, https:\/\/i0.wp.com\/eltrabajo.cl\/portal\/wp-content\/uploads\/2014\/12\/Camioneta2.jpg?resize=200%2C115&amp;ssl=1 200w, https:\/\/i0.wp.com\/eltrabajo.cl\/portal\/wp-content\/uploads\/2014\/12\/Camioneta2.jpg?resize=300%2C172&amp;ssl=1 300w, https:\/\/i0.wp.com\/eltrabajo.cl\/portal\/wp-content\/uploads\/2014\/12\/Camioneta2.jpg?resize=150%2C86&amp;ssl=1 150w, https:\/\/i0.wp.com\/eltrabajo.cl\/portal\/wp-content\/uploads\/2014\/12\/Camioneta2.jpg?resize=400%2C230&amp;ssl=1 400w\" sizes=\"auto, (max-width: 400px) 100vw, 400px\" \/><\/a><figcaption id=\"caption-attachment-53765\" class=\"wp-caption-text\">Al llegar al lugar, Bomberos se encontr\u00f3 con fuego menor y ya controlado casi en su totalidad por los trabajadores y propietarios de la f\u00e1brica de ladrillos.<\/figcaption><\/figure>\n<p>Al llegar al lugar, Bomberos se encontr\u00f3 con fuego menor y ya controlado casi en su totalidad por los trabajadores y propietarios de la f\u00e1brica de ladrillos, por lo que personal bomberil extingui\u00f3 los \u00faltimos focos de fuego y realiz\u00f3 labores de remojo en la cabina que result\u00f3 totalmente destruida, seg\u00fan explic\u00f3 el 1\u00ba Comandante del Cuerpo de Bomberos de Putaendo, Luis Sep\u00falveda Hidalgo.<br \/>\nSobre el origen de este incendio vehicular, Sep\u00falveda asegur\u00f3 que ser\u00e1 materia de investigaci\u00f3n del Departamento T\u00e9cnico del Cuerpo de Bomberos de Putaendo, aunque una de las hip\u00f3tesis probables es una falla en el sistema el\u00e9ctrico.<br \/>\nPatricio Gallardo M.<\/p>\n","protected":false},"excerpt":{"rendered":"<p>PUTAENDO.- La cabina de un cami\u00f3n result\u00f3 completamente destruida por el fuego al interior de la F\u00e1brica de Ladrillos de Las Coimas la tarde de este jueves, aparentemente debido a un problema&#8230;<\/p>\n","protected":false},"author":482,"featured_media":53764,"comment_status":"open","ping_status":"closed","sticky":false,"template":"","format":"standard","meta":{"advanced_seo_description":"","jetpack_seo_html_title":"","jetpack_seo_noindex":false,"_jetpack_memberships_contains_paid_content":false,"footnotes":""},"categories":[21],"tags":[],"class_list":["post-53763","post","type-post","status-publish","format-standard","has-post-thumbnail","hentry","category-policial"],"jetpack_featured_media_url":"https:\/\/i0.wp.com\/eltrabajo.cl\/portal\/wp-content\/uploads\/2014\/12\/Camioneta1.jpg?fit=529%2C305&ssl=1","jetpack_sharing_enabled":true,"jetpack_likes_enabled":true,"jetpack-related-posts":[],"_links":{"self":[{"href":"https:\/\/eltrabajo.cl\/portal\/wp-json\/wp\/v2\/posts\/53763","targetHints":{"allow":["GET"]}}],"collection":[{"href":"https:\/\/eltrabajo.cl\/portal\/wp-json\/wp\/v2\/posts"}],"about":[{"href":"https:\/\/eltrabajo.cl\/portal\/wp-json\/wp\/v2\/types\/post"}],"author":[{"embeddable":true,"href":"https:\/\/eltrabajo.cl\/portal\/wp-json\/wp\/v2\/users\/482"}],"replies":[{"embeddable":true,"href":"https:\/\/eltrabajo.cl\/portal\/wp-json\/wp\/v2\/comments?post=53763"}],"version-history":[{"count":0,"href":"https:\/\/eltrabajo.cl\/portal\/wp-json\/wp\/v2\/posts\/53763\/revisions"}],"wp:featuredmedia":[{"embeddable":true,"href":"https:\/\/eltrabajo.cl\/portal\/wp-json\/wp\/v2\/media\/53764"}],"wp:attachment":[{"href":"https:\/\/eltrabajo.cl\/portal\/wp-json\/wp\/v2\/media?parent=53763"}],"wp:term":[{"taxonomy":"category","embeddable":true,"href":"https:\/\/eltrabajo.cl\/portal\/wp-json\/wp\/v2\/categories?post=53763"},{"taxonomy":"post_tag","embeddable":true,"href":"https:\/\/eltrabajo.cl\/portal\/wp-json\/wp\/v2\/tags?post=53763"}],"curies":[{"name":"wp","href":"https:\/\/api.w.org\/{rel}","templated":true}]}}