{"id":53767,"date":"2014-12-01T09:56:54","date_gmt":"2014-12-01T12:56:54","guid":{"rendered":"http:\/\/www.eltrabajo.cl\/portal\/?p=53767"},"modified":"2014-12-01T09:56:54","modified_gmt":"2014-12-01T12:56:54","slug":"impacto-causo-muerte-de-nino-de-diez-anos-que-se-suicido","status":"publish","type":"post","link":"https:\/\/eltrabajo.cl\/portal\/impacto-causo-muerte-de-nino-de-diez-anos-que-se-suicido\/","title":{"rendered":"Impacto caus\u00f3 muerte de ni\u00f1o de diez a\u00f1os que se suicid\u00f3"},"content":{"rendered":"<figure id=\"attachment_53768\" aria-describedby=\"caption-attachment-53768\" style=\"width: 400px\" class=\"wp-caption alignleft\"><a href=\"https:\/\/i0.wp.com\/www.eltrabajo.cl\/portal\/wp-content\/uploads\/2014\/12\/porta-joan-rojas-celedon-suicidio.jpg\"><img data-recalc-dims=\"1\" loading=\"lazy\" decoding=\"async\" class=\"wp-image-53768\" src=\"https:\/\/i0.wp.com\/www.eltrabajo.cl\/portal\/wp-content\/uploads\/2014\/12\/porta-joan-rojas-celedon-suicidio-300x246.jpg?resize=400%2C328\" alt=\" Joan Rojas Celed\u00f3n ten\u00eda diez a\u00f1os y viv\u00eda en un departamento de Villa El Totoral de San Felipe junto a dos hermanos peque\u00f1os y su madre.\" width=\"400\" height=\"328\" srcset=\"https:\/\/i0.wp.com\/eltrabajo.cl\/portal\/wp-content\/uploads\/2014\/12\/porta-joan-rojas-celedon-suicidio.jpg?resize=300%2C246&amp;ssl=1 300w, https:\/\/i0.wp.com\/eltrabajo.cl\/portal\/wp-content\/uploads\/2014\/12\/porta-joan-rojas-celedon-suicidio.jpg?resize=182%2C150&amp;ssl=1 182w, https:\/\/i0.wp.com\/eltrabajo.cl\/portal\/wp-content\/uploads\/2014\/12\/porta-joan-rojas-celedon-suicidio.jpg?resize=150%2C123&amp;ssl=1 150w, https:\/\/i0.wp.com\/eltrabajo.cl\/portal\/wp-content\/uploads\/2014\/12\/porta-joan-rojas-celedon-suicidio.jpg?resize=400%2C328&amp;ssl=1 400w, https:\/\/i0.wp.com\/eltrabajo.cl\/portal\/wp-content\/uploads\/2014\/12\/porta-joan-rojas-celedon-suicidio.jpg?w=529&amp;ssl=1 529w\" sizes=\"auto, (max-width: 400px) 100vw, 400px\" \/><\/a><figcaption id=\"caption-attachment-53768\" class=\"wp-caption-text\">Joan Rojas Celed\u00f3n ten\u00eda diez a\u00f1os y viv\u00eda en un departamento de Villa El Totoral de San Felipe junto a dos hermanos peque\u00f1os y su madre.<\/figcaption><\/figure>\n<p>V\u00edctima de un paro cardiorrespiratorio a consecuencia de asfixia por ahorcamiento falleci\u00f3 un menor de diez a\u00f1os identificado como Joan Deyair Rojas Celed\u00f3n, quien por circunstancias que se investigan habr\u00eda decidido acabar con su vida al interior de su departamento en Villa El Totoral de San Felipe el pasado s\u00e1bado cerca de las 14:00 horas.<br \/>\nLa macabra escena fue descubierta por su madre cuando encontr\u00f3 al menor asfixiado con una correa, a\u00fan con signos vitales, aparentemente tras haber sido rega\u00f1ado por una discusi\u00f3n entre su hermano menor de seis a\u00f1os, decidiendo encerrarse en su habitaci\u00f3n y tomar la dr\u00e1stica decisi\u00f3n de ahorcarse.<br \/>\nA los pocos minutos la progenitora, al ingresar a dicha dependencia, observ\u00f3 a su hijo Joan con el v\u00ednculo en su cuello inconsciente, por lo que pidi\u00f3 ayuda entre sus vecinos para trasladarlo en un veh\u00edculo particular hasta el Servicio de Urgencias del Hospital San Camilo.<br \/>\nPese a las reanimaciones por parte de los profesionales de la salud, el menor no logr\u00f3 estabilizarse, falleciendo a los pocos minutos de un paro cardiaco. Tras conocerse la noticia entre sus familiares y m\u00e1s cercanos, se vivieron momentos de profundo pesar ante la angustiosa tragedia.<br \/>\nPor disposici\u00f3n del Fiscal de Turno se orden\u00f3 las diligencias de la Brigada de Homicidios de la Polic\u00eda de Investigaciones de Los Andes para periciar en primera instancia el cuerpo del peque\u00f1o Joan Rojas Celed\u00f3n, cuya investigaci\u00f3n se mantiene en la m\u00e1s absoluta reserva, tendiente a constatar el suicidio.<br \/>\n\u00abEl tema de su muerte est\u00e1 en etapa investigativa a\u00fan, la causa basal de muerte deber\u00e1 determinarla el Servicio M\u00e9dico Legal, estamos recabando m\u00e1s antecedente con los padres para indagar m\u00e1s sobre su muerte, si se trata de un suicidio o un homicidio\u00bb, indic\u00f3 escuetamente a Diario El Trabajo el Subcomisario de Investigaciones, Oscar Meza.<br \/>\nEl cuerpo del peque\u00f1o, alumno del Liceo San Felipe, fue entregado a sus familiares ayer domingo para ser despedido.<br \/>\nPablo Salinas Sald\u00edas<\/p>\n","protected":false},"excerpt":{"rendered":"<p>V\u00edctima de un paro cardiorrespiratorio a consecuencia de asfixia por ahorcamiento falleci\u00f3 un menor de diez a\u00f1os identificado como Joan Deyair Rojas Celed\u00f3n, quien por circunstancias que se investigan habr\u00eda decidido acabar&#8230;<\/p>\n","protected":false},"author":482,"featured_media":53768,"comment_status":"open","ping_status":"closed","sticky":false,"template":"","format":"standard","meta":{"advanced_seo_description":"","jetpack_seo_html_title":"","jetpack_seo_noindex":false,"_jetpack_memberships_contains_paid_content":false,"footnotes":""},"categories":[21],"tags":[],"class_list":["post-53767","post","type-post","status-publish","format-standard","has-post-thumbnail","hentry","category-policial"],"jetpack_featured_media_url":"https:\/\/i0.wp.com\/eltrabajo.cl\/portal\/wp-content\/uploads\/2014\/12\/porta-joan-rojas-celedon-suicidio.jpg?fit=529%2C434&ssl=1","jetpack_sharing_enabled":true,"jetpack_likes_enabled":true,"jetpack-related-posts":[],"_links":{"self":[{"href":"https:\/\/eltrabajo.cl\/portal\/wp-json\/wp\/v2\/posts\/53767","targetHints":{"allow":["GET"]}}],"collection":[{"href":"https:\/\/eltrabajo.cl\/portal\/wp-json\/wp\/v2\/posts"}],"about":[{"href":"https:\/\/eltrabajo.cl\/portal\/wp-json\/wp\/v2\/types\/post"}],"author":[{"embeddable":true,"href":"https:\/\/eltrabajo.cl\/portal\/wp-json\/wp\/v2\/users\/482"}],"replies":[{"embeddable":true,"href":"https:\/\/eltrabajo.cl\/portal\/wp-json\/wp\/v2\/comments?post=53767"}],"version-history":[{"count":0,"href":"https:\/\/eltrabajo.cl\/portal\/wp-json\/wp\/v2\/posts\/53767\/revisions"}],"wp:featuredmedia":[{"embeddable":true,"href":"https:\/\/eltrabajo.cl\/portal\/wp-json\/wp\/v2\/media\/53768"}],"wp:attachment":[{"href":"https:\/\/eltrabajo.cl\/portal\/wp-json\/wp\/v2\/media?parent=53767"}],"wp:term":[{"taxonomy":"category","embeddable":true,"href":"https:\/\/eltrabajo.cl\/portal\/wp-json\/wp\/v2\/categories?post=53767"},{"taxonomy":"post_tag","embeddable":true,"href":"https:\/\/eltrabajo.cl\/portal\/wp-json\/wp\/v2\/tags?post=53767"}],"curies":[{"name":"wp","href":"https:\/\/api.w.org\/{rel}","templated":true}]}}