{"id":53771,"date":"2014-12-02T08:59:23","date_gmt":"2014-12-02T11:59:23","guid":{"rendered":"http:\/\/www.eltrabajo.cl\/portal\/?p=53771"},"modified":"2014-12-02T08:59:23","modified_gmt":"2014-12-02T11:59:23","slug":"rinconada-de-silva-rindio-homenaje-postumo-a-don-aldo-herrera-vargas","status":"publish","type":"post","link":"https:\/\/eltrabajo.cl\/portal\/rinconada-de-silva-rindio-homenaje-postumo-a-don-aldo-herrera-vargas\/","title":{"rendered":"Rinconada de Silva rindi\u00f3 homenaje p\u00f3stumo a Don Aldo Herrera Vargas"},"content":{"rendered":"<figure id=\"attachment_53772\" aria-describedby=\"caption-attachment-53772\" style=\"width: 529px\" class=\"wp-caption alignnone\"><a href=\"https:\/\/i0.wp.com\/www.eltrabajo.cl\/portal\/wp-content\/uploads\/2014\/12\/Aldo1.jpg\"><img data-recalc-dims=\"1\" loading=\"lazy\" decoding=\"async\" class=\"size-full wp-image-53772\" src=\"https:\/\/i0.wp.com\/www.eltrabajo.cl\/portal\/wp-content\/uploads\/2014\/12\/Aldo1.jpg?resize=529%2C315\" alt=\"En un ambiente cargado de emotividad y recuerdos, el Centro de Expresi\u00f3n y Desarrollo Cultural de Rinconada de Silva y la Agrupaci\u00f3n Putaendo Hist\u00f3rico, rindieron un homenaje p\u00f3stumo al recordado titiritero Don Aldo Herrera Vargas.\" width=\"529\" height=\"315\" srcset=\"https:\/\/i0.wp.com\/eltrabajo.cl\/portal\/wp-content\/uploads\/2014\/12\/Aldo1.jpg?w=529&amp;ssl=1 529w, https:\/\/i0.wp.com\/eltrabajo.cl\/portal\/wp-content\/uploads\/2014\/12\/Aldo1.jpg?resize=200%2C119&amp;ssl=1 200w, https:\/\/i0.wp.com\/eltrabajo.cl\/portal\/wp-content\/uploads\/2014\/12\/Aldo1.jpg?resize=300%2C178&amp;ssl=1 300w, https:\/\/i0.wp.com\/eltrabajo.cl\/portal\/wp-content\/uploads\/2014\/12\/Aldo1.jpg?resize=150%2C89&amp;ssl=1 150w, https:\/\/i0.wp.com\/eltrabajo.cl\/portal\/wp-content\/uploads\/2014\/12\/Aldo1.jpg?resize=400%2C238&amp;ssl=1 400w\" sizes=\"auto, (max-width: 529px) 100vw, 529px\" \/><\/a><figcaption id=\"caption-attachment-53772\" class=\"wp-caption-text\">En un ambiente cargado de emotividad y recuerdos, el Centro de Expresi\u00f3n y Desarrollo Cultural de Rinconada de Silva y la Agrupaci\u00f3n Putaendo Hist\u00f3rico, rindieron un homenaje p\u00f3stumo al recordado titiritero Don Aldo Herrera Vargas.<\/figcaption><\/figure>\n<p><strong>PUTAENDO.<\/strong>&#8211; En un ambiente cargado de emotividad y recuerdos, el Centro de Expresi\u00f3n y Desarrollo Cultural de Rinconada de Silva y la Agrupaci\u00f3n Putaendo Hist\u00f3rico, rindieron un homenaje p\u00f3stumo al recordado titiritero Don Aldo Herrera Vargas. El s\u00e1bado a eso de las 19:00 horas en dependencias del Centro Cultural de Rinconada de Silva, se desarroll\u00f3 este acto de homenaje, que cont\u00f3 con la presencia de sus familiares directos, como su hijo Eduardo Herrera Ansaldo, su sobrina y sus nietos Eduardo y Aylin, adem\u00e1s del Concejal Carlos Gallardo, \u00fanica autoridad presente en la actividad; dirigentes de organizaciones culturales y vecinos de Rinconada y Putaendo que se reunieron para brindar un merecido homenaje a Don Aldo Herrera.<br \/>\nEn la ocasi\u00f3n, los presentes dedicaron sentidas palabras al maestro, destacando su humildad, generosidad y la voluntad que ten\u00eda para estar siempre presente cuando se le requer\u00eda, adem\u00e1s de su incansable esp\u00edritu de ense\u00f1ar, que lo llev\u00f3 a recorrer diferentes colegios en el pa\u00eds para educar a trav\u00e9s del teatro, como tantas veces lo se\u00f1al\u00f3.<br \/>\nPosteriormente fue exhibido el que quiz\u00e1s es el \u00fanico registro documental que existe del artista y es el que realiz\u00f3 el joven Luciano Guti\u00e9rrez, que relata la vida de Don Aldo desde una perspectiva \u00edntima, donde da a conocer los anhelos, pensamientos y acciones y la forma \u00fanica que ten\u00eda para trabajar. Luego y gracias a un trabajo de recopilaci\u00f3n, tambi\u00e9n fue ense\u00f1ada una de sus \u00faltimas presentaciones y su compa\u00f1\u00eda de t\u00edteres en Quebrada Herrera.<\/p>\n<figure id=\"attachment_53773\" aria-describedby=\"caption-attachment-53773\" style=\"width: 400px\" class=\"wp-caption alignright\"><a href=\"https:\/\/i0.wp.com\/www.eltrabajo.cl\/portal\/wp-content\/uploads\/2014\/12\/Aldo2.jpg\"><img data-recalc-dims=\"1\" loading=\"lazy\" decoding=\"async\" class=\"wp-image-53773\" src=\"https:\/\/i0.wp.com\/www.eltrabajo.cl\/portal\/wp-content\/uploads\/2014\/12\/Aldo2.jpg?resize=400%2C303\" alt=\"Estos son los t\u00edteres que Don Aldo Herrera fabricaba para el deleite de los putaendinos.\" width=\"400\" height=\"303\" srcset=\"https:\/\/i0.wp.com\/eltrabajo.cl\/portal\/wp-content\/uploads\/2014\/12\/Aldo2.jpg?w=529&amp;ssl=1 529w, https:\/\/i0.wp.com\/eltrabajo.cl\/portal\/wp-content\/uploads\/2014\/12\/Aldo2.jpg?resize=197%2C150&amp;ssl=1 197w, https:\/\/i0.wp.com\/eltrabajo.cl\/portal\/wp-content\/uploads\/2014\/12\/Aldo2.jpg?resize=300%2C227&amp;ssl=1 300w, https:\/\/i0.wp.com\/eltrabajo.cl\/portal\/wp-content\/uploads\/2014\/12\/Aldo2.jpg?resize=150%2C113&amp;ssl=1 150w, https:\/\/i0.wp.com\/eltrabajo.cl\/portal\/wp-content\/uploads\/2014\/12\/Aldo2.jpg?resize=400%2C303&amp;ssl=1 400w\" sizes=\"auto, (max-width: 400px) 100vw, 400px\" \/><\/a><figcaption id=\"caption-attachment-53773\" class=\"wp-caption-text\">Estos son los t\u00edteres que Don Aldo Herrera fabricaba para el deleite de los putaendinos.<\/figcaption><\/figure>\n<p>La poetisa Sara Olgu\u00edn hizo entrega a Eduardo Herrera Ansaldo de un poema enmarcado que va dedicado a Don Aldo Herrera, que fue incluido en la primera antolog\u00eda publicada por la Agrupaci\u00f3n Putaendo Hist\u00f3rico, como una manera de recordar a trav\u00e9s de las letras a este insigne titiritero.<br \/>\nGemma Lepe Echane, Presidenta del Centro de Expresi\u00f3n y Desarrollo Cultural de Rinconada de Silva, destac\u00f3 la realizaci\u00f3n de este homenaje p\u00f3stumo, aunque fue enf\u00e1tica en se\u00f1alar que los grandes de Putaendo deben ser homenajeados en su tierra estando en vida, \u00abYa que hoy no pueden vernos, no pueden escucharnos y estando vivos no recibieron el homenaje que merec\u00edan (&#8230;) Don Aldo nos marc\u00f3 a muchos, somos varios los que recordamos sus entra\u00f1ables funciones del teatro de t\u00edteres y se produce un sentimiento de tristeza, ya que Don Aldo recibi\u00f3 muchos homenajes en otras partes del pa\u00eds e incluso menciones en el extranjero, sin embargo en Putaendo no lo obtuvo (&#8230;) Creo que las organizaciones tenemos esa misi\u00f3n, la de mantener vigente la obra de quienes construyen la historia de Putaendo, ya que el arte rompe cualquier frontera; tanto pol\u00edtica, religiosa, ideol\u00f3gica o de cualquier \u00edndole&#8230; tal vez eso tambi\u00e9n quiso ense\u00f1arnos Don Aldo\u00bb, puntualiz\u00f3.<br \/>\nEn otro \u00e1mbito, la dirigente reconoci\u00f3 la labor que realizan las organizaciones culturales e indic\u00f3 que el municipio debe poner m\u00e1s inter\u00e9s a la cultura en Putaendo y reforzar la labor que realizan las agrupaciones.<br \/>\nEn tanto, Eduardo Herrera Ansaldo, hijo de Don Aldo, se mostr\u00f3 emocionado por este homenaje: \u00abEs bonito saber que la gente a\u00fan se acuerda del \u2018Tata Aldo\u2019, \u00e9l se esforz\u00f3 mucho para educar a los ni\u00f1os a trav\u00e9s del teatro de t\u00edteres, incluso muchas veces desafiando muchos inconvenientes que surg\u00edan en una presentaci\u00f3n y por eso agradezco al Centro Cultural de Rinconada de Silva y a la Agrupaci\u00f3n Putaendo Hist\u00f3rico por acordarse de mi padre, quien incluso fue invitado a exponer en Francia, oferta que rechaz\u00f3 s\u00f3lo por miedo a volar, pero dedic\u00f3 gran parte de su vida a la ense\u00f1anza y sobre todo a su querido Putaendo\u00bb, coment\u00f3.<br \/>\nPor su parte, el Concejal Carlos Gallardo, indic\u00f3 que se tiene una deuda con la historia de Putaendo y sus personajes, \u00aben ese sentido creo que el municipio est\u00e1 al debe, hoy tenemos fuertes organizaciones culturales que han venido realizando un trabajo de excelencia y comparto el hecho que falta mucho apoyo (&#8230;) Tengo que destacar este homenaje, ya que Don Aldo permanece en la memoria de muchas generaciones que a\u00fan recordamos su trabajo, la preocupaci\u00f3n que ten\u00eda por los ni\u00f1os y es lamentable que en Putaendo no haya tenido el homenaje que merec\u00eda, desconozco los motivos por los cuales no se hizo, pero si fue por razones pol\u00edticas me parece una ridiculez\u00bb, agreg\u00f3 el edil.<br \/>\nFinalmente, tal como lo se\u00f1alaron los asistentes, por un momento volvieron a disfrutar como ni\u00f1os al sostener por una vez m\u00e1s los recordados t\u00edteres de Don Aldo, que m\u00e1s de una sonrisa arrancaron a generaciones de ni\u00f1os que pudieron conocer su interesante obra y el gran legado que dej\u00f3 en Putaendo.<br \/>\nPatricio Gallardo M.<\/p>\n","protected":false},"excerpt":{"rendered":"<p>PUTAENDO.&#8211; En un ambiente cargado de emotividad y recuerdos, el Centro de Expresi\u00f3n y Desarrollo Cultural de Rinconada de Silva y la Agrupaci\u00f3n Putaendo Hist\u00f3rico, rindieron un homenaje p\u00f3stumo al recordado titiritero&#8230;<\/p>\n","protected":false},"author":482,"featured_media":53772,"comment_status":"open","ping_status":"closed","sticky":false,"template":"","format":"standard","meta":{"advanced_seo_description":"","jetpack_seo_html_title":"","jetpack_seo_noindex":false,"_jetpack_memberships_contains_paid_content":false,"footnotes":""},"categories":[15],"tags":[],"class_list":["post-53771","post","type-post","status-publish","format-standard","has-post-thumbnail","hentry","category-comunidad"],"jetpack_featured_media_url":"https:\/\/i0.wp.com\/eltrabajo.cl\/portal\/wp-content\/uploads\/2014\/12\/Aldo1.jpg?fit=529%2C315&ssl=1","jetpack_sharing_enabled":true,"jetpack_likes_enabled":true,"jetpack-related-posts":[],"_links":{"self":[{"href":"https:\/\/eltrabajo.cl\/portal\/wp-json\/wp\/v2\/posts\/53771","targetHints":{"allow":["GET"]}}],"collection":[{"href":"https:\/\/eltrabajo.cl\/portal\/wp-json\/wp\/v2\/posts"}],"about":[{"href":"https:\/\/eltrabajo.cl\/portal\/wp-json\/wp\/v2\/types\/post"}],"author":[{"embeddable":true,"href":"https:\/\/eltrabajo.cl\/portal\/wp-json\/wp\/v2\/users\/482"}],"replies":[{"embeddable":true,"href":"https:\/\/eltrabajo.cl\/portal\/wp-json\/wp\/v2\/comments?post=53771"}],"version-history":[{"count":0,"href":"https:\/\/eltrabajo.cl\/portal\/wp-json\/wp\/v2\/posts\/53771\/revisions"}],"wp:featuredmedia":[{"embeddable":true,"href":"https:\/\/eltrabajo.cl\/portal\/wp-json\/wp\/v2\/media\/53772"}],"wp:attachment":[{"href":"https:\/\/eltrabajo.cl\/portal\/wp-json\/wp\/v2\/media?parent=53771"}],"wp:term":[{"taxonomy":"category","embeddable":true,"href":"https:\/\/eltrabajo.cl\/portal\/wp-json\/wp\/v2\/categories?post=53771"},{"taxonomy":"post_tag","embeddable":true,"href":"https:\/\/eltrabajo.cl\/portal\/wp-json\/wp\/v2\/tags?post=53771"}],"curies":[{"name":"wp","href":"https:\/\/api.w.org\/{rel}","templated":true}]}}