{"id":53775,"date":"2014-12-02T09:00:19","date_gmt":"2014-12-02T12:00:19","guid":{"rendered":"http:\/\/www.eltrabajo.cl\/portal\/?p=53775"},"modified":"2014-12-02T09:00:19","modified_gmt":"2014-12-02T12:00:19","slug":"escolares-felices-tras-su-viaje-culturales-a-santiago","status":"publish","type":"post","link":"https:\/\/eltrabajo.cl\/portal\/escolares-felices-tras-su-viaje-culturales-a-santiago\/","title":{"rendered":"Escolares felices tras su viaje culturales a Santiago"},"content":{"rendered":"<figure id=\"attachment_53776\" aria-describedby=\"caption-attachment-53776\" style=\"width: 529px\" class=\"wp-caption alignnone\"><a href=\"https:\/\/i0.wp.com\/www.eltrabajo.cl\/portal\/wp-content\/uploads\/2014\/12\/Paseos1.jpg\"><img data-recalc-dims=\"1\" loading=\"lazy\" decoding=\"async\" class=\"size-full wp-image-53776\" src=\"https:\/\/i0.wp.com\/www.eltrabajo.cl\/portal\/wp-content\/uploads\/2014\/12\/Paseos1.jpg?resize=529%2C431\" alt=\"Con gran alegr\u00eda han recibido los alumnos de las diferentes escuelas de la comuna de Catemu, la oportunidad de viajar a Santiago con motivo de finalizaci\u00f3n de a\u00f1o escolar 2014.\" width=\"529\" height=\"431\" srcset=\"https:\/\/i0.wp.com\/eltrabajo.cl\/portal\/wp-content\/uploads\/2014\/12\/Paseos1.jpg?w=529&amp;ssl=1 529w, https:\/\/i0.wp.com\/eltrabajo.cl\/portal\/wp-content\/uploads\/2014\/12\/Paseos1.jpg?resize=184%2C150&amp;ssl=1 184w, https:\/\/i0.wp.com\/eltrabajo.cl\/portal\/wp-content\/uploads\/2014\/12\/Paseos1.jpg?resize=300%2C244&amp;ssl=1 300w, https:\/\/i0.wp.com\/eltrabajo.cl\/portal\/wp-content\/uploads\/2014\/12\/Paseos1.jpg?resize=150%2C122&amp;ssl=1 150w, https:\/\/i0.wp.com\/eltrabajo.cl\/portal\/wp-content\/uploads\/2014\/12\/Paseos1.jpg?resize=400%2C325&amp;ssl=1 400w\" sizes=\"auto, (max-width: 529px) 100vw, 529px\" \/><\/a><figcaption id=\"caption-attachment-53776\" class=\"wp-caption-text\">Con gran alegr\u00eda han recibido los alumnos de las diferentes escuelas de la comuna de Catemu, la oportunidad de viajar a Santiago con motivo de finalizaci\u00f3n de a\u00f1o escolar 2014.<\/figcaption><\/figure>\n<p><strong>CATEMU<\/strong>.- Con gran alegr\u00eda han recibido los alumnos de las diferentes escuelas de la comuna de Catemu, la oportunidad que les han brindados sus directores y profesores con los viajes culturales que han realizado a Santiago con motivo de finalizaci\u00f3n de a\u00f1o escolar 2014.<br \/>\nEstas actividades han sido coordinadas desde el Departamento de Educaci\u00f3n junto a los directores, beneficiando hasta el momento a todos los ni\u00f1os de las escuelas Mar\u00eda Teresa Del Canto Molina, El \u00d1ilhue, Santa Margarita, El Cobre La Colonia, San Jos\u00e9 y Rebeca Johnson, quienes han visitado principalmente el Bu\u00edn Zoo, el Museo Interactivo, planetario y hasta cine en 3D, lo que l\u00f3gicamente ha sido un est\u00edmulo para los alumnos, quienes disfrutan de todas estas actividades que no son habituales en su vida diaria.<br \/>\nEs importante destacar que todas estas acciones tienen cero costos para los alumnos y para los apoderados ya que hoy d\u00eda los establecimientos educacionales poseen recursos provenientes de la ley de subvenci\u00f3n especial lo que permite realizar todas estas actividades culturales en beneficio directo a los alumnos.<\/p>\n","protected":false},"excerpt":{"rendered":"<p>CATEMU.- Con gran alegr\u00eda han recibido los alumnos de las diferentes escuelas de la comuna de Catemu, la oportunidad que les han brindados sus directores y profesores con los viajes culturales que&#8230;<\/p>\n","protected":false},"author":482,"featured_media":53776,"comment_status":"open","ping_status":"closed","sticky":false,"template":"","format":"standard","meta":{"advanced_seo_description":"","jetpack_seo_html_title":"","jetpack_seo_noindex":false,"_jetpack_memberships_contains_paid_content":false,"footnotes":""},"categories":[15],"tags":[],"class_list":["post-53775","post","type-post","status-publish","format-standard","has-post-thumbnail","hentry","category-comunidad"],"jetpack_featured_media_url":"https:\/\/i0.wp.com\/eltrabajo.cl\/portal\/wp-content\/uploads\/2014\/12\/Paseos1.jpg?fit=529%2C431&ssl=1","jetpack_sharing_enabled":true,"jetpack_likes_enabled":true,"jetpack-related-posts":[],"_links":{"self":[{"href":"https:\/\/eltrabajo.cl\/portal\/wp-json\/wp\/v2\/posts\/53775","targetHints":{"allow":["GET"]}}],"collection":[{"href":"https:\/\/eltrabajo.cl\/portal\/wp-json\/wp\/v2\/posts"}],"about":[{"href":"https:\/\/eltrabajo.cl\/portal\/wp-json\/wp\/v2\/types\/post"}],"author":[{"embeddable":true,"href":"https:\/\/eltrabajo.cl\/portal\/wp-json\/wp\/v2\/users\/482"}],"replies":[{"embeddable":true,"href":"https:\/\/eltrabajo.cl\/portal\/wp-json\/wp\/v2\/comments?post=53775"}],"version-history":[{"count":0,"href":"https:\/\/eltrabajo.cl\/portal\/wp-json\/wp\/v2\/posts\/53775\/revisions"}],"wp:featuredmedia":[{"embeddable":true,"href":"https:\/\/eltrabajo.cl\/portal\/wp-json\/wp\/v2\/media\/53776"}],"wp:attachment":[{"href":"https:\/\/eltrabajo.cl\/portal\/wp-json\/wp\/v2\/media?parent=53775"}],"wp:term":[{"taxonomy":"category","embeddable":true,"href":"https:\/\/eltrabajo.cl\/portal\/wp-json\/wp\/v2\/categories?post=53775"},{"taxonomy":"post_tag","embeddable":true,"href":"https:\/\/eltrabajo.cl\/portal\/wp-json\/wp\/v2\/tags?post=53775"}],"curies":[{"name":"wp","href":"https:\/\/api.w.org\/{rel}","templated":true}]}}