{"id":53781,"date":"2014-12-02T09:02:32","date_gmt":"2014-12-02T12:02:32","guid":{"rendered":"http:\/\/www.eltrabajo.cl\/portal\/?p=53781"},"modified":"2014-12-02T09:02:32","modified_gmt":"2014-12-02T12:02:32","slug":"con-torneo-inter-escolar-finaliza-ano-ajedrecistico-en-san-felipe","status":"publish","type":"post","link":"https:\/\/eltrabajo.cl\/portal\/con-torneo-inter-escolar-finaliza-ano-ajedrecistico-en-san-felipe\/","title":{"rendered":"Con torneo inter-escolar finaliza a\u00f1o ajedrec\u00edstico en San Felipe"},"content":{"rendered":"<figure id=\"attachment_53782\" aria-describedby=\"caption-attachment-53782\" style=\"width: 529px\" class=\"wp-caption alignnone\"><a href=\"https:\/\/i0.wp.com\/www.eltrabajo.cl\/portal\/wp-content\/uploads\/2014\/12\/Ajedrez1.jpg\"><img data-recalc-dims=\"1\" loading=\"lazy\" decoding=\"async\" class=\"size-full wp-image-53782\" src=\"https:\/\/i0.wp.com\/www.eltrabajo.cl\/portal\/wp-content\/uploads\/2014\/12\/Ajedrez1.jpg?resize=529%2C334\" alt=\"Con este evento se dio t\u00e9rmino al a\u00f1o ajedrec\u00edstico escolar, destacando como hito ajedrec\u00edstico la venida del Gran Maestro Internacional Iv\u00e1n Morovic al  Valle Aconcagua.\" width=\"529\" height=\"334\" srcset=\"https:\/\/i0.wp.com\/eltrabajo.cl\/portal\/wp-content\/uploads\/2014\/12\/Ajedrez1.jpg?w=529&amp;ssl=1 529w, https:\/\/i0.wp.com\/eltrabajo.cl\/portal\/wp-content\/uploads\/2014\/12\/Ajedrez1.jpg?resize=200%2C126&amp;ssl=1 200w, https:\/\/i0.wp.com\/eltrabajo.cl\/portal\/wp-content\/uploads\/2014\/12\/Ajedrez1.jpg?resize=300%2C189&amp;ssl=1 300w, https:\/\/i0.wp.com\/eltrabajo.cl\/portal\/wp-content\/uploads\/2014\/12\/Ajedrez1.jpg?resize=150%2C94&amp;ssl=1 150w, https:\/\/i0.wp.com\/eltrabajo.cl\/portal\/wp-content\/uploads\/2014\/12\/Ajedrez1.jpg?resize=400%2C252&amp;ssl=1 400w\" sizes=\"auto, (max-width: 529px) 100vw, 529px\" \/><\/a><figcaption id=\"caption-attachment-53782\" class=\"wp-caption-text\">Con este evento se dio t\u00e9rmino al a\u00f1o ajedrec\u00edstico escolar, destacando como hito ajedrec\u00edstico la venida del Gran Maestro Internacional Iv\u00e1n Morovic al Valle Aconcagua.<\/figcaption><\/figure>\n<p>El jueves pasado se desarroll\u00f3 el s\u00e9ptimo torneo de ajedrez inter-escolar en el Colegio Alem\u00e1n de San Felipe, en dicho evento participaron colegios del Valle Aconcagua tales como Colegio Jos\u00e9 de San Mart\u00edn, Buen Pastor, Vedruna, Liceo Industrial, Liceo Mixto, Colegio Curim\u00f3n, Instituto Chacabuco y el colegio anfitri\u00f3n, dando un total de 70 competidores divididos en tres categor\u00edas, los estudiantes participaron en tres rondas que se prolongaron hasta las 18:00 horas aproximadamente.<br \/>\nA pesar del intenso calor tanto competidores como las familias que los acompa\u00f1aron, disfrutaron de este encuentro del deporte ciencia. Con este evento se dio t\u00e9rmino al a\u00f1o ajedrec\u00edstico escolar, destacando como hito ajedrec\u00edstico la venida del Gran Maestro Internacional Iv\u00e1n Morovic al Valle Aconcagua.<br \/>\n<strong>Categor\u00eda de seis a nueve a\u00f1os<\/strong><br \/>\n1.- Primer Lugar: Rodrigo Sandoval (C.A.)<br \/>\n2.- Segundo Lugar: M\u00e1ximo Urrea (C.A.)<br \/>\n3.- Tercer Lugar: Mart\u00edn Godoy (Colegio Jos\u00e9 de San Mart\u00edn)<br \/>\n<strong>Categor\u00eda de diez a doce a\u00f1os<\/strong><br \/>\n1.- Primer Lugar: Nicol\u00e1s Toledo (C.A.)<br \/>\n2.- Segundo Lugar: Arturo Avenda\u00f1o (Colegio Jos\u00e9 de San Mart\u00edn)<br \/>\n3.- Tercer Lugar: Wladimir C\u00f3rdova (Colegio Vedruna)<br \/>\n<strong>Categor\u00eda de trece a 18 a\u00f1os<\/strong><br \/>\n1.- Primer Lugar: David Gu\u00ed\u00f1ez (Liceo Industrial)<br \/>\n2.- Segundo Lugar: Delier Raymonsson ( Liceo Industrial)<br \/>\n3.- Tercer Lugar: Vittorio Porfiri (Colegio Curim\u00f3n)<br \/>\n<strong>Premios Especiales<\/strong><br \/>\n1.- Santiago Urrutia (C.A.)<br \/>\n2. &#8211; Vasco Urrutia (C.A.)<br \/>\n3.- Crist\u00f3bal Baumann (C.A.)<br \/>\n4.- Renato Silva (C.A.)<br \/>\n5.- Joaqu\u00edn Parra (C.A.)<br \/>\n6.- Emilio Toledo (C.A.)<br \/>\n7.- Hugo Nieto (C.A.)<br \/>\n8.- Petra Le\u00f3n (C.A.)<br \/>\n9.- Felipe Gallardo (C.A.)<br \/>\n10.- Renato Neira (Colegio Vedruna)<br \/>\n11.- Kar\u00edm Saud (Instituto Chacabuco)<\/p>\n","protected":false},"excerpt":{"rendered":"<p>El jueves pasado se desarroll\u00f3 el s\u00e9ptimo torneo de ajedrez inter-escolar en el Colegio Alem\u00e1n de San Felipe, en dicho evento participaron colegios del Valle Aconcagua tales como Colegio Jos\u00e9 de San&#8230;<\/p>\n","protected":false},"author":482,"featured_media":53782,"comment_status":"open","ping_status":"closed","sticky":false,"template":"","format":"standard","meta":{"advanced_seo_description":"","jetpack_seo_html_title":"","jetpack_seo_noindex":false,"_jetpack_memberships_contains_paid_content":false,"footnotes":""},"categories":[15],"tags":[],"class_list":["post-53781","post","type-post","status-publish","format-standard","has-post-thumbnail","hentry","category-comunidad"],"jetpack_featured_media_url":"https:\/\/i0.wp.com\/eltrabajo.cl\/portal\/wp-content\/uploads\/2014\/12\/Ajedrez1.jpg?fit=529%2C334&ssl=1","jetpack_sharing_enabled":true,"jetpack_likes_enabled":true,"jetpack-related-posts":[],"_links":{"self":[{"href":"https:\/\/eltrabajo.cl\/portal\/wp-json\/wp\/v2\/posts\/53781","targetHints":{"allow":["GET"]}}],"collection":[{"href":"https:\/\/eltrabajo.cl\/portal\/wp-json\/wp\/v2\/posts"}],"about":[{"href":"https:\/\/eltrabajo.cl\/portal\/wp-json\/wp\/v2\/types\/post"}],"author":[{"embeddable":true,"href":"https:\/\/eltrabajo.cl\/portal\/wp-json\/wp\/v2\/users\/482"}],"replies":[{"embeddable":true,"href":"https:\/\/eltrabajo.cl\/portal\/wp-json\/wp\/v2\/comments?post=53781"}],"version-history":[{"count":0,"href":"https:\/\/eltrabajo.cl\/portal\/wp-json\/wp\/v2\/posts\/53781\/revisions"}],"wp:featuredmedia":[{"embeddable":true,"href":"https:\/\/eltrabajo.cl\/portal\/wp-json\/wp\/v2\/media\/53782"}],"wp:attachment":[{"href":"https:\/\/eltrabajo.cl\/portal\/wp-json\/wp\/v2\/media?parent=53781"}],"wp:term":[{"taxonomy":"category","embeddable":true,"href":"https:\/\/eltrabajo.cl\/portal\/wp-json\/wp\/v2\/categories?post=53781"},{"taxonomy":"post_tag","embeddable":true,"href":"https:\/\/eltrabajo.cl\/portal\/wp-json\/wp\/v2\/tags?post=53781"}],"curies":[{"name":"wp","href":"https:\/\/api.w.org\/{rel}","templated":true}]}}