{"id":53794,"date":"2014-12-02T09:12:52","date_gmt":"2014-12-02T12:12:52","guid":{"rendered":"http:\/\/www.eltrabajo.cl\/portal\/?p=53794"},"modified":"2014-12-02T09:12:52","modified_gmt":"2014-12-02T12:12:52","slug":"vecinos-levantan-y-equipan-mediagua-para-vecino-que-perdio-todo-en-incendio","status":"publish","type":"post","link":"https:\/\/eltrabajo.cl\/portal\/vecinos-levantan-y-equipan-mediagua-para-vecino-que-perdio-todo-en-incendio\/","title":{"rendered":"Vecinos levantan y equipan mediagua para vecino que perdi\u00f3 todo en incendio"},"content":{"rendered":"<figure id=\"attachment_53797\" aria-describedby=\"caption-attachment-53797\" style=\"width: 300px\" class=\"wp-caption alignleft\"><a href=\"https:\/\/i0.wp.com\/www.eltrabajo.cl\/portal\/wp-content\/uploads\/2014\/12\/Nelson1.jpg\"><img data-recalc-dims=\"1\" loading=\"lazy\" decoding=\"async\" class=\"wp-image-53797 size-medium\" src=\"https:\/\/i0.wp.com\/www.eltrabajo.cl\/portal\/wp-content\/uploads\/2014\/12\/Nelson1-300x203.jpg?resize=300%2C203\" alt=\"Nelson Contreras agradeci\u00f3 con humildad la solidaridad de sus vecinos y los medios de comunicaci\u00f3n que le han apoyado.\" width=\"300\" height=\"203\" srcset=\"https:\/\/i0.wp.com\/eltrabajo.cl\/portal\/wp-content\/uploads\/2014\/12\/Nelson1.jpg?resize=300%2C203&amp;ssl=1 300w, https:\/\/i0.wp.com\/eltrabajo.cl\/portal\/wp-content\/uploads\/2014\/12\/Nelson1.jpg?resize=200%2C135&amp;ssl=1 200w, https:\/\/i0.wp.com\/eltrabajo.cl\/portal\/wp-content\/uploads\/2014\/12\/Nelson1.jpg?resize=150%2C101&amp;ssl=1 150w, https:\/\/i0.wp.com\/eltrabajo.cl\/portal\/wp-content\/uploads\/2014\/12\/Nelson1.jpg?resize=400%2C270&amp;ssl=1 400w, https:\/\/i0.wp.com\/eltrabajo.cl\/portal\/wp-content\/uploads\/2014\/12\/Nelson1.jpg?w=529&amp;ssl=1 529w\" sizes=\"auto, (max-width: 300px) 100vw, 300px\" \/><\/a><figcaption id=\"caption-attachment-53797\" class=\"wp-caption-text\">Nelson Contreras agradeci\u00f3 con humildad la solidaridad de sus vecinos y los medios de comunicaci\u00f3n que le han apoyado.<\/figcaption><\/figure>\n<p><strong>PUTAENDO<\/strong>.- Un verdadero ejemplo de solidaridad, amor y cari\u00f1o brind\u00f3 gran parte de la comunidad a Don Nelson Contreras, quien perdi\u00f3 su casa y todos sus enceres en el voraz incendio registrado la tarde del mi\u00e9rcoles en Calle Los Copihues de Granallas.<br \/>\nRadio FM Vida comenz\u00f3 en forma inmediata una campa\u00f1a para ayudar a reunir la mayor cantidad de enceres para Don Nelson Contreras y la respuesta no se hizo esperar, ya que muchos vecinos llegaban hasta el mismo lugar siniestrado y otros hasta los estudios de la emisora, con ayuda en mercader\u00eda, ropa y enceres que permitieron que don Nelson tuviera un nuevo comienzo.<br \/>\nPor su parte, funcionarios municipales retiraron los escombros de la vivienda siniestrada y el municipio gestion\u00f3 la llegada de una mediagua, a lo que se sumaron varios paneles de madera donados por un particular,<br \/>\nDesde el d\u00eda viernes y hasta pr\u00e1cticamente este domingo, m\u00e1s de diez vecinos destinaron largas horas para levantar la mediagua y dejarla en condiciones de habitabilidad, en un trabajo extenso y de mucho esfuerzo que reuni\u00f3 a j\u00f3venes y adultos, entre los cuales trabaj\u00f3 extensamente el Concejal Sergio Zamora.<br \/>\nDon Nelson Contreras fue visitado por nuestro medio la ma\u00f1ana del s\u00e1bado y visiblemente emocionado agradeci\u00f3 a todos quienes de una u otra forma le han ayudado, e indic\u00f3 que despu\u00e9s de la tremenda angustia que le signific\u00f3 ver como se quemaba todas sus pertenencias, el cari\u00f1o de la comunidad le ha hecho mirar que tiene una nueva oportunidad y que debe seguir adelante.<br \/>\nPatricio Gallardo M.<\/p>\n<div class=\"tiled-gallery type-rectangular tiled-gallery-unresized\" data-original-width=\"640\" data-carousel-extra='null' itemscope itemtype=\"http:\/\/schema.org\/ImageGallery\" > <div class=\"gallery-row\" style=\"width: 640px; height: 218px;\" data-original-width=\"640\" data-original-height=\"218\" > <div class=\"gallery-group images-1\" style=\"width: 320px; height: 218px;\" data-original-width=\"320\" data-original-height=\"218\" > <div class=\"tiled-gallery-item tiled-gallery-item-large\" itemprop=\"associatedMedia\" itemscope itemtype=\"http:\/\/schema.org\/ImageObject\"> <a href=\"https:\/\/eltrabajo.cl\/portal\/vecinos-levantan-y-equipan-mediagua-para-vecino-que-perdio-todo-en-incendio\/mediagua1\/\" border=\"0\" itemprop=\"url\"> <meta itemprop=\"width\" content=\"316\"> <meta itemprop=\"height\" content=\"214\"> <img decoding=\"async\" class=\"\" data-attachment-id=\"53795\" data-orig-file=\"https:\/\/eltrabajo.cl\/portal\/wp-content\/uploads\/2014\/12\/Mediagua1.jpg\" data-orig-size=\"529,358\" data-comments-opened=\"1\" data-image-meta=\"{&quot;aperture&quot;:&quot;0&quot;,&quot;credit&quot;:&quot;&quot;,&quot;camera&quot;:&quot;&quot;,&quot;caption&quot;:&quot;&quot;,&quot;created_timestamp&quot;:&quot;0&quot;,&quot;copyright&quot;:&quot;[wopmind]&quot;,&quot;focal_length&quot;:&quot;0&quot;,&quot;iso&quot;:&quot;0&quot;,&quot;shutter_speed&quot;:&quot;0&quot;,&quot;title&quot;:&quot;&quot;,&quot;orientation&quot;:&quot;0&quot;}\" data-image-title=\"Mediagua1\" data-image-description=\"&lt;p&gt;Un verdadero ejemplo de solidaridad, amor y cari\u00f1o brind\u00f3 gran parte de la comunidad a Don Nelson Contreras, quien perdi\u00f3 su casa y todos sus enceres en el voraz incendio registrado la tarde del mi\u00e9rcoles en Calle Los Copihues de Granallas.&lt;\/p&gt; \" data-medium-file=\"https:\/\/i0.wp.com\/eltrabajo.cl\/portal\/wp-content\/uploads\/2014\/12\/Mediagua1.jpg?fit=300%2C203&#038;ssl=1\" data-large-file=\"https:\/\/i0.wp.com\/eltrabajo.cl\/portal\/wp-content\/uploads\/2014\/12\/Mediagua1.jpg?fit=529%2C358&#038;ssl=1\" src=\"https:\/\/i0.wp.com\/eltrabajo.cl\/portal\/wp-content\/uploads\/2014\/12\/Mediagua1.jpg?w=316&#038;h=214&#038;ssl=1\" srcset=\"https:\/\/i0.wp.com\/eltrabajo.cl\/portal\/wp-content\/uploads\/2014\/12\/Mediagua1.jpg?w=529&amp;ssl=1 529w, https:\/\/i0.wp.com\/eltrabajo.cl\/portal\/wp-content\/uploads\/2014\/12\/Mediagua1.jpg?resize=200%2C135&amp;ssl=1 200w, https:\/\/i0.wp.com\/eltrabajo.cl\/portal\/wp-content\/uploads\/2014\/12\/Mediagua1.jpg?resize=300%2C203&amp;ssl=1 300w, https:\/\/i0.wp.com\/eltrabajo.cl\/portal\/wp-content\/uploads\/2014\/12\/Mediagua1.jpg?resize=150%2C101&amp;ssl=1 150w, https:\/\/i0.wp.com\/eltrabajo.cl\/portal\/wp-content\/uploads\/2014\/12\/Mediagua1.jpg?resize=400%2C270&amp;ssl=1 400w\" width=\"316\" height=\"214\" loading=\"lazy\" data-original-width=\"316\" data-original-height=\"214\" itemprop=\"http:\/\/schema.org\/image\" title=\"Mediagua1\" alt=\"Un verdadero ejemplo de solidaridad, amor y cari\u00f1o brind\u00f3 gran parte de la comunidad a Don Nelson Contreras, quien perdi\u00f3 su casa y todos sus enceres en el voraz incendio registrado la tarde del mi\u00e9rcoles en Calle Los Copihues de Granallas.\" style=\"width: 316px; height: 214px;\" \/> <\/a> <div class=\"tiled-gallery-caption\" itemprop=\"caption description\"> Un verdadero ejemplo de solidaridad, amor y cari\u00f1o brind\u00f3 gran parte de la comunidad a Don Nelson Contreras, quien perdi\u00f3 su casa y todos sus enceres en el voraz incendio registrado la tarde del mi\u00e9rcoles en Calle Los Copihues de Granallas. <\/div> <\/div> <\/div> <!-- close group --> <div class=\"gallery-group images-1\" style=\"width: 320px; height: 218px;\" data-original-width=\"320\" data-original-height=\"218\" > <div class=\"tiled-gallery-item tiled-gallery-item-large\" itemprop=\"associatedMedia\" itemscope itemtype=\"http:\/\/schema.org\/ImageObject\"> <a href=\"https:\/\/eltrabajo.cl\/portal\/vecinos-levantan-y-equipan-mediagua-para-vecino-que-perdio-todo-en-incendio\/mediagua2-2\/\" border=\"0\" itemprop=\"url\"> <meta itemprop=\"width\" content=\"316\"> <meta itemprop=\"height\" content=\"214\"> <img decoding=\"async\" class=\"\" data-attachment-id=\"53796\" data-orig-file=\"https:\/\/eltrabajo.cl\/portal\/wp-content\/uploads\/2014\/12\/Mediagua2.jpg\" data-orig-size=\"529,358\" data-comments-opened=\"1\" data-image-meta=\"{&quot;aperture&quot;:&quot;0&quot;,&quot;credit&quot;:&quot;&quot;,&quot;camera&quot;:&quot;&quot;,&quot;caption&quot;:&quot;&quot;,&quot;created_timestamp&quot;:&quot;0&quot;,&quot;copyright&quot;:&quot;[wopmind]&quot;,&quot;focal_length&quot;:&quot;0&quot;,&quot;iso&quot;:&quot;0&quot;,&quot;shutter_speed&quot;:&quot;0&quot;,&quot;title&quot;:&quot;&quot;,&quot;orientation&quot;:&quot;0&quot;}\" data-image-title=\"Mediagua2\" data-image-description=\"&lt;p&gt;Desde el d\u00eda viernes y hasta pr\u00e1cticamente este domingo, m\u00e1s de diez vecinos destinaron largas horas para levantar la mediagua y dejarla en condiciones de habitabilidad.&lt;\/p&gt; \" data-medium-file=\"https:\/\/i0.wp.com\/eltrabajo.cl\/portal\/wp-content\/uploads\/2014\/12\/Mediagua2.jpg?fit=300%2C203&#038;ssl=1\" data-large-file=\"https:\/\/i0.wp.com\/eltrabajo.cl\/portal\/wp-content\/uploads\/2014\/12\/Mediagua2.jpg?fit=529%2C358&#038;ssl=1\" src=\"https:\/\/i0.wp.com\/eltrabajo.cl\/portal\/wp-content\/uploads\/2014\/12\/Mediagua2.jpg?w=316&#038;h=214&#038;ssl=1\" srcset=\"https:\/\/i0.wp.com\/eltrabajo.cl\/portal\/wp-content\/uploads\/2014\/12\/Mediagua2.jpg?w=529&amp;ssl=1 529w, https:\/\/i0.wp.com\/eltrabajo.cl\/portal\/wp-content\/uploads\/2014\/12\/Mediagua2.jpg?resize=200%2C135&amp;ssl=1 200w, https:\/\/i0.wp.com\/eltrabajo.cl\/portal\/wp-content\/uploads\/2014\/12\/Mediagua2.jpg?resize=300%2C203&amp;ssl=1 300w, https:\/\/i0.wp.com\/eltrabajo.cl\/portal\/wp-content\/uploads\/2014\/12\/Mediagua2.jpg?resize=150%2C101&amp;ssl=1 150w, https:\/\/i0.wp.com\/eltrabajo.cl\/portal\/wp-content\/uploads\/2014\/12\/Mediagua2.jpg?resize=400%2C270&amp;ssl=1 400w\" width=\"316\" height=\"214\" loading=\"lazy\" data-original-width=\"316\" data-original-height=\"214\" itemprop=\"http:\/\/schema.org\/image\" title=\"Mediagua2\" alt=\"Desde el d\u00eda viernes y hasta pr\u00e1cticamente este domingo, m\u00e1s de diez vecinos destinaron largas horas para levantar la mediagua y dejarla en condiciones de habitabilidad.\" style=\"width: 316px; height: 214px;\" \/> <\/a> <div class=\"tiled-gallery-caption\" itemprop=\"caption description\"> Desde el d\u00eda viernes y hasta pr\u00e1cticamente este domingo, m\u00e1s de diez vecinos destinaron largas horas para levantar la mediagua y dejarla en condiciones de habitabilidad. <\/div> <\/div> <\/div> <!-- close group --> <\/div> <!-- close row --> <\/div>\n","protected":false},"excerpt":{"rendered":"<p>PUTAENDO.- Un verdadero ejemplo de solidaridad, amor y cari\u00f1o brind\u00f3 gran parte de la comunidad a Don Nelson Contreras, quien perdi\u00f3 su casa y todos sus enceres en el voraz incendio registrado&#8230;<\/p>\n","protected":false},"author":482,"featured_media":53797,"comment_status":"open","ping_status":"closed","sticky":false,"template":"","format":"standard","meta":{"advanced_seo_description":"","jetpack_seo_html_title":"","jetpack_seo_noindex":false,"_jetpack_memberships_contains_paid_content":false,"footnotes":""},"categories":[15],"tags":[],"class_list":["post-53794","post","type-post","status-publish","format-standard","has-post-thumbnail","hentry","category-comunidad"],"jetpack_featured_media_url":"https:\/\/i0.wp.com\/eltrabajo.cl\/portal\/wp-content\/uploads\/2014\/12\/Nelson1.jpg?fit=529%2C358&ssl=1","jetpack_sharing_enabled":true,"jetpack_likes_enabled":true,"jetpack-related-posts":[],"_links":{"self":[{"href":"https:\/\/eltrabajo.cl\/portal\/wp-json\/wp\/v2\/posts\/53794","targetHints":{"allow":["GET"]}}],"collection":[{"href":"https:\/\/eltrabajo.cl\/portal\/wp-json\/wp\/v2\/posts"}],"about":[{"href":"https:\/\/eltrabajo.cl\/portal\/wp-json\/wp\/v2\/types\/post"}],"author":[{"embeddable":true,"href":"https:\/\/eltrabajo.cl\/portal\/wp-json\/wp\/v2\/users\/482"}],"replies":[{"embeddable":true,"href":"https:\/\/eltrabajo.cl\/portal\/wp-json\/wp\/v2\/comments?post=53794"}],"version-history":[{"count":0,"href":"https:\/\/eltrabajo.cl\/portal\/wp-json\/wp\/v2\/posts\/53794\/revisions"}],"wp:featuredmedia":[{"embeddable":true,"href":"https:\/\/eltrabajo.cl\/portal\/wp-json\/wp\/v2\/media\/53797"}],"wp:attachment":[{"href":"https:\/\/eltrabajo.cl\/portal\/wp-json\/wp\/v2\/media?parent=53794"}],"wp:term":[{"taxonomy":"category","embeddable":true,"href":"https:\/\/eltrabajo.cl\/portal\/wp-json\/wp\/v2\/categories?post=53794"},{"taxonomy":"post_tag","embeddable":true,"href":"https:\/\/eltrabajo.cl\/portal\/wp-json\/wp\/v2\/tags?post=53794"}],"curies":[{"name":"wp","href":"https:\/\/api.w.org\/{rel}","templated":true}]}}