{"id":53811,"date":"2014-12-02T09:21:06","date_gmt":"2014-12-02T12:21:06","guid":{"rendered":"http:\/\/www.eltrabajo.cl\/portal\/?p=53811"},"modified":"2014-12-02T09:21:06","modified_gmt":"2014-12-02T12:21:06","slug":"le-propinan-paliza-a-ciclista-que-le-robo-a-una-mujer","status":"publish","type":"post","link":"https:\/\/eltrabajo.cl\/portal\/le-propinan-paliza-a-ciclista-que-le-robo-a-una-mujer\/","title":{"rendered":"Le propinan paliza a ciclista que le rob\u00f3 a una mujer"},"content":{"rendered":"<figure id=\"attachment_53812\" aria-describedby=\"caption-attachment-53812\" style=\"width: 400px\" class=\"wp-caption alignleft\"><a href=\"https:\/\/i0.wp.com\/www.eltrabajo.cl\/portal\/wp-content\/uploads\/2014\/12\/detencion-ciudadana.jpg\"><img data-recalc-dims=\"1\" loading=\"lazy\" decoding=\"async\" class=\"wp-image-53812\" src=\"https:\/\/i0.wp.com\/www.eltrabajo.cl\/portal\/wp-content\/uploads\/2014\/12\/detencion-ciudadana.jpg?resize=400%2C270\" alt=\"En detenci\u00f3n ciudadana el ciclista fue golpeado por los vecinos tras ser acusado del robo de la cartera a una mujer que transitaba por Calle Prat en la comuna de San Felipe la noche del domingo. (Foto Referencial).\" width=\"400\" height=\"270\" srcset=\"https:\/\/i0.wp.com\/eltrabajo.cl\/portal\/wp-content\/uploads\/2014\/12\/detencion-ciudadana.jpg?w=529&amp;ssl=1 529w, https:\/\/i0.wp.com\/eltrabajo.cl\/portal\/wp-content\/uploads\/2014\/12\/detencion-ciudadana.jpg?resize=200%2C134&amp;ssl=1 200w, https:\/\/i0.wp.com\/eltrabajo.cl\/portal\/wp-content\/uploads\/2014\/12\/detencion-ciudadana.jpg?resize=300%2C202&amp;ssl=1 300w, https:\/\/i0.wp.com\/eltrabajo.cl\/portal\/wp-content\/uploads\/2014\/12\/detencion-ciudadana.jpg?resize=150%2C101&amp;ssl=1 150w, https:\/\/i0.wp.com\/eltrabajo.cl\/portal\/wp-content\/uploads\/2014\/12\/detencion-ciudadana.jpg?resize=400%2C269&amp;ssl=1 400w\" sizes=\"auto, (max-width: 400px) 100vw, 400px\" \/><\/a><figcaption id=\"caption-attachment-53812\" class=\"wp-caption-text\">En detenci\u00f3n ciudadana el ciclista fue golpeado por los vecinos tras ser acusado del robo de la cartera a una mujer que transitaba por Calle Prat en la comuna de San Felipe la noche del domingo. (Foto Referencial).<\/figcaption><\/figure>\n<p>Una dura paliza recibi\u00f3 un delincuente luego de haber cometido en forma violenta el robo de la cartera de una mujer que se desplazaba por calle Prat a pasos del centro de la comuna de San Felipe pasadas las 21:00 horas del domingo, instantes en que la mujer pidi\u00f3 auxilio en forma telef\u00f3nica a su esposo, quien junto a un grupo de vecinos lograron retener al antisocial que escapaba a bordo de su bicicleta, propin\u00e1ndole una golpiza que recordar\u00e1 el resto de su vida.<br \/>\nEl hecho desat\u00f3 bastante conmoci\u00f3n entre los ciudadanos que transitaban a esas horas de la noche, cuando a la v\u00edctima sorpresivamente le fue arrebatada su cartera que colgaba desde su hombro derecho, en cuyo interior conten\u00eda dinero en efectivo, documentaci\u00f3n personal y otras especies.<br \/>\nSeg\u00fan se pudo conocer, el imputado identificado como Segundo Hern\u00e1n Ortizaga Hevia, de 36 a\u00f1os de edad, se movilizaba a bordo de una bicicleta para acercarse a la afectada y empujarla para arrebatarle la especie.<br \/>\nA consecuencia de lo anterior, la v\u00edctima tom\u00f3 r\u00e1pidamente su tel\u00e9fono celular para comunicarse con su esposo y relatarle lo sucedido, detallando las caracter\u00edsticas f\u00edsicas y de vestimentas del malhechor que la atac\u00f3 desmedidamente, resultando con un esguince en su mu\u00f1eca derecha y una contusi\u00f3n en la rodilla.<br \/>\nFue en esos momentos que Segundo Ortizaga se desplazaba en direcci\u00f3n a Poblaci\u00f3n Pedro Aguirre Cerda de San Felipe, cuando el esposo de la afectada y un grupo de vecinos se abalanzaron sobre el ladr\u00f3n para quitarle la cartera, recibiendo golpes de pies y pu\u00f1os por su acci\u00f3n en contra de la mujer, quien debi\u00f3 ser asistida en el Servicio de Urgencias del Hospital San Camilo.<br \/>\nLuego de darle el duro escarmiento en calle Carmen Conde esquina Jos\u00e9 Cruz de Zenteno, el esposo de la v\u00edctima, a eso de las 22:00 horas del domingo, dio cuenta de los hechos a los carabineros, a quienes les fue entregado el imputado Segundo Ortizaga, domiciliado en sector Hacienda de Quilpu\u00e9.<br \/>\nCabe se\u00f1alar que si bien la delincuencia es un flagelo que se ha instaurado de manera progresiva en la comuna de San Felipe, desde la instituci\u00f3n de Carabineros se aconseja no realizar este tipo de pr\u00e1cticas defensivas de tomar la justicia por las propias manos, toda vez que los antisociales podr\u00edan mantener armas de fuego en su poder, lo que significar\u00eda un episodio con graves consecuencias.<br \/>\nEsta t\u00e9cnica conocida en las Polic\u00edas como \u2018Bici Chorro\u2019, se ha comenzado a instaurar en las grandes ciudades y en el \u00faltimo tiempo en la comuna de San Felipe, cuyos delincuentes se movilizan en bicicletas incluso hasta en motos, para cometer robos por sorpresa a los transe\u00fantes, quienes en cuesti\u00f3n de segundos pasan a ser victimas de estos sujetos cuyas denuncias son por la p\u00e9rdidas de tel\u00e9fonos celulares, bolsos y carteras.<br \/>\nSin embargo el detenido Ortizaga Hevia fue requerido por la Fiscal\u00eda de San Felipe para ser formalizado en el Juzgado de Garant\u00eda por el delito de Robo por sorpresa. Al no mantener antecedentes en su hoja de vida, el Fiscal Julio Palacios requiri\u00f3 ante el tribunal las cautelares de Firma Mensual en Carabineros de San Felipe y Prohibici\u00f3n de acercarse a la v\u00edctima mientras se investiga el caso.<br \/>\nPablo Salinas Sald\u00edas<\/p>\n","protected":false},"excerpt":{"rendered":"<p>Una dura paliza recibi\u00f3 un delincuente luego de haber cometido en forma violenta el robo de la cartera de una mujer que se desplazaba por calle Prat a pasos del centro de&#8230;<\/p>\n","protected":false},"author":482,"featured_media":53812,"comment_status":"open","ping_status":"closed","sticky":false,"template":"","format":"standard","meta":{"advanced_seo_description":"","jetpack_seo_html_title":"","jetpack_seo_noindex":false,"_jetpack_memberships_contains_paid_content":false,"footnotes":""},"categories":[21],"tags":[],"class_list":["post-53811","post","type-post","status-publish","format-standard","has-post-thumbnail","hentry","category-policial"],"jetpack_featured_media_url":"https:\/\/i0.wp.com\/eltrabajo.cl\/portal\/wp-content\/uploads\/2014\/12\/detencion-ciudadana.jpg?fit=529%2C357&ssl=1","jetpack_sharing_enabled":true,"jetpack_likes_enabled":true,"jetpack-related-posts":[],"_links":{"self":[{"href":"https:\/\/eltrabajo.cl\/portal\/wp-json\/wp\/v2\/posts\/53811","targetHints":{"allow":["GET"]}}],"collection":[{"href":"https:\/\/eltrabajo.cl\/portal\/wp-json\/wp\/v2\/posts"}],"about":[{"href":"https:\/\/eltrabajo.cl\/portal\/wp-json\/wp\/v2\/types\/post"}],"author":[{"embeddable":true,"href":"https:\/\/eltrabajo.cl\/portal\/wp-json\/wp\/v2\/users\/482"}],"replies":[{"embeddable":true,"href":"https:\/\/eltrabajo.cl\/portal\/wp-json\/wp\/v2\/comments?post=53811"}],"version-history":[{"count":0,"href":"https:\/\/eltrabajo.cl\/portal\/wp-json\/wp\/v2\/posts\/53811\/revisions"}],"wp:featuredmedia":[{"embeddable":true,"href":"https:\/\/eltrabajo.cl\/portal\/wp-json\/wp\/v2\/media\/53812"}],"wp:attachment":[{"href":"https:\/\/eltrabajo.cl\/portal\/wp-json\/wp\/v2\/media?parent=53811"}],"wp:term":[{"taxonomy":"category","embeddable":true,"href":"https:\/\/eltrabajo.cl\/portal\/wp-json\/wp\/v2\/categories?post=53811"},{"taxonomy":"post_tag","embeddable":true,"href":"https:\/\/eltrabajo.cl\/portal\/wp-json\/wp\/v2\/tags?post=53811"}],"curies":[{"name":"wp","href":"https:\/\/api.w.org\/{rel}","templated":true}]}}